{"id":146,"date":"2025-07-16T10:36:29","date_gmt":"2025-07-16T08:36:29","guid":{"rendered":"https:\/\/nuestrosescritores.com\/santiagovillar\/?p=146"},"modified":"2025-07-16T11:19:08","modified_gmt":"2025-07-16T09:19:08","slug":"critica-literaria-revista-poesia-eres-tu","status":"publish","type":"post","link":"https:\/\/nuestrosescritores.com\/santiagovillar\/2025\/07\/16\/critica-literaria-revista-poesia-eres-tu\/","title":{"rendered":"Cr\u00edtica literaria. Revista Poes\u00eda eres t\u00fa"},"content":{"rendered":"<p>Fuente: <a href=\"https:\/\/poesiaerestu.com\/revista\/critica-literaria-el-cielo-en-la-tierra-de-santiago-villar-pallas\/\">Revista Poes\u00eda eres t\u00fa<\/a><\/p>\n<p><a href=\"https:\/\/poesiaerestu.com\/revista\/critica-literaria-el-cielo-en-la-tierra-de-santiago-villar-pallas\/\"><img fetchpriority=\"high\" decoding=\"async\" class=\"alignnone wp-image-147\" src=\"http:\/\/nuestrosescritores.com\/santiagovillar\/wp-content\/uploads\/sites\/204\/2025\/07\/FireShot-Capture-006-CRITICA-LITERARIA_-_EL-CIELO-EN-LA-TIERRA_-DE-SANTIAGO-VILLAR-PALLA_-poesiaerestu.com_-scaled.png\" alt=\"\" width=\"977\" height=\"3558\" srcset=\"https:\/\/nuestrosescritores.com\/santiagovillar\/wp-content\/uploads\/sites\/204\/2025\/07\/FireShot-Capture-006-CRITICA-LITERARIA_-_EL-CIELO-EN-LA-TIERRA_-DE-SANTIAGO-VILLAR-PALLA_-poesiaerestu.com_-scaled.png 703w, https:\/\/nuestrosescritores.com\/santiagovillar\/wp-content\/uploads\/sites\/204\/2025\/07\/FireShot-Capture-006-CRITICA-LITERARIA_-_EL-CIELO-EN-LA-TIERRA_-DE-SANTIAGO-VILLAR-PALLA_-poesiaerestu.com_-422x1536.png 422w, https:\/\/nuestrosescritores.com\/santiagovillar\/wp-content\/uploads\/sites\/204\/2025\/07\/FireShot-Capture-006-CRITICA-LITERARIA_-_EL-CIELO-EN-LA-TIERRA_-DE-SANTIAGO-VILLAR-PALLA_-poesiaerestu.com_-562x2048.png 562w, https:\/\/nuestrosescritores.com\/santiagovillar\/wp-content\/uploads\/sites\/204\/2025\/07\/FireShot-Capture-006-CRITICA-LITERARIA_-_EL-CIELO-EN-LA-TIERRA_-DE-SANTIAGO-VILLAR-PALLA_-poesiaerestu.com_-500x1821.png 500w\" sizes=\"(max-width: 977px) 100vw, 977px\" \/><\/a><\/p>\n","protected":false},"excerpt":{"rendered":"<p>Cr\u00edtica literar\u00eda aparecida en la Revista Poes\u00eda eres t\u00fa sobre el libro El Cielo en la tierra de Santiago Villar Pall\u00e1s<\/p>\n","protected":false},"author":1,"featured_media":147,"comment_status":"closed","ping_status":"closed","sticky":false,"template":"","format":"standard","meta":{"_acf_changed":false,"footnotes":""},"categories":[6],"tags":[],"class_list":["post-146","post","type-post","status-publish","format-standard","has-post-thumbnail","hentry","category-noticias"],"acf":[],"yoast_head":"<!-- This site is optimized with the Yoast SEO Premium plugin v24.7 (Yoast SEO v27.5) - https:\/\/yoast.com\/product\/yoast-seo-premium-wordpress\/ -->\n<title>Cr\u00edtica literaria. Revista Poes\u00eda eres t\u00fa - Santiago Villar Pall\u00e1s<\/title>\n<meta name=\"description\" content=\"Cr\u00edtica literar\u00eda aparecida en la Revista Poes\u00eda eres t\u00fa sobre el libro El Cielo en la tierra de Santiago Villar Pall\u00e1s\" \/>\n<meta name=\"robots\" content=\"index, follow, max-snippet:-1, max-image-preview:large, max-video-preview:-1\" \/>\n<link rel=\"canonical\" href=\"https:\/\/nuestrosescritores.com\/santiagovillar\/2025\/07\/16\/critica-literaria-revista-poesia-eres-tu\/\" \/>\n<meta property=\"og:locale\" content=\"es_ES\" \/>\n<meta property=\"og:type\" content=\"article\" \/>\n<meta property=\"og:title\" content=\"Cr\u00edtica literaria. Revista Poes\u00eda eres t\u00fa\" \/>\n<meta property=\"og:description\" content=\"Cr\u00edtica literar\u00eda aparecida en la Revista Poes\u00eda eres t\u00fa sobre el libro El Cielo en la tierra de Santiago Villar Pall\u00e1s\" \/>\n<meta property=\"og:url\" content=\"https:\/\/nuestrosescritores.com\/santiagovillar\/2025\/07\/16\/critica-literaria-revista-poesia-eres-tu\/\" \/>\n<meta property=\"og:site_name\" content=\"Santiago Villar Pall\u00e1s\" \/>\n<meta property=\"article:published_time\" content=\"2025-07-16T08:36:29+00:00\" \/>\n<meta property=\"article:modified_time\" content=\"2025-07-16T09:19:08+00:00\" \/>\n<meta property=\"og:image\" content=\"http:\/\/nuestrosescritores.com\/santiagovillar\/wp-content\/uploads\/sites\/204\/2025\/07\/FireShot-Capture-006-CRITICA-LITERARIA_-_EL-CIELO-EN-LA-TIERRA_-DE-SANTIAGO-VILLAR-PALLA_-poesiaerestu.com_-scaled.png\" \/>\n\t<meta property=\"og:image:width\" content=\"703\" \/>\n\t<meta property=\"og:image:height\" content=\"2560\" \/>\n\t<meta property=\"og:image:type\" content=\"image\/png\" \/>\n<meta name=\"author\" content=\"Javierpah\" \/>\n<meta name=\"twitter:card\" content=\"summary_large_image\" \/>\n<meta name=\"twitter:label1\" content=\"Escrito por\" \/>\n\t<meta name=\"twitter:data1\" content=\"Javierpah\" \/>\n\t<meta name=\"twitter:label2\" content=\"Tiempo de lectura\" \/>\n\t<meta name=\"twitter:data2\" content=\"1 minuto\" \/>\n<script type=\"application\/ld+json\" class=\"yoast-schema-graph\">{\"@context\":\"https:\\\/\\\/schema.org\",\"@graph\":[{\"@type\":\"Article\",\"@id\":\"https:\\\/\\\/nuestrosescritores.com\\\/santiagovillar\\\/2025\\\/07\\\/16\\\/critica-literaria-revista-poesia-eres-tu\\\/#article\",\"isPartOf\":{\"@id\":\"https:\\\/\\\/nuestrosescritores.com\\\/santiagovillar\\\/2025\\\/07\\\/16\\\/critica-literaria-revista-poesia-eres-tu\\\/\"},\"author\":{\"name\":\"Javierpah\",\"@id\":\"https:\\\/\\\/nuestrosescritores.com\\\/santiagovillar\\\/#\\\/schema\\\/person\\\/eeae205ced613630f5aac210989ea6eb\"},\"headline\":\"Cr\u00edtica literaria. Revista Poes\u00eda eres t\u00fa\",\"datePublished\":\"2025-07-16T08:36:29+00:00\",\"dateModified\":\"2025-07-16T09:19:08+00:00\",\"mainEntityOfPage\":{\"@id\":\"https:\\\/\\\/nuestrosescritores.com\\\/santiagovillar\\\/2025\\\/07\\\/16\\\/critica-literaria-revista-poesia-eres-tu\\\/\"},\"wordCount\":14,\"image\":{\"@id\":\"https:\\\/\\\/nuestrosescritores.com\\\/santiagovillar\\\/2025\\\/07\\\/16\\\/critica-literaria-revista-poesia-eres-tu\\\/#primaryimage\"},\"thumbnailUrl\":\"https:\\\/\\\/nuestrosescritores.com\\\/santiagovillar\\\/wp-content\\\/uploads\\\/sites\\\/204\\\/2025\\\/07\\\/FireShot-Capture-006-CRITICA-LITERARIA_-_EL-CIELO-EN-LA-TIERRA_-DE-SANTIAGO-VILLAR-PALLA_-poesiaerestu.com_-scaled.png\",\"articleSection\":[\"Noticias\"],\"inLanguage\":\"es\",\"copyrightYear\":\"2025\",\"copyrightHolder\":{\"@id\":\"https:\\\/\\\/nuestrosescritores.com\\\/#organization\"}},{\"@type\":\"WebPage\",\"@id\":\"https:\\\/\\\/nuestrosescritores.com\\\/santiagovillar\\\/2025\\\/07\\\/16\\\/critica-literaria-revista-poesia-eres-tu\\\/\",\"url\":\"https:\\\/\\\/nuestrosescritores.com\\\/santiagovillar\\\/2025\\\/07\\\/16\\\/critica-literaria-revista-poesia-eres-tu\\\/\",\"name\":\"Cr\u00edtica literaria. Revista Poes\u00eda eres t\u00fa - Santiago Villar Pall\u00e1s\",\"isPartOf\":{\"@id\":\"https:\\\/\\\/nuestrosescritores.com\\\/santiagovillar\\\/#website\"},\"primaryImageOfPage\":{\"@id\":\"https:\\\/\\\/nuestrosescritores.com\\\/santiagovillar\\\/2025\\\/07\\\/16\\\/critica-literaria-revista-poesia-eres-tu\\\/#primaryimage\"},\"image\":{\"@id\":\"https:\\\/\\\/nuestrosescritores.com\\\/santiagovillar\\\/2025\\\/07\\\/16\\\/critica-literaria-revista-poesia-eres-tu\\\/#primaryimage\"},\"thumbnailUrl\":\"https:\\\/\\\/nuestrosescritores.com\\\/santiagovillar\\\/wp-content\\\/uploads\\\/sites\\\/204\\\/2025\\\/07\\\/FireShot-Capture-006-CRITICA-LITERARIA_-_EL-CIELO-EN-LA-TIERRA_-DE-SANTIAGO-VILLAR-PALLA_-poesiaerestu.com_-scaled.png\",\"datePublished\":\"2025-07-16T08:36:29+00:00\",\"dateModified\":\"2025-07-16T09:19:08+00:00\",\"author\":{\"@id\":\"https:\\\/\\\/nuestrosescritores.com\\\/santiagovillar\\\/#\\\/schema\\\/person\\\/eeae205ced613630f5aac210989ea6eb\"},\"description\":\"Cr\u00edtica literar\u00eda aparecida en la Revista Poes\u00eda eres t\u00fa sobre el libro El Cielo en la tierra de Santiago Villar Pall\u00e1s\",\"breadcrumb\":{\"@id\":\"https:\\\/\\\/nuestrosescritores.com\\\/santiagovillar\\\/2025\\\/07\\\/16\\\/critica-literaria-revista-poesia-eres-tu\\\/#breadcrumb\"},\"inLanguage\":\"es\",\"potentialAction\":[{\"@type\":\"ReadAction\",\"target\":[\"https:\\\/\\\/nuestrosescritores.com\\\/santiagovillar\\\/2025\\\/07\\\/16\\\/critica-literaria-revista-poesia-eres-tu\\\/\"]}]},{\"@type\":\"ImageObject\",\"inLanguage\":\"es\",\"@id\":\"https:\\\/\\\/nuestrosescritores.com\\\/santiagovillar\\\/2025\\\/07\\\/16\\\/critica-literaria-revista-poesia-eres-tu\\\/#primaryimage\",\"url\":\"https:\\\/\\\/nuestrosescritores.com\\\/santiagovillar\\\/wp-content\\\/uploads\\\/sites\\\/204\\\/2025\\\/07\\\/FireShot-Capture-006-CRITICA-LITERARIA_-_EL-CIELO-EN-LA-TIERRA_-DE-SANTIAGO-VILLAR-PALLA_-poesiaerestu.com_-scaled.png\",\"contentUrl\":\"https:\\\/\\\/nuestrosescritores.com\\\/santiagovillar\\\/wp-content\\\/uploads\\\/sites\\\/204\\\/2025\\\/07\\\/FireShot-Capture-006-CRITICA-LITERARIA_-_EL-CIELO-EN-LA-TIERRA_-DE-SANTIAGO-VILLAR-PALLA_-poesiaerestu.com_-scaled.png\",\"width\":703,\"height\":2560},{\"@type\":\"BreadcrumbList\",\"@id\":\"https:\\\/\\\/nuestrosescritores.com\\\/santiagovillar\\\/2025\\\/07\\\/16\\\/critica-literaria-revista-poesia-eres-tu\\\/#breadcrumb\",\"itemListElement\":[{\"@type\":\"ListItem\",\"position\":1,\"name\":\"Portada\",\"item\":\"https:\\\/\\\/nuestrosescritores.com\\\/santiagovillar\\\/\"},{\"@type\":\"ListItem\",\"position\":2,\"name\":\"Cr\u00edtica literaria. Revista Poes\u00eda eres t\u00fa\"}]},{\"@type\":\"WebSite\",\"@id\":\"https:\\\/\\\/nuestrosescritores.com\\\/santiagovillar\\\/#website\",\"url\":\"https:\\\/\\\/nuestrosescritores.com\\\/santiagovillar\\\/\",\"name\":\"Nuestros escritores\",\"description\":\"Escritor\",\"potentialAction\":[{\"@type\":\"SearchAction\",\"target\":{\"@type\":\"EntryPoint\",\"urlTemplate\":\"https:\\\/\\\/nuestrosescritores.com\\\/santiagovillar\\\/?s={search_term_string}\"},\"query-input\":{\"@type\":\"PropertyValueSpecification\",\"valueRequired\":true,\"valueName\":\"search_term_string\"}}],\"inLanguage\":\"es\"},{\"@type\":\"Person\",\"@id\":\"https:\\\/\\\/nuestrosescritores.com\\\/santiagovillar\\\/#\\\/schema\\\/person\\\/eeae205ced613630f5aac210989ea6eb\",\"name\":\"Javierpah\",\"image\":{\"@type\":\"ImageObject\",\"inLanguage\":\"es\",\"@id\":\"https:\\\/\\\/secure.gravatar.com\\\/avatar\\\/1cb55a5bd8d6824519e46b552e84b03575857cc9c4d6333824d2f95d82129f50?s=96&d=mm&r=g\",\"url\":\"https:\\\/\\\/secure.gravatar.com\\\/avatar\\\/1cb55a5bd8d6824519e46b552e84b03575857cc9c4d6333824d2f95d82129f50?s=96&d=mm&r=g\",\"contentUrl\":\"https:\\\/\\\/secure.gravatar.com\\\/avatar\\\/1cb55a5bd8d6824519e46b552e84b03575857cc9c4d6333824d2f95d82129f50?s=96&d=mm&r=g\",\"caption\":\"Javierpah\"}}]}<\/script>\n<!-- \/ Yoast SEO Premium plugin. -->","yoast_head_json":{"title":"Cr\u00edtica literaria. Revista Poes\u00eda eres t\u00fa - Santiago Villar Pall\u00e1s","description":"Cr\u00edtica literar\u00eda aparecida en la Revista Poes\u00eda eres t\u00fa sobre el libro El Cielo en la tierra de Santiago Villar Pall\u00e1s","robots":{"index":"index","follow":"follow","max-snippet":"max-snippet:-1","max-image-preview":"max-image-preview:large","max-video-preview":"max-video-preview:-1"},"canonical":"https:\/\/nuestrosescritores.com\/santiagovillar\/2025\/07\/16\/critica-literaria-revista-poesia-eres-tu\/","og_locale":"es_ES","og_type":"article","og_title":"Cr\u00edtica literaria. Revista Poes\u00eda eres t\u00fa","og_description":"Cr\u00edtica literar\u00eda aparecida en la Revista Poes\u00eda eres t\u00fa sobre el libro El Cielo en la tierra de Santiago Villar Pall\u00e1s","og_url":"https:\/\/nuestrosescritores.com\/santiagovillar\/2025\/07\/16\/critica-literaria-revista-poesia-eres-tu\/","og_site_name":"Santiago Villar Pall\u00e1s","article_published_time":"2025-07-16T08:36:29+00:00","article_modified_time":"2025-07-16T09:19:08+00:00","og_image":[{"width":703,"height":2560,"url":"http:\/\/nuestrosescritores.com\/santiagovillar\/wp-content\/uploads\/sites\/204\/2025\/07\/FireShot-Capture-006-CRITICA-LITERARIA_-_EL-CIELO-EN-LA-TIERRA_-DE-SANTIAGO-VILLAR-PALLA_-poesiaerestu.com_-scaled.png","type":"image\/png"}],"author":"Javierpah","twitter_card":"summary_large_image","twitter_misc":{"Escrito por":"Javierpah","Tiempo de lectura":"1 minuto"},"schema":{"@context":"https:\/\/schema.org","@graph":[{"@type":"Article","@id":"https:\/\/nuestrosescritores.com\/santiagovillar\/2025\/07\/16\/critica-literaria-revista-poesia-eres-tu\/#article","isPartOf":{"@id":"https:\/\/nuestrosescritores.com\/santiagovillar\/2025\/07\/16\/critica-literaria-revista-poesia-eres-tu\/"},"author":{"name":"Javierpah","@id":"https:\/\/nuestrosescritores.com\/santiagovillar\/#\/schema\/person\/eeae205ced613630f5aac210989ea6eb"},"headline":"Cr\u00edtica literaria. Revista Poes\u00eda eres t\u00fa","datePublished":"2025-07-16T08:36:29+00:00","dateModified":"2025-07-16T09:19:08+00:00","mainEntityOfPage":{"@id":"https:\/\/nuestrosescritores.com\/santiagovillar\/2025\/07\/16\/critica-literaria-revista-poesia-eres-tu\/"},"wordCount":14,"image":{"@id":"https:\/\/nuestrosescritores.com\/santiagovillar\/2025\/07\/16\/critica-literaria-revista-poesia-eres-tu\/#primaryimage"},"thumbnailUrl":"https:\/\/nuestrosescritores.com\/santiagovillar\/wp-content\/uploads\/sites\/204\/2025\/07\/FireShot-Capture-006-CRITICA-LITERARIA_-_EL-CIELO-EN-LA-TIERRA_-DE-SANTIAGO-VILLAR-PALLA_-poesiaerestu.com_-scaled.png","articleSection":["Noticias"],"inLanguage":"es","copyrightYear":"2025","copyrightHolder":{"@id":"https:\/\/nuestrosescritores.com\/#organization"}},{"@type":"WebPage","@id":"https:\/\/nuestrosescritores.com\/santiagovillar\/2025\/07\/16\/critica-literaria-revista-poesia-eres-tu\/","url":"https:\/\/nuestrosescritores.com\/santiagovillar\/2025\/07\/16\/critica-literaria-revista-poesia-eres-tu\/","name":"Cr\u00edtica literaria. Revista Poes\u00eda eres t\u00fa - Santiago Villar Pall\u00e1s","isPartOf":{"@id":"https:\/\/nuestrosescritores.com\/santiagovillar\/#website"},"primaryImageOfPage":{"@id":"https:\/\/nuestrosescritores.com\/santiagovillar\/2025\/07\/16\/critica-literaria-revista-poesia-eres-tu\/#primaryimage"},"image":{"@id":"https:\/\/nuestrosescritores.com\/santiagovillar\/2025\/07\/16\/critica-literaria-revista-poesia-eres-tu\/#primaryimage"},"thumbnailUrl":"https:\/\/nuestrosescritores.com\/santiagovillar\/wp-content\/uploads\/sites\/204\/2025\/07\/FireShot-Capture-006-CRITICA-LITERARIA_-_EL-CIELO-EN-LA-TIERRA_-DE-SANTIAGO-VILLAR-PALLA_-poesiaerestu.com_-scaled.png","datePublished":"2025-07-16T08:36:29+00:00","dateModified":"2025-07-16T09:19:08+00:00","author":{"@id":"https:\/\/nuestrosescritores.com\/santiagovillar\/#\/schema\/person\/eeae205ced613630f5aac210989ea6eb"},"description":"Cr\u00edtica literar\u00eda aparecida en la Revista Poes\u00eda eres t\u00fa sobre el libro El Cielo en la tierra de Santiago Villar Pall\u00e1s","breadcrumb":{"@id":"https:\/\/nuestrosescritores.com\/santiagovillar\/2025\/07\/16\/critica-literaria-revista-poesia-eres-tu\/#breadcrumb"},"inLanguage":"es","potentialAction":[{"@type":"ReadAction","target":["https:\/\/nuestrosescritores.com\/santiagovillar\/2025\/07\/16\/critica-literaria-revista-poesia-eres-tu\/"]}]},{"@type":"ImageObject","inLanguage":"es","@id":"https:\/\/nuestrosescritores.com\/santiagovillar\/2025\/07\/16\/critica-literaria-revista-poesia-eres-tu\/#primaryimage","url":"https:\/\/nuestrosescritores.com\/santiagovillar\/wp-content\/uploads\/sites\/204\/2025\/07\/FireShot-Capture-006-CRITICA-LITERARIA_-_EL-CIELO-EN-LA-TIERRA_-DE-SANTIAGO-VILLAR-PALLA_-poesiaerestu.com_-scaled.png","contentUrl":"https:\/\/nuestrosescritores.com\/santiagovillar\/wp-content\/uploads\/sites\/204\/2025\/07\/FireShot-Capture-006-CRITICA-LITERARIA_-_EL-CIELO-EN-LA-TIERRA_-DE-SANTIAGO-VILLAR-PALLA_-poesiaerestu.com_-scaled.png","width":703,"height":2560},{"@type":"BreadcrumbList","@id":"https:\/\/nuestrosescritores.com\/santiagovillar\/2025\/07\/16\/critica-literaria-revista-poesia-eres-tu\/#breadcrumb","itemListElement":[{"@type":"ListItem","position":1,"name":"Portada","item":"https:\/\/nuestrosescritores.com\/santiagovillar\/"},{"@type":"ListItem","position":2,"name":"Cr\u00edtica literaria. Revista Poes\u00eda eres t\u00fa"}]},{"@type":"WebSite","@id":"https:\/\/nuestrosescritores.com\/santiagovillar\/#website","url":"https:\/\/nuestrosescritores.com\/santiagovillar\/","name":"Nuestros escritores","description":"Escritor","potentialAction":[{"@type":"SearchAction","target":{"@type":"EntryPoint","urlTemplate":"https:\/\/nuestrosescritores.com\/santiagovillar\/?s={search_term_string}"},"query-input":{"@type":"PropertyValueSpecification","valueRequired":true,"valueName":"search_term_string"}}],"inLanguage":"es"},{"@type":"Person","@id":"https:\/\/nuestrosescritores.com\/santiagovillar\/#\/schema\/person\/eeae205ced613630f5aac210989ea6eb","name":"Javierpah","image":{"@type":"ImageObject","inLanguage":"es","@id":"https:\/\/secure.gravatar.com\/avatar\/1cb55a5bd8d6824519e46b552e84b03575857cc9c4d6333824d2f95d82129f50?s=96&d=mm&r=g","url":"https:\/\/secure.gravatar.com\/avatar\/1cb55a5bd8d6824519e46b552e84b03575857cc9c4d6333824d2f95d82129f50?s=96&d=mm&r=g","contentUrl":"https:\/\/secure.gravatar.com\/avatar\/1cb55a5bd8d6824519e46b552e84b03575857cc9c4d6333824d2f95d82129f50?s=96&d=mm&r=g","caption":"Javierpah"}}]}},"_links":{"self":[{"href":"https:\/\/nuestrosescritores.com\/santiagovillar\/wp-json\/wp\/v2\/posts\/146","targetHints":{"allow":["GET"]}}],"collection":[{"href":"https:\/\/nuestrosescritores.com\/santiagovillar\/wp-json\/wp\/v2\/posts"}],"about":[{"href":"https:\/\/nuestrosescritores.com\/santiagovillar\/wp-json\/wp\/v2\/types\/post"}],"author":[{"embeddable":true,"href":"https:\/\/nuestrosescritores.com\/santiagovillar\/wp-json\/wp\/v2\/users\/1"}],"replies":[{"embeddable":true,"href":"https:\/\/nuestrosescritores.com\/santiagovillar\/wp-json\/wp\/v2\/comments?post=146"}],"version-history":[{"count":0,"href":"https:\/\/nuestrosescritores.com\/santiagovillar\/wp-json\/wp\/v2\/posts\/146\/revisions"}],"wp:featuredmedia":[{"embeddable":true,"href":"https:\/\/nuestrosescritores.com\/santiagovillar\/wp-json\/wp\/v2\/media\/147"}],"wp:attachment":[{"href":"https:\/\/nuestrosescritores.com\/santiagovillar\/wp-json\/wp\/v2\/media?parent=146"}],"wp:term":[{"taxonomy":"category","embeddable":true,"href":"https:\/\/nuestrosescritores.com\/santiagovillar\/wp-json\/wp\/v2\/categories?post=146"},{"taxonomy":"post_tag","embeddable":true,"href":"https:\/\/nuestrosescritores.com\/santiagovillar\/wp-json\/wp\/v2\/tags?post=146"}],"curies":[{"name":"wp","href":"https:\/\/api.w.org\/{rel}","templated":true}]}}