{"id":181,"date":"2024-06-08T09:58:27","date_gmt":"2024-06-08T07:58:27","guid":{"rendered":"https:\/\/nuestrosescritores.com\/pilarquilez\/?p=181"},"modified":"2024-06-08T10:01:10","modified_gmt":"2024-06-08T08:01:10","slug":"7television-maria-pilar-perez-quilez-explora-la-identidad-y-el-conflicto-norirlandes-en-la-nacionalidad-del-peinado","status":"publish","type":"post","link":"https:\/\/nuestrosescritores.com\/pilarquilez\/2024\/06\/08\/7television-maria-pilar-perez-quilez-explora-la-identidad-y-el-conflicto-norirlandes-en-la-nacionalidad-del-peinado\/","title":{"rendered":"7Televisi\u00f3n: Mar\u00eda Pilar P\u00e9rez Qu\u00edlez explora la identidad y el conflicto norirland\u00e9s en &#8220;La nacionalidad del peinado&#8221;"},"content":{"rendered":"<p><a href=\"https:\/\/www.la7tv.es\/video\/cultura\/ma-pilar-perez-quilez-explora-conflicto-norirlandes-nacionalidad-peinado\/20240607105931039483.html\">https:\/\/www.la7tv.es\/video\/cultura\/ma-pilar-perez-quilez-explora-conflicto-norirlandes-nacionalidad-peinado\/20240607105931039483.html<\/a><\/p>\n<p><iframe title=\"YouTube video player\" src=\"https:\/\/www.youtube.com\/embed\/rj7ph3Rac_8?si=KTNs9AbZqWCp8LYW\" width=\"560\" height=\"315\" frameborder=\"0\" allowfullscreen=\"allowfullscreen\"><\/iframe><br \/>\n<img fetchpriority=\"high\" decoding=\"async\" class=\"alignnone size-full wp-image-182\" src=\"http:\/\/nuestrosescritores.com\/pilarquilez\/wp-content\/uploads\/sites\/169\/2024\/06\/FireShot-Capture-049-Maria-Pilar-Perez-Quilez-explora-la-identidad-y-el-conflicto-norirlan_-www.la7tv.es_.png\" alt=\"\" width=\"1680\" height=\"5648\" srcset=\"https:\/\/nuestrosescritores.com\/pilarquilez\/wp-content\/uploads\/sites\/169\/2024\/06\/FireShot-Capture-049-Maria-Pilar-Perez-Quilez-explora-la-identidad-y-el-conflicto-norirlan_-www.la7tv.es_.png 1680w, https:\/\/nuestrosescritores.com\/pilarquilez\/wp-content\/uploads\/sites\/169\/2024\/06\/FireShot-Capture-049-Maria-Pilar-Perez-Quilez-explora-la-identidad-y-el-conflicto-norirlan_-www.la7tv.es_-457x1536.png 457w, https:\/\/nuestrosescritores.com\/pilarquilez\/wp-content\/uploads\/sites\/169\/2024\/06\/FireShot-Capture-049-Maria-Pilar-Perez-Quilez-explora-la-identidad-y-el-conflicto-norirlan_-www.la7tv.es_-609x2048.png 609w, https:\/\/nuestrosescritores.com\/pilarquilez\/wp-content\/uploads\/sites\/169\/2024\/06\/FireShot-Capture-049-Maria-Pilar-Perez-Quilez-explora-la-identidad-y-el-conflicto-norirlan_-www.la7tv.es_-500x1681.png 500w\" sizes=\"(max-width: 1680px) 100vw, 1680px\" \/><\/p>\n","protected":false},"excerpt":{"rendered":"<p>https:\/\/www.la7tv.es\/video\/cultura\/ma-pilar-perez-quilez-explora-conflicto-norirlandes-nacionalidad-peinado\/20240607105931039483.html<\/p>\n","protected":false},"author":1,"featured_media":182,"comment_status":"closed","ping_status":"closed","sticky":false,"template":"","format":"standard","meta":{"_acf_changed":false,"footnotes":""},"categories":[6],"tags":[],"class_list":["post-181","post","type-post","status-publish","format-standard","has-post-thumbnail","hentry","category-noticias"],"acf":[],"yoast_head":"<!-- This site is optimized with the Yoast SEO Premium plugin v24.7 (Yoast SEO v27.5) - https:\/\/yoast.com\/product\/yoast-seo-premium-wordpress\/ -->\n<title>7Televisi\u00f3n: Mar\u00eda Pilar P\u00e9rez Qu\u00edlez explora la identidad y el conflicto norirland\u00e9s en &quot;La nacionalidad del peinado&quot; - Mar\u00eda Pilar P\u00e9rez Qu\u00edlez<\/title>\n<meta name=\"robots\" content=\"index, follow, max-snippet:-1, max-image-preview:large, max-video-preview:-1\" \/>\n<link rel=\"canonical\" href=\"https:\/\/nuestrosescritores.com\/pilarquilez\/2024\/06\/08\/7television-maria-pilar-perez-quilez-explora-la-identidad-y-el-conflicto-norirlandes-en-la-nacionalidad-del-peinado\/\" \/>\n<meta property=\"og:locale\" content=\"es_ES\" \/>\n<meta property=\"og:type\" content=\"article\" \/>\n<meta property=\"og:title\" content=\"7Televisi\u00f3n: Mar\u00eda Pilar P\u00e9rez Qu\u00edlez explora la identidad y el conflicto norirland\u00e9s en &quot;La nacionalidad del peinado&quot;\" \/>\n<meta property=\"og:description\" content=\"https:\/\/www.la7tv.es\/video\/cultura\/ma-pilar-perez-quilez-explora-conflicto-norirlandes-nacionalidad-peinado\/20240607105931039483.html\" \/>\n<meta property=\"og:url\" content=\"https:\/\/nuestrosescritores.com\/pilarquilez\/2024\/06\/08\/7television-maria-pilar-perez-quilez-explora-la-identidad-y-el-conflicto-norirlandes-en-la-nacionalidad-del-peinado\/\" \/>\n<meta property=\"og:site_name\" content=\"Mar\u00eda Pilar P\u00e9rez Qu\u00edlez\" \/>\n<meta property=\"article:published_time\" content=\"2024-06-08T07:58:27+00:00\" \/>\n<meta property=\"article:modified_time\" content=\"2024-06-08T08:01:10+00:00\" \/>\n<meta property=\"og:image\" content=\"http:\/\/nuestrosescritores.com\/pilarquilez\/wp-content\/uploads\/sites\/169\/2024\/06\/FireShot-Capture-049-Maria-Pilar-Perez-Quilez-explora-la-identidad-y-el-conflicto-norirlan_-www.la7tv.es_-1024x1024.png\" \/>\n\t<meta property=\"og:image:width\" content=\"1024\" \/>\n\t<meta property=\"og:image:height\" content=\"1024\" \/>\n\t<meta property=\"og:image:type\" content=\"image\/png\" \/>\n<meta name=\"author\" content=\"Javierpah\" \/>\n<meta name=\"twitter:card\" content=\"summary_large_image\" \/>\n<meta name=\"twitter:label1\" content=\"Escrito por\" \/>\n\t<meta name=\"twitter:data1\" content=\"Javierpah\" \/>\n\t<meta name=\"twitter:label2\" content=\"Tiempo de lectura\" \/>\n\t<meta name=\"twitter:data2\" content=\"1 minuto\" \/>\n<script type=\"application\/ld+json\" class=\"yoast-schema-graph\">{\"@context\":\"https:\\\/\\\/schema.org\",\"@graph\":[{\"@type\":\"Article\",\"@id\":\"https:\\\/\\\/nuestrosescritores.com\\\/pilarquilez\\\/2024\\\/06\\\/08\\\/7television-maria-pilar-perez-quilez-explora-la-identidad-y-el-conflicto-norirlandes-en-la-nacionalidad-del-peinado\\\/#article\",\"isPartOf\":{\"@id\":\"https:\\\/\\\/nuestrosescritores.com\\\/pilarquilez\\\/2024\\\/06\\\/08\\\/7television-maria-pilar-perez-quilez-explora-la-identidad-y-el-conflicto-norirlandes-en-la-nacionalidad-del-peinado\\\/\"},\"author\":{\"name\":\"Javierpah\",\"@id\":\"https:\\\/\\\/nuestrosescritores.com\\\/pilarquilez\\\/#\\\/schema\\\/person\\\/eeae205ced613630f5aac210989ea6eb\"},\"headline\":\"7Televisi\u00f3n: Mar\u00eda Pilar P\u00e9rez Qu\u00edlez explora la identidad y el conflicto norirland\u00e9s en &#8220;La nacionalidad del peinado&#8221;\",\"datePublished\":\"2024-06-08T07:58:27+00:00\",\"dateModified\":\"2024-06-08T08:01:10+00:00\",\"mainEntityOfPage\":{\"@id\":\"https:\\\/\\\/nuestrosescritores.com\\\/pilarquilez\\\/2024\\\/06\\\/08\\\/7television-maria-pilar-perez-quilez-explora-la-identidad-y-el-conflicto-norirlandes-en-la-nacionalidad-del-peinado\\\/\"},\"wordCount\":31,\"image\":{\"@id\":\"https:\\\/\\\/nuestrosescritores.com\\\/pilarquilez\\\/2024\\\/06\\\/08\\\/7television-maria-pilar-perez-quilez-explora-la-identidad-y-el-conflicto-norirlandes-en-la-nacionalidad-del-peinado\\\/#primaryimage\"},\"thumbnailUrl\":\"https:\\\/\\\/nuestrosescritores.com\\\/pilarquilez\\\/wp-content\\\/uploads\\\/sites\\\/169\\\/2024\\\/06\\\/FireShot-Capture-049-Maria-Pilar-Perez-Quilez-explora-la-identidad-y-el-conflicto-norirlan_-www.la7tv.es_.png\",\"articleSection\":[\"Noticias\"],\"inLanguage\":\"es\",\"copyrightYear\":\"2024\",\"copyrightHolder\":{\"@id\":\"https:\\\/\\\/nuestrosescritores.com\\\/#organization\"}},{\"@type\":\"WebPage\",\"@id\":\"https:\\\/\\\/nuestrosescritores.com\\\/pilarquilez\\\/2024\\\/06\\\/08\\\/7television-maria-pilar-perez-quilez-explora-la-identidad-y-el-conflicto-norirlandes-en-la-nacionalidad-del-peinado\\\/\",\"url\":\"https:\\\/\\\/nuestrosescritores.com\\\/pilarquilez\\\/2024\\\/06\\\/08\\\/7television-maria-pilar-perez-quilez-explora-la-identidad-y-el-conflicto-norirlandes-en-la-nacionalidad-del-peinado\\\/\",\"name\":\"7Televisi\u00f3n: Mar\u00eda Pilar P\u00e9rez Qu\u00edlez explora la identidad y el conflicto norirland\u00e9s en \\\"La nacionalidad del peinado\\\" - Mar\u00eda Pilar P\u00e9rez Qu\u00edlez\",\"isPartOf\":{\"@id\":\"https:\\\/\\\/nuestrosescritores.com\\\/pilarquilez\\\/#website\"},\"primaryImageOfPage\":{\"@id\":\"https:\\\/\\\/nuestrosescritores.com\\\/pilarquilez\\\/2024\\\/06\\\/08\\\/7television-maria-pilar-perez-quilez-explora-la-identidad-y-el-conflicto-norirlandes-en-la-nacionalidad-del-peinado\\\/#primaryimage\"},\"image\":{\"@id\":\"https:\\\/\\\/nuestrosescritores.com\\\/pilarquilez\\\/2024\\\/06\\\/08\\\/7television-maria-pilar-perez-quilez-explora-la-identidad-y-el-conflicto-norirlandes-en-la-nacionalidad-del-peinado\\\/#primaryimage\"},\"thumbnailUrl\":\"https:\\\/\\\/nuestrosescritores.com\\\/pilarquilez\\\/wp-content\\\/uploads\\\/sites\\\/169\\\/2024\\\/06\\\/FireShot-Capture-049-Maria-Pilar-Perez-Quilez-explora-la-identidad-y-el-conflicto-norirlan_-www.la7tv.es_.png\",\"datePublished\":\"2024-06-08T07:58:27+00:00\",\"dateModified\":\"2024-06-08T08:01:10+00:00\",\"author\":{\"@id\":\"https:\\\/\\\/nuestrosescritores.com\\\/pilarquilez\\\/#\\\/schema\\\/person\\\/eeae205ced613630f5aac210989ea6eb\"},\"breadcrumb\":{\"@id\":\"https:\\\/\\\/nuestrosescritores.com\\\/pilarquilez\\\/2024\\\/06\\\/08\\\/7television-maria-pilar-perez-quilez-explora-la-identidad-y-el-conflicto-norirlandes-en-la-nacionalidad-del-peinado\\\/#breadcrumb\"},\"inLanguage\":\"es\",\"potentialAction\":[{\"@type\":\"ReadAction\",\"target\":[\"https:\\\/\\\/nuestrosescritores.com\\\/pilarquilez\\\/2024\\\/06\\\/08\\\/7television-maria-pilar-perez-quilez-explora-la-identidad-y-el-conflicto-norirlandes-en-la-nacionalidad-del-peinado\\\/\"]}]},{\"@type\":\"ImageObject\",\"inLanguage\":\"es\",\"@id\":\"https:\\\/\\\/nuestrosescritores.com\\\/pilarquilez\\\/2024\\\/06\\\/08\\\/7television-maria-pilar-perez-quilez-explora-la-identidad-y-el-conflicto-norirlandes-en-la-nacionalidad-del-peinado\\\/#primaryimage\",\"url\":\"https:\\\/\\\/nuestrosescritores.com\\\/pilarquilez\\\/wp-content\\\/uploads\\\/sites\\\/169\\\/2024\\\/06\\\/FireShot-Capture-049-Maria-Pilar-Perez-Quilez-explora-la-identidad-y-el-conflicto-norirlan_-www.la7tv.es_.png\",\"contentUrl\":\"https:\\\/\\\/nuestrosescritores.com\\\/pilarquilez\\\/wp-content\\\/uploads\\\/sites\\\/169\\\/2024\\\/06\\\/FireShot-Capture-049-Maria-Pilar-Perez-Quilez-explora-la-identidad-y-el-conflicto-norirlan_-www.la7tv.es_.png\",\"width\":1680,\"height\":5648},{\"@type\":\"BreadcrumbList\",\"@id\":\"https:\\\/\\\/nuestrosescritores.com\\\/pilarquilez\\\/2024\\\/06\\\/08\\\/7television-maria-pilar-perez-quilez-explora-la-identidad-y-el-conflicto-norirlandes-en-la-nacionalidad-del-peinado\\\/#breadcrumb\",\"itemListElement\":[{\"@type\":\"ListItem\",\"position\":1,\"name\":\"Portada\",\"item\":\"https:\\\/\\\/nuestrosescritores.com\\\/pilarquilez\\\/\"},{\"@type\":\"ListItem\",\"position\":2,\"name\":\"7Televisi\u00f3n: Mar\u00eda Pilar P\u00e9rez Qu\u00edlez explora la identidad y el conflicto norirland\u00e9s en &#8220;La nacionalidad del peinado&#8221;\"}]},{\"@type\":\"WebSite\",\"@id\":\"https:\\\/\\\/nuestrosescritores.com\\\/pilarquilez\\\/#website\",\"url\":\"https:\\\/\\\/nuestrosescritores.com\\\/pilarquilez\\\/\",\"name\":\"Nuestros escritores\",\"description\":\"Escritora\",\"potentialAction\":[{\"@type\":\"SearchAction\",\"target\":{\"@type\":\"EntryPoint\",\"urlTemplate\":\"https:\\\/\\\/nuestrosescritores.com\\\/pilarquilez\\\/?s={search_term_string}\"},\"query-input\":{\"@type\":\"PropertyValueSpecification\",\"valueRequired\":true,\"valueName\":\"search_term_string\"}}],\"inLanguage\":\"es\"},{\"@type\":\"Person\",\"@id\":\"https:\\\/\\\/nuestrosescritores.com\\\/pilarquilez\\\/#\\\/schema\\\/person\\\/eeae205ced613630f5aac210989ea6eb\",\"name\":\"Javierpah\",\"image\":{\"@type\":\"ImageObject\",\"inLanguage\":\"es\",\"@id\":\"https:\\\/\\\/secure.gravatar.com\\\/avatar\\\/1cb55a5bd8d6824519e46b552e84b03575857cc9c4d6333824d2f95d82129f50?s=96&d=mm&r=g\",\"url\":\"https:\\\/\\\/secure.gravatar.com\\\/avatar\\\/1cb55a5bd8d6824519e46b552e84b03575857cc9c4d6333824d2f95d82129f50?s=96&d=mm&r=g\",\"contentUrl\":\"https:\\\/\\\/secure.gravatar.com\\\/avatar\\\/1cb55a5bd8d6824519e46b552e84b03575857cc9c4d6333824d2f95d82129f50?s=96&d=mm&r=g\",\"caption\":\"Javierpah\"}}]}<\/script>\n<!-- \/ Yoast SEO Premium plugin. -->","yoast_head_json":{"title":"7Televisi\u00f3n: Mar\u00eda Pilar P\u00e9rez Qu\u00edlez explora la identidad y el conflicto norirland\u00e9s en \"La nacionalidad del peinado\" - Mar\u00eda Pilar P\u00e9rez Qu\u00edlez","robots":{"index":"index","follow":"follow","max-snippet":"max-snippet:-1","max-image-preview":"max-image-preview:large","max-video-preview":"max-video-preview:-1"},"canonical":"https:\/\/nuestrosescritores.com\/pilarquilez\/2024\/06\/08\/7television-maria-pilar-perez-quilez-explora-la-identidad-y-el-conflicto-norirlandes-en-la-nacionalidad-del-peinado\/","og_locale":"es_ES","og_type":"article","og_title":"7Televisi\u00f3n: Mar\u00eda Pilar P\u00e9rez Qu\u00edlez explora la identidad y el conflicto norirland\u00e9s en \"La nacionalidad del peinado\"","og_description":"https:\/\/www.la7tv.es\/video\/cultura\/ma-pilar-perez-quilez-explora-conflicto-norirlandes-nacionalidad-peinado\/20240607105931039483.html","og_url":"https:\/\/nuestrosescritores.com\/pilarquilez\/2024\/06\/08\/7television-maria-pilar-perez-quilez-explora-la-identidad-y-el-conflicto-norirlandes-en-la-nacionalidad-del-peinado\/","og_site_name":"Mar\u00eda Pilar P\u00e9rez Qu\u00edlez","article_published_time":"2024-06-08T07:58:27+00:00","article_modified_time":"2024-06-08T08:01:10+00:00","og_image":[{"width":1024,"height":1024,"url":"http:\/\/nuestrosescritores.com\/pilarquilez\/wp-content\/uploads\/sites\/169\/2024\/06\/FireShot-Capture-049-Maria-Pilar-Perez-Quilez-explora-la-identidad-y-el-conflicto-norirlan_-www.la7tv.es_-1024x1024.png","type":"image\/png"}],"author":"Javierpah","twitter_card":"summary_large_image","twitter_misc":{"Escrito por":"Javierpah","Tiempo de lectura":"1 minuto"},"schema":{"@context":"https:\/\/schema.org","@graph":[{"@type":"Article","@id":"https:\/\/nuestrosescritores.com\/pilarquilez\/2024\/06\/08\/7television-maria-pilar-perez-quilez-explora-la-identidad-y-el-conflicto-norirlandes-en-la-nacionalidad-del-peinado\/#article","isPartOf":{"@id":"https:\/\/nuestrosescritores.com\/pilarquilez\/2024\/06\/08\/7television-maria-pilar-perez-quilez-explora-la-identidad-y-el-conflicto-norirlandes-en-la-nacionalidad-del-peinado\/"},"author":{"name":"Javierpah","@id":"https:\/\/nuestrosescritores.com\/pilarquilez\/#\/schema\/person\/eeae205ced613630f5aac210989ea6eb"},"headline":"7Televisi\u00f3n: Mar\u00eda Pilar P\u00e9rez Qu\u00edlez explora la identidad y el conflicto norirland\u00e9s en &#8220;La nacionalidad del peinado&#8221;","datePublished":"2024-06-08T07:58:27+00:00","dateModified":"2024-06-08T08:01:10+00:00","mainEntityOfPage":{"@id":"https:\/\/nuestrosescritores.com\/pilarquilez\/2024\/06\/08\/7television-maria-pilar-perez-quilez-explora-la-identidad-y-el-conflicto-norirlandes-en-la-nacionalidad-del-peinado\/"},"wordCount":31,"image":{"@id":"https:\/\/nuestrosescritores.com\/pilarquilez\/2024\/06\/08\/7television-maria-pilar-perez-quilez-explora-la-identidad-y-el-conflicto-norirlandes-en-la-nacionalidad-del-peinado\/#primaryimage"},"thumbnailUrl":"https:\/\/nuestrosescritores.com\/pilarquilez\/wp-content\/uploads\/sites\/169\/2024\/06\/FireShot-Capture-049-Maria-Pilar-Perez-Quilez-explora-la-identidad-y-el-conflicto-norirlan_-www.la7tv.es_.png","articleSection":["Noticias"],"inLanguage":"es","copyrightYear":"2024","copyrightHolder":{"@id":"https:\/\/nuestrosescritores.com\/#organization"}},{"@type":"WebPage","@id":"https:\/\/nuestrosescritores.com\/pilarquilez\/2024\/06\/08\/7television-maria-pilar-perez-quilez-explora-la-identidad-y-el-conflicto-norirlandes-en-la-nacionalidad-del-peinado\/","url":"https:\/\/nuestrosescritores.com\/pilarquilez\/2024\/06\/08\/7television-maria-pilar-perez-quilez-explora-la-identidad-y-el-conflicto-norirlandes-en-la-nacionalidad-del-peinado\/","name":"7Televisi\u00f3n: Mar\u00eda Pilar P\u00e9rez Qu\u00edlez explora la identidad y el conflicto norirland\u00e9s en \"La nacionalidad del peinado\" - Mar\u00eda Pilar P\u00e9rez Qu\u00edlez","isPartOf":{"@id":"https:\/\/nuestrosescritores.com\/pilarquilez\/#website"},"primaryImageOfPage":{"@id":"https:\/\/nuestrosescritores.com\/pilarquilez\/2024\/06\/08\/7television-maria-pilar-perez-quilez-explora-la-identidad-y-el-conflicto-norirlandes-en-la-nacionalidad-del-peinado\/#primaryimage"},"image":{"@id":"https:\/\/nuestrosescritores.com\/pilarquilez\/2024\/06\/08\/7television-maria-pilar-perez-quilez-explora-la-identidad-y-el-conflicto-norirlandes-en-la-nacionalidad-del-peinado\/#primaryimage"},"thumbnailUrl":"https:\/\/nuestrosescritores.com\/pilarquilez\/wp-content\/uploads\/sites\/169\/2024\/06\/FireShot-Capture-049-Maria-Pilar-Perez-Quilez-explora-la-identidad-y-el-conflicto-norirlan_-www.la7tv.es_.png","datePublished":"2024-06-08T07:58:27+00:00","dateModified":"2024-06-08T08:01:10+00:00","author":{"@id":"https:\/\/nuestrosescritores.com\/pilarquilez\/#\/schema\/person\/eeae205ced613630f5aac210989ea6eb"},"breadcrumb":{"@id":"https:\/\/nuestrosescritores.com\/pilarquilez\/2024\/06\/08\/7television-maria-pilar-perez-quilez-explora-la-identidad-y-el-conflicto-norirlandes-en-la-nacionalidad-del-peinado\/#breadcrumb"},"inLanguage":"es","potentialAction":[{"@type":"ReadAction","target":["https:\/\/nuestrosescritores.com\/pilarquilez\/2024\/06\/08\/7television-maria-pilar-perez-quilez-explora-la-identidad-y-el-conflicto-norirlandes-en-la-nacionalidad-del-peinado\/"]}]},{"@type":"ImageObject","inLanguage":"es","@id":"https:\/\/nuestrosescritores.com\/pilarquilez\/2024\/06\/08\/7television-maria-pilar-perez-quilez-explora-la-identidad-y-el-conflicto-norirlandes-en-la-nacionalidad-del-peinado\/#primaryimage","url":"https:\/\/nuestrosescritores.com\/pilarquilez\/wp-content\/uploads\/sites\/169\/2024\/06\/FireShot-Capture-049-Maria-Pilar-Perez-Quilez-explora-la-identidad-y-el-conflicto-norirlan_-www.la7tv.es_.png","contentUrl":"https:\/\/nuestrosescritores.com\/pilarquilez\/wp-content\/uploads\/sites\/169\/2024\/06\/FireShot-Capture-049-Maria-Pilar-Perez-Quilez-explora-la-identidad-y-el-conflicto-norirlan_-www.la7tv.es_.png","width":1680,"height":5648},{"@type":"BreadcrumbList","@id":"https:\/\/nuestrosescritores.com\/pilarquilez\/2024\/06\/08\/7television-maria-pilar-perez-quilez-explora-la-identidad-y-el-conflicto-norirlandes-en-la-nacionalidad-del-peinado\/#breadcrumb","itemListElement":[{"@type":"ListItem","position":1,"name":"Portada","item":"https:\/\/nuestrosescritores.com\/pilarquilez\/"},{"@type":"ListItem","position":2,"name":"7Televisi\u00f3n: Mar\u00eda Pilar P\u00e9rez Qu\u00edlez explora la identidad y el conflicto norirland\u00e9s en &#8220;La nacionalidad del peinado&#8221;"}]},{"@type":"WebSite","@id":"https:\/\/nuestrosescritores.com\/pilarquilez\/#website","url":"https:\/\/nuestrosescritores.com\/pilarquilez\/","name":"Nuestros escritores","description":"Escritora","potentialAction":[{"@type":"SearchAction","target":{"@type":"EntryPoint","urlTemplate":"https:\/\/nuestrosescritores.com\/pilarquilez\/?s={search_term_string}"},"query-input":{"@type":"PropertyValueSpecification","valueRequired":true,"valueName":"search_term_string"}}],"inLanguage":"es"},{"@type":"Person","@id":"https:\/\/nuestrosescritores.com\/pilarquilez\/#\/schema\/person\/eeae205ced613630f5aac210989ea6eb","name":"Javierpah","image":{"@type":"ImageObject","inLanguage":"es","@id":"https:\/\/secure.gravatar.com\/avatar\/1cb55a5bd8d6824519e46b552e84b03575857cc9c4d6333824d2f95d82129f50?s=96&d=mm&r=g","url":"https:\/\/secure.gravatar.com\/avatar\/1cb55a5bd8d6824519e46b552e84b03575857cc9c4d6333824d2f95d82129f50?s=96&d=mm&r=g","contentUrl":"https:\/\/secure.gravatar.com\/avatar\/1cb55a5bd8d6824519e46b552e84b03575857cc9c4d6333824d2f95d82129f50?s=96&d=mm&r=g","caption":"Javierpah"}}]}},"_links":{"self":[{"href":"https:\/\/nuestrosescritores.com\/pilarquilez\/wp-json\/wp\/v2\/posts\/181","targetHints":{"allow":["GET"]}}],"collection":[{"href":"https:\/\/nuestrosescritores.com\/pilarquilez\/wp-json\/wp\/v2\/posts"}],"about":[{"href":"https:\/\/nuestrosescritores.com\/pilarquilez\/wp-json\/wp\/v2\/types\/post"}],"author":[{"embeddable":true,"href":"https:\/\/nuestrosescritores.com\/pilarquilez\/wp-json\/wp\/v2\/users\/1"}],"replies":[{"embeddable":true,"href":"https:\/\/nuestrosescritores.com\/pilarquilez\/wp-json\/wp\/v2\/comments?post=181"}],"version-history":[{"count":0,"href":"https:\/\/nuestrosescritores.com\/pilarquilez\/wp-json\/wp\/v2\/posts\/181\/revisions"}],"wp:featuredmedia":[{"embeddable":true,"href":"https:\/\/nuestrosescritores.com\/pilarquilez\/wp-json\/wp\/v2\/media\/182"}],"wp:attachment":[{"href":"https:\/\/nuestrosescritores.com\/pilarquilez\/wp-json\/wp\/v2\/media?parent=181"}],"wp:term":[{"taxonomy":"category","embeddable":true,"href":"https:\/\/nuestrosescritores.com\/pilarquilez\/wp-json\/wp\/v2\/categories?post=181"},{"taxonomy":"post_tag","embeddable":true,"href":"https:\/\/nuestrosescritores.com\/pilarquilez\/wp-json\/wp\/v2\/tags?post=181"}],"curies":[{"name":"wp","href":"https:\/\/api.w.org\/{rel}","templated":true}]}}