{"id":163,"date":"2024-04-06T10:08:41","date_gmt":"2024-04-06T08:08:41","guid":{"rendered":"https:\/\/nuestrosescritores.com\/pilarquilez\/?p=163"},"modified":"2024-04-06T10:08:41","modified_gmt":"2024-04-06T08:08:41","slug":"lanza-digital-viajar-de-murcia-a-belfast-para-descubrir-el-conflicto-territorial-de-irlanda-del-norte","status":"publish","type":"post","link":"https:\/\/nuestrosescritores.com\/pilarquilez\/2024\/04\/06\/lanza-digital-viajar-de-murcia-a-belfast-para-descubrir-el-conflicto-territorial-de-irlanda-del-norte\/","title":{"rendered":"LANZA DIGITAL: Viajar de Murcia a Belfast para descubrir el conflicto territorial de Irlanda del Norte"},"content":{"rendered":"<p>Fuente: <a href=\"https:\/\/www.lanzadigital.com\/cultura\/viajar-de-murcia-a-belfast-para-descubrir-el-conflicto-territorial-de-irlanda-del-norte\/\">https:\/\/www.lanzadigital.com\/cultura\/viajar-de-murcia-a-belfast-para-descubrir-el-conflicto-territorial-de-irlanda-del-norte\/<\/a><\/p>\n<p>&nbsp;<\/p>\n<p><img fetchpriority=\"high\" decoding=\"async\" class=\"alignnone size-full wp-image-164\" src=\"http:\/\/nuestrosescritores.com\/pilarquilez\/wp-content\/uploads\/sites\/169\/2024\/04\/FireShot-Capture-033-Viajar-de-Murcia-a-Belfast-para-descubrir-el-conflicto-territorial-de_-www.lanzadigital.com_.png\" alt=\"\" width=\"1220\" height=\"3054\" srcset=\"https:\/\/nuestrosescritores.com\/pilarquilez\/wp-content\/uploads\/sites\/169\/2024\/04\/FireShot-Capture-033-Viajar-de-Murcia-a-Belfast-para-descubrir-el-conflicto-territorial-de_-www.lanzadigital.com_.png 1220w, https:\/\/nuestrosescritores.com\/pilarquilez\/wp-content\/uploads\/sites\/169\/2024\/04\/FireShot-Capture-033-Viajar-de-Murcia-a-Belfast-para-descubrir-el-conflicto-territorial-de_-www.lanzadigital.com_-614x1536.png 614w, https:\/\/nuestrosescritores.com\/pilarquilez\/wp-content\/uploads\/sites\/169\/2024\/04\/FireShot-Capture-033-Viajar-de-Murcia-a-Belfast-para-descubrir-el-conflicto-territorial-de_-www.lanzadigital.com_-818x2048.png 818w, https:\/\/nuestrosescritores.com\/pilarquilez\/wp-content\/uploads\/sites\/169\/2024\/04\/FireShot-Capture-033-Viajar-de-Murcia-a-Belfast-para-descubrir-el-conflicto-territorial-de_-www.lanzadigital.com_-500x1252.png 500w\" sizes=\"(max-width: 1220px) 100vw, 1220px\" \/><\/p>\n","protected":false},"excerpt":{"rendered":"<p>Fuente: https:\/\/www.lanzadigital.com\/cultura\/viajar-de-murcia-a-belfast-para-descubrir-el-conflicto-territorial-de-irlanda-del-norte\/ &nbsp;<\/p>\n","protected":false},"author":1,"featured_media":164,"comment_status":"closed","ping_status":"closed","sticky":false,"template":"","format":"standard","meta":{"_acf_changed":false,"footnotes":""},"categories":[6],"tags":[],"class_list":["post-163","post","type-post","status-publish","format-standard","has-post-thumbnail","hentry","category-noticias"],"acf":[],"yoast_head":"<!-- This site is optimized with the Yoast SEO Premium plugin v24.7 (Yoast SEO v27.5) - https:\/\/yoast.com\/product\/yoast-seo-premium-wordpress\/ -->\n<title>LANZA DIGITAL: Viajar de Murcia a Belfast para descubrir el conflicto territorial de Irlanda del Norte - Mar\u00eda Pilar P\u00e9rez Qu\u00edlez<\/title>\n<meta name=\"description\" content=\"Rese\u00f1a de la presentaci\u00f3n del libro en CIUDAD REAL en LANZA DIGITAL\" \/>\n<meta name=\"robots\" content=\"index, follow, max-snippet:-1, max-image-preview:large, max-video-preview:-1\" \/>\n<link rel=\"canonical\" href=\"https:\/\/nuestrosescritores.com\/pilarquilez\/2024\/04\/06\/lanza-digital-viajar-de-murcia-a-belfast-para-descubrir-el-conflicto-territorial-de-irlanda-del-norte\/\" \/>\n<meta property=\"og:locale\" content=\"es_ES\" \/>\n<meta property=\"og:type\" content=\"article\" \/>\n<meta property=\"og:title\" content=\"LANZA DIGITAL: Viajar de Murcia a Belfast para descubrir el conflicto territorial de Irlanda del Norte\" \/>\n<meta property=\"og:description\" content=\"Rese\u00f1a de la presentaci\u00f3n del libro en CIUDAD REAL en LANZA DIGITAL\" \/>\n<meta property=\"og:url\" content=\"https:\/\/nuestrosescritores.com\/pilarquilez\/2024\/04\/06\/lanza-digital-viajar-de-murcia-a-belfast-para-descubrir-el-conflicto-territorial-de-irlanda-del-norte\/\" \/>\n<meta property=\"og:site_name\" content=\"Mar\u00eda Pilar P\u00e9rez Qu\u00edlez\" \/>\n<meta property=\"article:published_time\" content=\"2024-04-06T08:08:41+00:00\" \/>\n<meta property=\"og:image\" content=\"http:\/\/nuestrosescritores.com\/pilarquilez\/wp-content\/uploads\/sites\/169\/2024\/04\/FireShot-Capture-033-Viajar-de-Murcia-a-Belfast-para-descubrir-el-conflicto-territorial-de_-www.lanzadigital.com_.png\" \/>\n\t<meta property=\"og:image:width\" content=\"1220\" \/>\n\t<meta property=\"og:image:height\" content=\"3054\" \/>\n\t<meta property=\"og:image:type\" content=\"image\/png\" \/>\n<meta name=\"author\" content=\"Javierpah\" \/>\n<meta name=\"twitter:card\" content=\"summary_large_image\" \/>\n<meta name=\"twitter:label1\" content=\"Escrito por\" \/>\n\t<meta name=\"twitter:data1\" content=\"Javierpah\" \/>\n\t<meta name=\"twitter:label2\" content=\"Tiempo de lectura\" \/>\n\t<meta name=\"twitter:data2\" content=\"1 minuto\" \/>\n<script type=\"application\/ld+json\" class=\"yoast-schema-graph\">{\"@context\":\"https:\\\/\\\/schema.org\",\"@graph\":[{\"@type\":\"Article\",\"@id\":\"https:\\\/\\\/nuestrosescritores.com\\\/pilarquilez\\\/2024\\\/04\\\/06\\\/lanza-digital-viajar-de-murcia-a-belfast-para-descubrir-el-conflicto-territorial-de-irlanda-del-norte\\\/#article\",\"isPartOf\":{\"@id\":\"https:\\\/\\\/nuestrosescritores.com\\\/pilarquilez\\\/2024\\\/04\\\/06\\\/lanza-digital-viajar-de-murcia-a-belfast-para-descubrir-el-conflicto-territorial-de-irlanda-del-norte\\\/\"},\"author\":{\"name\":\"Javierpah\",\"@id\":\"https:\\\/\\\/nuestrosescritores.com\\\/pilarquilez\\\/#\\\/schema\\\/person\\\/eeae205ced613630f5aac210989ea6eb\"},\"headline\":\"LANZA DIGITAL: Viajar de Murcia a Belfast para descubrir el conflicto territorial de Irlanda del Norte\",\"datePublished\":\"2024-04-06T08:08:41+00:00\",\"mainEntityOfPage\":{\"@id\":\"https:\\\/\\\/nuestrosescritores.com\\\/pilarquilez\\\/2024\\\/04\\\/06\\\/lanza-digital-viajar-de-murcia-a-belfast-para-descubrir-el-conflicto-territorial-de-irlanda-del-norte\\\/\"},\"wordCount\":24,\"image\":{\"@id\":\"https:\\\/\\\/nuestrosescritores.com\\\/pilarquilez\\\/2024\\\/04\\\/06\\\/lanza-digital-viajar-de-murcia-a-belfast-para-descubrir-el-conflicto-territorial-de-irlanda-del-norte\\\/#primaryimage\"},\"thumbnailUrl\":\"https:\\\/\\\/nuestrosescritores.com\\\/pilarquilez\\\/wp-content\\\/uploads\\\/sites\\\/169\\\/2024\\\/04\\\/FireShot-Capture-033-Viajar-de-Murcia-a-Belfast-para-descubrir-el-conflicto-territorial-de_-www.lanzadigital.com_.png\",\"articleSection\":[\"Noticias\"],\"inLanguage\":\"es\",\"copyrightYear\":\"2024\",\"copyrightHolder\":{\"@id\":\"https:\\\/\\\/nuestrosescritores.com\\\/#organization\"}},{\"@type\":\"WebPage\",\"@id\":\"https:\\\/\\\/nuestrosescritores.com\\\/pilarquilez\\\/2024\\\/04\\\/06\\\/lanza-digital-viajar-de-murcia-a-belfast-para-descubrir-el-conflicto-territorial-de-irlanda-del-norte\\\/\",\"url\":\"https:\\\/\\\/nuestrosescritores.com\\\/pilarquilez\\\/2024\\\/04\\\/06\\\/lanza-digital-viajar-de-murcia-a-belfast-para-descubrir-el-conflicto-territorial-de-irlanda-del-norte\\\/\",\"name\":\"LANZA DIGITAL: Viajar de Murcia a Belfast para descubrir el conflicto territorial de Irlanda del Norte - Mar\u00eda Pilar P\u00e9rez Qu\u00edlez\",\"isPartOf\":{\"@id\":\"https:\\\/\\\/nuestrosescritores.com\\\/pilarquilez\\\/#website\"},\"primaryImageOfPage\":{\"@id\":\"https:\\\/\\\/nuestrosescritores.com\\\/pilarquilez\\\/2024\\\/04\\\/06\\\/lanza-digital-viajar-de-murcia-a-belfast-para-descubrir-el-conflicto-territorial-de-irlanda-del-norte\\\/#primaryimage\"},\"image\":{\"@id\":\"https:\\\/\\\/nuestrosescritores.com\\\/pilarquilez\\\/2024\\\/04\\\/06\\\/lanza-digital-viajar-de-murcia-a-belfast-para-descubrir-el-conflicto-territorial-de-irlanda-del-norte\\\/#primaryimage\"},\"thumbnailUrl\":\"https:\\\/\\\/nuestrosescritores.com\\\/pilarquilez\\\/wp-content\\\/uploads\\\/sites\\\/169\\\/2024\\\/04\\\/FireShot-Capture-033-Viajar-de-Murcia-a-Belfast-para-descubrir-el-conflicto-territorial-de_-www.lanzadigital.com_.png\",\"datePublished\":\"2024-04-06T08:08:41+00:00\",\"author\":{\"@id\":\"https:\\\/\\\/nuestrosescritores.com\\\/pilarquilez\\\/#\\\/schema\\\/person\\\/eeae205ced613630f5aac210989ea6eb\"},\"description\":\"Rese\u00f1a de la presentaci\u00f3n del libro en CIUDAD REAL en LANZA DIGITAL\",\"breadcrumb\":{\"@id\":\"https:\\\/\\\/nuestrosescritores.com\\\/pilarquilez\\\/2024\\\/04\\\/06\\\/lanza-digital-viajar-de-murcia-a-belfast-para-descubrir-el-conflicto-territorial-de-irlanda-del-norte\\\/#breadcrumb\"},\"inLanguage\":\"es\",\"potentialAction\":[{\"@type\":\"ReadAction\",\"target\":[\"https:\\\/\\\/nuestrosescritores.com\\\/pilarquilez\\\/2024\\\/04\\\/06\\\/lanza-digital-viajar-de-murcia-a-belfast-para-descubrir-el-conflicto-territorial-de-irlanda-del-norte\\\/\"]}]},{\"@type\":\"ImageObject\",\"inLanguage\":\"es\",\"@id\":\"https:\\\/\\\/nuestrosescritores.com\\\/pilarquilez\\\/2024\\\/04\\\/06\\\/lanza-digital-viajar-de-murcia-a-belfast-para-descubrir-el-conflicto-territorial-de-irlanda-del-norte\\\/#primaryimage\",\"url\":\"https:\\\/\\\/nuestrosescritores.com\\\/pilarquilez\\\/wp-content\\\/uploads\\\/sites\\\/169\\\/2024\\\/04\\\/FireShot-Capture-033-Viajar-de-Murcia-a-Belfast-para-descubrir-el-conflicto-territorial-de_-www.lanzadigital.com_.png\",\"contentUrl\":\"https:\\\/\\\/nuestrosescritores.com\\\/pilarquilez\\\/wp-content\\\/uploads\\\/sites\\\/169\\\/2024\\\/04\\\/FireShot-Capture-033-Viajar-de-Murcia-a-Belfast-para-descubrir-el-conflicto-territorial-de_-www.lanzadigital.com_.png\",\"width\":1220,\"height\":3054},{\"@type\":\"BreadcrumbList\",\"@id\":\"https:\\\/\\\/nuestrosescritores.com\\\/pilarquilez\\\/2024\\\/04\\\/06\\\/lanza-digital-viajar-de-murcia-a-belfast-para-descubrir-el-conflicto-territorial-de-irlanda-del-norte\\\/#breadcrumb\",\"itemListElement\":[{\"@type\":\"ListItem\",\"position\":1,\"name\":\"Portada\",\"item\":\"https:\\\/\\\/nuestrosescritores.com\\\/pilarquilez\\\/\"},{\"@type\":\"ListItem\",\"position\":2,\"name\":\"LANZA DIGITAL: Viajar de Murcia a Belfast para descubrir el conflicto territorial de Irlanda del Norte\"}]},{\"@type\":\"WebSite\",\"@id\":\"https:\\\/\\\/nuestrosescritores.com\\\/pilarquilez\\\/#website\",\"url\":\"https:\\\/\\\/nuestrosescritores.com\\\/pilarquilez\\\/\",\"name\":\"Nuestros escritores\",\"description\":\"Escritora\",\"potentialAction\":[{\"@type\":\"SearchAction\",\"target\":{\"@type\":\"EntryPoint\",\"urlTemplate\":\"https:\\\/\\\/nuestrosescritores.com\\\/pilarquilez\\\/?s={search_term_string}\"},\"query-input\":{\"@type\":\"PropertyValueSpecification\",\"valueRequired\":true,\"valueName\":\"search_term_string\"}}],\"inLanguage\":\"es\"},{\"@type\":\"Person\",\"@id\":\"https:\\\/\\\/nuestrosescritores.com\\\/pilarquilez\\\/#\\\/schema\\\/person\\\/eeae205ced613630f5aac210989ea6eb\",\"name\":\"Javierpah\",\"image\":{\"@type\":\"ImageObject\",\"inLanguage\":\"es\",\"@id\":\"https:\\\/\\\/secure.gravatar.com\\\/avatar\\\/1cb55a5bd8d6824519e46b552e84b03575857cc9c4d6333824d2f95d82129f50?s=96&d=mm&r=g\",\"url\":\"https:\\\/\\\/secure.gravatar.com\\\/avatar\\\/1cb55a5bd8d6824519e46b552e84b03575857cc9c4d6333824d2f95d82129f50?s=96&d=mm&r=g\",\"contentUrl\":\"https:\\\/\\\/secure.gravatar.com\\\/avatar\\\/1cb55a5bd8d6824519e46b552e84b03575857cc9c4d6333824d2f95d82129f50?s=96&d=mm&r=g\",\"caption\":\"Javierpah\"}}]}<\/script>\n<!-- \/ Yoast SEO Premium plugin. -->","yoast_head_json":{"title":"LANZA DIGITAL: Viajar de Murcia a Belfast para descubrir el conflicto territorial de Irlanda del Norte - Mar\u00eda Pilar P\u00e9rez Qu\u00edlez","description":"Rese\u00f1a de la presentaci\u00f3n del libro en CIUDAD REAL en LANZA DIGITAL","robots":{"index":"index","follow":"follow","max-snippet":"max-snippet:-1","max-image-preview":"max-image-preview:large","max-video-preview":"max-video-preview:-1"},"canonical":"https:\/\/nuestrosescritores.com\/pilarquilez\/2024\/04\/06\/lanza-digital-viajar-de-murcia-a-belfast-para-descubrir-el-conflicto-territorial-de-irlanda-del-norte\/","og_locale":"es_ES","og_type":"article","og_title":"LANZA DIGITAL: Viajar de Murcia a Belfast para descubrir el conflicto territorial de Irlanda del Norte","og_description":"Rese\u00f1a de la presentaci\u00f3n del libro en CIUDAD REAL en LANZA DIGITAL","og_url":"https:\/\/nuestrosescritores.com\/pilarquilez\/2024\/04\/06\/lanza-digital-viajar-de-murcia-a-belfast-para-descubrir-el-conflicto-territorial-de-irlanda-del-norte\/","og_site_name":"Mar\u00eda Pilar P\u00e9rez Qu\u00edlez","article_published_time":"2024-04-06T08:08:41+00:00","og_image":[{"width":1220,"height":3054,"url":"http:\/\/nuestrosescritores.com\/pilarquilez\/wp-content\/uploads\/sites\/169\/2024\/04\/FireShot-Capture-033-Viajar-de-Murcia-a-Belfast-para-descubrir-el-conflicto-territorial-de_-www.lanzadigital.com_.png","type":"image\/png"}],"author":"Javierpah","twitter_card":"summary_large_image","twitter_misc":{"Escrito por":"Javierpah","Tiempo de lectura":"1 minuto"},"schema":{"@context":"https:\/\/schema.org","@graph":[{"@type":"Article","@id":"https:\/\/nuestrosescritores.com\/pilarquilez\/2024\/04\/06\/lanza-digital-viajar-de-murcia-a-belfast-para-descubrir-el-conflicto-territorial-de-irlanda-del-norte\/#article","isPartOf":{"@id":"https:\/\/nuestrosescritores.com\/pilarquilez\/2024\/04\/06\/lanza-digital-viajar-de-murcia-a-belfast-para-descubrir-el-conflicto-territorial-de-irlanda-del-norte\/"},"author":{"name":"Javierpah","@id":"https:\/\/nuestrosescritores.com\/pilarquilez\/#\/schema\/person\/eeae205ced613630f5aac210989ea6eb"},"headline":"LANZA DIGITAL: Viajar de Murcia a Belfast para descubrir el conflicto territorial de Irlanda del Norte","datePublished":"2024-04-06T08:08:41+00:00","mainEntityOfPage":{"@id":"https:\/\/nuestrosescritores.com\/pilarquilez\/2024\/04\/06\/lanza-digital-viajar-de-murcia-a-belfast-para-descubrir-el-conflicto-territorial-de-irlanda-del-norte\/"},"wordCount":24,"image":{"@id":"https:\/\/nuestrosescritores.com\/pilarquilez\/2024\/04\/06\/lanza-digital-viajar-de-murcia-a-belfast-para-descubrir-el-conflicto-territorial-de-irlanda-del-norte\/#primaryimage"},"thumbnailUrl":"https:\/\/nuestrosescritores.com\/pilarquilez\/wp-content\/uploads\/sites\/169\/2024\/04\/FireShot-Capture-033-Viajar-de-Murcia-a-Belfast-para-descubrir-el-conflicto-territorial-de_-www.lanzadigital.com_.png","articleSection":["Noticias"],"inLanguage":"es","copyrightYear":"2024","copyrightHolder":{"@id":"https:\/\/nuestrosescritores.com\/#organization"}},{"@type":"WebPage","@id":"https:\/\/nuestrosescritores.com\/pilarquilez\/2024\/04\/06\/lanza-digital-viajar-de-murcia-a-belfast-para-descubrir-el-conflicto-territorial-de-irlanda-del-norte\/","url":"https:\/\/nuestrosescritores.com\/pilarquilez\/2024\/04\/06\/lanza-digital-viajar-de-murcia-a-belfast-para-descubrir-el-conflicto-territorial-de-irlanda-del-norte\/","name":"LANZA DIGITAL: Viajar de Murcia a Belfast para descubrir el conflicto territorial de Irlanda del Norte - Mar\u00eda Pilar P\u00e9rez Qu\u00edlez","isPartOf":{"@id":"https:\/\/nuestrosescritores.com\/pilarquilez\/#website"},"primaryImageOfPage":{"@id":"https:\/\/nuestrosescritores.com\/pilarquilez\/2024\/04\/06\/lanza-digital-viajar-de-murcia-a-belfast-para-descubrir-el-conflicto-territorial-de-irlanda-del-norte\/#primaryimage"},"image":{"@id":"https:\/\/nuestrosescritores.com\/pilarquilez\/2024\/04\/06\/lanza-digital-viajar-de-murcia-a-belfast-para-descubrir-el-conflicto-territorial-de-irlanda-del-norte\/#primaryimage"},"thumbnailUrl":"https:\/\/nuestrosescritores.com\/pilarquilez\/wp-content\/uploads\/sites\/169\/2024\/04\/FireShot-Capture-033-Viajar-de-Murcia-a-Belfast-para-descubrir-el-conflicto-territorial-de_-www.lanzadigital.com_.png","datePublished":"2024-04-06T08:08:41+00:00","author":{"@id":"https:\/\/nuestrosescritores.com\/pilarquilez\/#\/schema\/person\/eeae205ced613630f5aac210989ea6eb"},"description":"Rese\u00f1a de la presentaci\u00f3n del libro en CIUDAD REAL en LANZA DIGITAL","breadcrumb":{"@id":"https:\/\/nuestrosescritores.com\/pilarquilez\/2024\/04\/06\/lanza-digital-viajar-de-murcia-a-belfast-para-descubrir-el-conflicto-territorial-de-irlanda-del-norte\/#breadcrumb"},"inLanguage":"es","potentialAction":[{"@type":"ReadAction","target":["https:\/\/nuestrosescritores.com\/pilarquilez\/2024\/04\/06\/lanza-digital-viajar-de-murcia-a-belfast-para-descubrir-el-conflicto-territorial-de-irlanda-del-norte\/"]}]},{"@type":"ImageObject","inLanguage":"es","@id":"https:\/\/nuestrosescritores.com\/pilarquilez\/2024\/04\/06\/lanza-digital-viajar-de-murcia-a-belfast-para-descubrir-el-conflicto-territorial-de-irlanda-del-norte\/#primaryimage","url":"https:\/\/nuestrosescritores.com\/pilarquilez\/wp-content\/uploads\/sites\/169\/2024\/04\/FireShot-Capture-033-Viajar-de-Murcia-a-Belfast-para-descubrir-el-conflicto-territorial-de_-www.lanzadigital.com_.png","contentUrl":"https:\/\/nuestrosescritores.com\/pilarquilez\/wp-content\/uploads\/sites\/169\/2024\/04\/FireShot-Capture-033-Viajar-de-Murcia-a-Belfast-para-descubrir-el-conflicto-territorial-de_-www.lanzadigital.com_.png","width":1220,"height":3054},{"@type":"BreadcrumbList","@id":"https:\/\/nuestrosescritores.com\/pilarquilez\/2024\/04\/06\/lanza-digital-viajar-de-murcia-a-belfast-para-descubrir-el-conflicto-territorial-de-irlanda-del-norte\/#breadcrumb","itemListElement":[{"@type":"ListItem","position":1,"name":"Portada","item":"https:\/\/nuestrosescritores.com\/pilarquilez\/"},{"@type":"ListItem","position":2,"name":"LANZA DIGITAL: Viajar de Murcia a Belfast para descubrir el conflicto territorial de Irlanda del Norte"}]},{"@type":"WebSite","@id":"https:\/\/nuestrosescritores.com\/pilarquilez\/#website","url":"https:\/\/nuestrosescritores.com\/pilarquilez\/","name":"Nuestros escritores","description":"Escritora","potentialAction":[{"@type":"SearchAction","target":{"@type":"EntryPoint","urlTemplate":"https:\/\/nuestrosescritores.com\/pilarquilez\/?s={search_term_string}"},"query-input":{"@type":"PropertyValueSpecification","valueRequired":true,"valueName":"search_term_string"}}],"inLanguage":"es"},{"@type":"Person","@id":"https:\/\/nuestrosescritores.com\/pilarquilez\/#\/schema\/person\/eeae205ced613630f5aac210989ea6eb","name":"Javierpah","image":{"@type":"ImageObject","inLanguage":"es","@id":"https:\/\/secure.gravatar.com\/avatar\/1cb55a5bd8d6824519e46b552e84b03575857cc9c4d6333824d2f95d82129f50?s=96&d=mm&r=g","url":"https:\/\/secure.gravatar.com\/avatar\/1cb55a5bd8d6824519e46b552e84b03575857cc9c4d6333824d2f95d82129f50?s=96&d=mm&r=g","contentUrl":"https:\/\/secure.gravatar.com\/avatar\/1cb55a5bd8d6824519e46b552e84b03575857cc9c4d6333824d2f95d82129f50?s=96&d=mm&r=g","caption":"Javierpah"}}]}},"_links":{"self":[{"href":"https:\/\/nuestrosescritores.com\/pilarquilez\/wp-json\/wp\/v2\/posts\/163","targetHints":{"allow":["GET"]}}],"collection":[{"href":"https:\/\/nuestrosescritores.com\/pilarquilez\/wp-json\/wp\/v2\/posts"}],"about":[{"href":"https:\/\/nuestrosescritores.com\/pilarquilez\/wp-json\/wp\/v2\/types\/post"}],"author":[{"embeddable":true,"href":"https:\/\/nuestrosescritores.com\/pilarquilez\/wp-json\/wp\/v2\/users\/1"}],"replies":[{"embeddable":true,"href":"https:\/\/nuestrosescritores.com\/pilarquilez\/wp-json\/wp\/v2\/comments?post=163"}],"version-history":[{"count":0,"href":"https:\/\/nuestrosescritores.com\/pilarquilez\/wp-json\/wp\/v2\/posts\/163\/revisions"}],"wp:featuredmedia":[{"embeddable":true,"href":"https:\/\/nuestrosescritores.com\/pilarquilez\/wp-json\/wp\/v2\/media\/164"}],"wp:attachment":[{"href":"https:\/\/nuestrosescritores.com\/pilarquilez\/wp-json\/wp\/v2\/media?parent=163"}],"wp:term":[{"taxonomy":"category","embeddable":true,"href":"https:\/\/nuestrosescritores.com\/pilarquilez\/wp-json\/wp\/v2\/categories?post=163"},{"taxonomy":"post_tag","embeddable":true,"href":"https:\/\/nuestrosescritores.com\/pilarquilez\/wp-json\/wp\/v2\/tags?post=163"}],"curies":[{"name":"wp","href":"https:\/\/api.w.org\/{rel}","templated":true}]}}