{"id":273,"date":"2021-01-22T12:28:49","date_gmt":"2021-01-22T12:28:49","guid":{"rendered":"https:\/\/nuestrosescritores.com\/manuelmachado\/?p=273"},"modified":"2021-01-22T12:28:49","modified_gmt":"2021-01-22T12:28:49","slug":"el-jardin-negro","status":"publish","type":"post","link":"https:\/\/nuestrosescritores.com\/manuelmachado\/2021\/01\/22\/el-jardin-negro\/","title":{"rendered":"EL JARD\u00cdN NEGRO"},"content":{"rendered":"<p><a name=\"_Toc36055125\"><\/a><strong>EL JARD\u00cdN NEGRO<\/strong><\/p>\n<p>&nbsp;<\/p>\n<p>Es noche. La inmensa<br \/>\npalabra es silencio&#8230;<br \/>\nHay entre los \u00e1rboles<br \/>\nun grave misterio&#8230;<br \/>\nEl sonido duerme,<br \/>\nel color se ha muerto.<br \/>\nLa fuente est\u00e1 loca,<br \/>\ny mudo est\u00e1 el eco.<\/p>\n<p>\u00bfTe acuerdas?&#8230; En vano<br \/>\nquisimos saberlo&#8230;<br \/>\n\u00a1Qu\u00e9 raro! \u00a1Qu\u00e9 oscuro!<br \/>\n\u00a1A\u00fan crispa mis nervios,<br \/>\npasando ahora mismo<br \/>\ntan s\u00f3lo el recuerdo,<br \/>\ncomo si rozado<br \/>\nme hubiera un momento<br \/>\nel ala peluda<br \/>\nde horrible murci\u00e9lago&#8230;<br \/>\nVen, \u00a1mi amada! Inclina<br \/>\ntu frente en mi pecho;<br \/>\ncerremos los ojos;<br \/>\nno oigamos, callemos&#8230;<br \/>\n\u00a1como dos chiquillos<br \/>\nque tiemblan de miedo!<\/p>\n<p>La luna aparece,<br \/>\nlas nubes rompiendo&#8230;<br \/>\nLa luna y la estatua<br \/>\nse dan un gran beso.<\/p>\n<!--themify_builder_content-->\n<div id=\"themify_builder_content-273\" data-postid=\"273\" class=\"themify_builder_content themify_builder_content-273 themify_builder tf_clear\">\n    <\/div>\n<!--\/themify_builder_content-->\n","protected":false},"excerpt":{"rendered":"<p>EL JARD\u00cdN NEGRO &nbsp; Es noche. La inmensa palabra es silencio&#8230; Hay entre los \u00e1rboles un grave misterio&#8230; El sonido duerme, el color se ha muerto. La fuente est\u00e1 loca, y mudo est\u00e1 el eco. \u00bfTe acuerdas?&#8230; En vano quisimos saberlo&#8230; \u00a1Qu\u00e9 raro! \u00a1Qu\u00e9 oscuro! \u00a1A\u00fan crispa mis nervios, pasando ahora mismo tan s\u00f3lo el [&hellip;]<\/p>\n","protected":false},"author":1,"featured_media":227,"comment_status":"closed","ping_status":"closed","sticky":false,"template":"","format":"standard","meta":{"_acf_changed":false,"footnotes":""},"categories":[26],"tags":[],"class_list":["post-273","post","type-post","status-publish","format-standard","has-post-thumbnail","hentry","category-poesia","has-post-title","has-post-date","has-post-category","has-post-tag","has-post-comment","has-post-author",""],"acf":[],"yoast_head":"<!-- This site is optimized with the Yoast SEO Premium plugin v24.7 (Yoast SEO v27.5) - https:\/\/yoast.com\/product\/yoast-seo-premium-wordpress\/ -->\n<title>EL JARD\u00cdN NEGRO - Manuel Machado<\/title>\n<meta name=\"robots\" content=\"index, follow, max-snippet:-1, max-image-preview:large, max-video-preview:-1\" \/>\n<link rel=\"canonical\" href=\"https:\/\/nuestrosescritores.com\/manuelmachado\/2021\/01\/22\/el-jardin-negro\/\" \/>\n<meta property=\"og:locale\" content=\"es_ES\" \/>\n<meta property=\"og:type\" content=\"article\" \/>\n<meta property=\"og:title\" content=\"EL JARD\u00cdN NEGRO\" \/>\n<meta property=\"og:description\" content=\"EL JARD\u00cdN NEGRO &nbsp; Es noche. La inmensa palabra es silencio&#8230; Hay entre los \u00e1rboles un grave misterio&#8230; El sonido duerme, el color se ha muerto. La fuente est\u00e1 loca, y mudo est\u00e1 el eco. \u00bfTe acuerdas?&#8230; En vano quisimos saberlo&#8230; \u00a1Qu\u00e9 raro! \u00a1Qu\u00e9 oscuro! \u00a1A\u00fan crispa mis nervios, pasando ahora mismo tan s\u00f3lo el [&hellip;]\" \/>\n<meta property=\"og:url\" content=\"https:\/\/nuestrosescritores.com\/manuelmachado\/2021\/01\/22\/el-jardin-negro\/\" \/>\n<meta property=\"og:site_name\" content=\"Manuel Machado\" \/>\n<meta property=\"article:published_time\" content=\"2021-01-22T12:28:49+00:00\" \/>\n<meta property=\"og:image\" content=\"https:\/\/nuestrosescritores.com\/manuelmachado\/wp-content\/uploads\/sites\/75\/2019\/01\/feather-4984862_1920.jpg\" \/>\n\t<meta property=\"og:image:width\" content=\"1920\" \/>\n\t<meta property=\"og:image:height\" content=\"1451\" \/>\n\t<meta property=\"og:image:type\" content=\"image\/jpeg\" \/>\n<meta name=\"author\" content=\"Javierpah\" \/>\n<meta name=\"twitter:card\" content=\"summary_large_image\" \/>\n<meta name=\"twitter:label1\" content=\"Escrito por\" \/>\n\t<meta name=\"twitter:data1\" content=\"Javierpah\" \/>\n\t<meta name=\"twitter:label2\" content=\"Tiempo de lectura\" \/>\n\t<meta name=\"twitter:data2\" content=\"1 minuto\" \/>\n<script type=\"application\/ld+json\" class=\"yoast-schema-graph\">{\"@context\":\"https:\\\/\\\/schema.org\",\"@graph\":[{\"@type\":\"Article\",\"@id\":\"https:\\\/\\\/nuestrosescritores.com\\\/manuelmachado\\\/2021\\\/01\\\/22\\\/el-jardin-negro\\\/#article\",\"isPartOf\":{\"@id\":\"https:\\\/\\\/nuestrosescritores.com\\\/manuelmachado\\\/2021\\\/01\\\/22\\\/el-jardin-negro\\\/\"},\"author\":{\"name\":\"Javierpah\",\"@id\":\"https:\\\/\\\/nuestrosescritores.com\\\/manuelmachado\\\/#\\\/schema\\\/person\\\/eeae205ced613630f5aac210989ea6eb\"},\"headline\":\"EL JARD\u00cdN NEGRO\",\"datePublished\":\"2021-01-22T12:28:49+00:00\",\"mainEntityOfPage\":{\"@id\":\"https:\\\/\\\/nuestrosescritores.com\\\/manuelmachado\\\/2021\\\/01\\\/22\\\/el-jardin-negro\\\/\"},\"wordCount\":115,\"image\":{\"@id\":\"https:\\\/\\\/nuestrosescritores.com\\\/manuelmachado\\\/2021\\\/01\\\/22\\\/el-jardin-negro\\\/#primaryimage\"},\"thumbnailUrl\":\"https:\\\/\\\/nuestrosescritores.com\\\/manuelmachado\\\/wp-content\\\/uploads\\\/sites\\\/75\\\/2019\\\/01\\\/feather-4984862_1920.jpg\",\"articleSection\":[\"Poes\u00eda\"],\"inLanguage\":\"es\",\"copyrightYear\":\"2021\",\"copyrightHolder\":{\"@id\":\"https:\\\/\\\/nuestrosescritores.com\\\/#organization\"}},{\"@type\":\"WebPage\",\"@id\":\"https:\\\/\\\/nuestrosescritores.com\\\/manuelmachado\\\/2021\\\/01\\\/22\\\/el-jardin-negro\\\/\",\"url\":\"https:\\\/\\\/nuestrosescritores.com\\\/manuelmachado\\\/2021\\\/01\\\/22\\\/el-jardin-negro\\\/\",\"name\":\"EL JARD\u00cdN NEGRO - Manuel Machado\",\"isPartOf\":{\"@id\":\"https:\\\/\\\/nuestrosescritores.com\\\/manuelmachado\\\/#website\"},\"primaryImageOfPage\":{\"@id\":\"https:\\\/\\\/nuestrosescritores.com\\\/manuelmachado\\\/2021\\\/01\\\/22\\\/el-jardin-negro\\\/#primaryimage\"},\"image\":{\"@id\":\"https:\\\/\\\/nuestrosescritores.com\\\/manuelmachado\\\/2021\\\/01\\\/22\\\/el-jardin-negro\\\/#primaryimage\"},\"thumbnailUrl\":\"https:\\\/\\\/nuestrosescritores.com\\\/manuelmachado\\\/wp-content\\\/uploads\\\/sites\\\/75\\\/2019\\\/01\\\/feather-4984862_1920.jpg\",\"datePublished\":\"2021-01-22T12:28:49+00:00\",\"author\":{\"@id\":\"https:\\\/\\\/nuestrosescritores.com\\\/manuelmachado\\\/#\\\/schema\\\/person\\\/eeae205ced613630f5aac210989ea6eb\"},\"breadcrumb\":{\"@id\":\"https:\\\/\\\/nuestrosescritores.com\\\/manuelmachado\\\/2021\\\/01\\\/22\\\/el-jardin-negro\\\/#breadcrumb\"},\"inLanguage\":\"es\",\"potentialAction\":[{\"@type\":\"ReadAction\",\"target\":[\"https:\\\/\\\/nuestrosescritores.com\\\/manuelmachado\\\/2021\\\/01\\\/22\\\/el-jardin-negro\\\/\"]}]},{\"@type\":\"ImageObject\",\"inLanguage\":\"es\",\"@id\":\"https:\\\/\\\/nuestrosescritores.com\\\/manuelmachado\\\/2021\\\/01\\\/22\\\/el-jardin-negro\\\/#primaryimage\",\"url\":\"https:\\\/\\\/nuestrosescritores.com\\\/manuelmachado\\\/wp-content\\\/uploads\\\/sites\\\/75\\\/2019\\\/01\\\/feather-4984862_1920.jpg\",\"contentUrl\":\"https:\\\/\\\/nuestrosescritores.com\\\/manuelmachado\\\/wp-content\\\/uploads\\\/sites\\\/75\\\/2019\\\/01\\\/feather-4984862_1920.jpg\",\"width\":1920,\"height\":1451},{\"@type\":\"BreadcrumbList\",\"@id\":\"https:\\\/\\\/nuestrosescritores.com\\\/manuelmachado\\\/2021\\\/01\\\/22\\\/el-jardin-negro\\\/#breadcrumb\",\"itemListElement\":[{\"@type\":\"ListItem\",\"position\":1,\"name\":\"Portada\",\"item\":\"https:\\\/\\\/nuestrosescritores.com\\\/manuelmachado\\\/\"},{\"@type\":\"ListItem\",\"position\":2,\"name\":\"EL JARD\u00cdN NEGRO\"}]},{\"@type\":\"WebSite\",\"@id\":\"https:\\\/\\\/nuestrosescritores.com\\\/manuelmachado\\\/#website\",\"url\":\"https:\\\/\\\/nuestrosescritores.com\\\/manuelmachado\\\/\",\"name\":\"Nuestros escritores\",\"description\":\"Otro sitio m\u00e1s de Nuestros escritores\",\"potentialAction\":[{\"@type\":\"SearchAction\",\"target\":{\"@type\":\"EntryPoint\",\"urlTemplate\":\"https:\\\/\\\/nuestrosescritores.com\\\/manuelmachado\\\/?s={search_term_string}\"},\"query-input\":{\"@type\":\"PropertyValueSpecification\",\"valueRequired\":true,\"valueName\":\"search_term_string\"}}],\"inLanguage\":\"es\"},{\"@type\":\"Person\",\"@id\":\"https:\\\/\\\/nuestrosescritores.com\\\/manuelmachado\\\/#\\\/schema\\\/person\\\/eeae205ced613630f5aac210989ea6eb\",\"name\":\"Javierpah\",\"image\":{\"@type\":\"ImageObject\",\"inLanguage\":\"es\",\"@id\":\"https:\\\/\\\/secure.gravatar.com\\\/avatar\\\/1cb55a5bd8d6824519e46b552e84b03575857cc9c4d6333824d2f95d82129f50?s=96&d=mm&r=g\",\"url\":\"https:\\\/\\\/secure.gravatar.com\\\/avatar\\\/1cb55a5bd8d6824519e46b552e84b03575857cc9c4d6333824d2f95d82129f50?s=96&d=mm&r=g\",\"contentUrl\":\"https:\\\/\\\/secure.gravatar.com\\\/avatar\\\/1cb55a5bd8d6824519e46b552e84b03575857cc9c4d6333824d2f95d82129f50?s=96&d=mm&r=g\",\"caption\":\"Javierpah\"}}]}<\/script>\n<!-- \/ Yoast SEO Premium plugin. -->","yoast_head_json":{"title":"EL JARD\u00cdN NEGRO - Manuel Machado","robots":{"index":"index","follow":"follow","max-snippet":"max-snippet:-1","max-image-preview":"max-image-preview:large","max-video-preview":"max-video-preview:-1"},"canonical":"https:\/\/nuestrosescritores.com\/manuelmachado\/2021\/01\/22\/el-jardin-negro\/","og_locale":"es_ES","og_type":"article","og_title":"EL JARD\u00cdN NEGRO","og_description":"EL JARD\u00cdN NEGRO &nbsp; Es noche. La inmensa palabra es silencio&#8230; Hay entre los \u00e1rboles un grave misterio&#8230; El sonido duerme, el color se ha muerto. La fuente est\u00e1 loca, y mudo est\u00e1 el eco. \u00bfTe acuerdas?&#8230; En vano quisimos saberlo&#8230; \u00a1Qu\u00e9 raro! \u00a1Qu\u00e9 oscuro! \u00a1A\u00fan crispa mis nervios, pasando ahora mismo tan s\u00f3lo el [&hellip;]","og_url":"https:\/\/nuestrosescritores.com\/manuelmachado\/2021\/01\/22\/el-jardin-negro\/","og_site_name":"Manuel Machado","article_published_time":"2021-01-22T12:28:49+00:00","og_image":[{"width":1920,"height":1451,"url":"https:\/\/nuestrosescritores.com\/manuelmachado\/wp-content\/uploads\/sites\/75\/2019\/01\/feather-4984862_1920.jpg","type":"image\/jpeg"}],"author":"Javierpah","twitter_card":"summary_large_image","twitter_misc":{"Escrito por":"Javierpah","Tiempo de lectura":"1 minuto"},"schema":{"@context":"https:\/\/schema.org","@graph":[{"@type":"Article","@id":"https:\/\/nuestrosescritores.com\/manuelmachado\/2021\/01\/22\/el-jardin-negro\/#article","isPartOf":{"@id":"https:\/\/nuestrosescritores.com\/manuelmachado\/2021\/01\/22\/el-jardin-negro\/"},"author":{"name":"Javierpah","@id":"https:\/\/nuestrosescritores.com\/manuelmachado\/#\/schema\/person\/eeae205ced613630f5aac210989ea6eb"},"headline":"EL JARD\u00cdN NEGRO","datePublished":"2021-01-22T12:28:49+00:00","mainEntityOfPage":{"@id":"https:\/\/nuestrosescritores.com\/manuelmachado\/2021\/01\/22\/el-jardin-negro\/"},"wordCount":115,"image":{"@id":"https:\/\/nuestrosescritores.com\/manuelmachado\/2021\/01\/22\/el-jardin-negro\/#primaryimage"},"thumbnailUrl":"https:\/\/nuestrosescritores.com\/manuelmachado\/wp-content\/uploads\/sites\/75\/2019\/01\/feather-4984862_1920.jpg","articleSection":["Poes\u00eda"],"inLanguage":"es","copyrightYear":"2021","copyrightHolder":{"@id":"https:\/\/nuestrosescritores.com\/#organization"}},{"@type":"WebPage","@id":"https:\/\/nuestrosescritores.com\/manuelmachado\/2021\/01\/22\/el-jardin-negro\/","url":"https:\/\/nuestrosescritores.com\/manuelmachado\/2021\/01\/22\/el-jardin-negro\/","name":"EL JARD\u00cdN NEGRO - Manuel Machado","isPartOf":{"@id":"https:\/\/nuestrosescritores.com\/manuelmachado\/#website"},"primaryImageOfPage":{"@id":"https:\/\/nuestrosescritores.com\/manuelmachado\/2021\/01\/22\/el-jardin-negro\/#primaryimage"},"image":{"@id":"https:\/\/nuestrosescritores.com\/manuelmachado\/2021\/01\/22\/el-jardin-negro\/#primaryimage"},"thumbnailUrl":"https:\/\/nuestrosescritores.com\/manuelmachado\/wp-content\/uploads\/sites\/75\/2019\/01\/feather-4984862_1920.jpg","datePublished":"2021-01-22T12:28:49+00:00","author":{"@id":"https:\/\/nuestrosescritores.com\/manuelmachado\/#\/schema\/person\/eeae205ced613630f5aac210989ea6eb"},"breadcrumb":{"@id":"https:\/\/nuestrosescritores.com\/manuelmachado\/2021\/01\/22\/el-jardin-negro\/#breadcrumb"},"inLanguage":"es","potentialAction":[{"@type":"ReadAction","target":["https:\/\/nuestrosescritores.com\/manuelmachado\/2021\/01\/22\/el-jardin-negro\/"]}]},{"@type":"ImageObject","inLanguage":"es","@id":"https:\/\/nuestrosescritores.com\/manuelmachado\/2021\/01\/22\/el-jardin-negro\/#primaryimage","url":"https:\/\/nuestrosescritores.com\/manuelmachado\/wp-content\/uploads\/sites\/75\/2019\/01\/feather-4984862_1920.jpg","contentUrl":"https:\/\/nuestrosescritores.com\/manuelmachado\/wp-content\/uploads\/sites\/75\/2019\/01\/feather-4984862_1920.jpg","width":1920,"height":1451},{"@type":"BreadcrumbList","@id":"https:\/\/nuestrosescritores.com\/manuelmachado\/2021\/01\/22\/el-jardin-negro\/#breadcrumb","itemListElement":[{"@type":"ListItem","position":1,"name":"Portada","item":"https:\/\/nuestrosescritores.com\/manuelmachado\/"},{"@type":"ListItem","position":2,"name":"EL JARD\u00cdN NEGRO"}]},{"@type":"WebSite","@id":"https:\/\/nuestrosescritores.com\/manuelmachado\/#website","url":"https:\/\/nuestrosescritores.com\/manuelmachado\/","name":"Nuestros escritores","description":"Otro sitio m\u00e1s de Nuestros escritores","potentialAction":[{"@type":"SearchAction","target":{"@type":"EntryPoint","urlTemplate":"https:\/\/nuestrosescritores.com\/manuelmachado\/?s={search_term_string}"},"query-input":{"@type":"PropertyValueSpecification","valueRequired":true,"valueName":"search_term_string"}}],"inLanguage":"es"},{"@type":"Person","@id":"https:\/\/nuestrosescritores.com\/manuelmachado\/#\/schema\/person\/eeae205ced613630f5aac210989ea6eb","name":"Javierpah","image":{"@type":"ImageObject","inLanguage":"es","@id":"https:\/\/secure.gravatar.com\/avatar\/1cb55a5bd8d6824519e46b552e84b03575857cc9c4d6333824d2f95d82129f50?s=96&d=mm&r=g","url":"https:\/\/secure.gravatar.com\/avatar\/1cb55a5bd8d6824519e46b552e84b03575857cc9c4d6333824d2f95d82129f50?s=96&d=mm&r=g","contentUrl":"https:\/\/secure.gravatar.com\/avatar\/1cb55a5bd8d6824519e46b552e84b03575857cc9c4d6333824d2f95d82129f50?s=96&d=mm&r=g","caption":"Javierpah"}}]}},"_links":{"self":[{"href":"https:\/\/nuestrosescritores.com\/manuelmachado\/wp-json\/wp\/v2\/posts\/273","targetHints":{"allow":["GET"]}}],"collection":[{"href":"https:\/\/nuestrosescritores.com\/manuelmachado\/wp-json\/wp\/v2\/posts"}],"about":[{"href":"https:\/\/nuestrosescritores.com\/manuelmachado\/wp-json\/wp\/v2\/types\/post"}],"author":[{"embeddable":true,"href":"https:\/\/nuestrosescritores.com\/manuelmachado\/wp-json\/wp\/v2\/users\/1"}],"replies":[{"embeddable":true,"href":"https:\/\/nuestrosescritores.com\/manuelmachado\/wp-json\/wp\/v2\/comments?post=273"}],"version-history":[{"count":0,"href":"https:\/\/nuestrosescritores.com\/manuelmachado\/wp-json\/wp\/v2\/posts\/273\/revisions"}],"wp:featuredmedia":[{"embeddable":true,"href":"https:\/\/nuestrosescritores.com\/manuelmachado\/wp-json\/wp\/v2\/media\/227"}],"wp:attachment":[{"href":"https:\/\/nuestrosescritores.com\/manuelmachado\/wp-json\/wp\/v2\/media?parent=273"}],"wp:term":[{"taxonomy":"category","embeddable":true,"href":"https:\/\/nuestrosescritores.com\/manuelmachado\/wp-json\/wp\/v2\/categories?post=273"},{"taxonomy":"post_tag","embeddable":true,"href":"https:\/\/nuestrosescritores.com\/manuelmachado\/wp-json\/wp\/v2\/tags?post=273"}],"curies":[{"name":"wp","href":"https:\/\/api.w.org\/{rel}","templated":true}]}}