{"id":142,"date":"2025-12-06T17:38:30","date_gmt":"2025-12-06T17:38:30","guid":{"rendered":"https:\/\/nuestrosescritores.com\/luciagarciaramos\/?p=142"},"modified":"2025-12-06T17:38:30","modified_gmt":"2025-12-06T17:38:30","slug":"informe-de-lectura-renacida-en-mi-calma","status":"publish","type":"post","link":"https:\/\/nuestrosescritores.com\/luciagarciaramos\/2025\/12\/06\/informe-de-lectura-renacida-en-mi-calma\/","title":{"rendered":"INFORME DE LECTURA RENACIDA EN MI CALMA"},"content":{"rendered":"<p><strong>INFORME DE LECTURA<\/strong><\/p>\n<p><strong>RENACIDA EN MI CALMA<\/strong><\/p>\n<p><strong>Autora:<\/strong> Luc\u00eda Garc\u00eda Ramos<br \/>\n<strong>Editorial:<\/strong> Poes\u00eda eres t\u00fa<br \/>\n<strong>A\u00f1o:<\/strong> 2025<br \/>\n<strong>Extensi\u00f3n:<\/strong> 25 poemas distribuidos en 5 secciones<\/p>\n<p><strong>SINOPSIS<\/strong><\/p>\n<p>&#8220;Renacida en mi calma&#8221; traza el recorrido emocional de una mujer que aprende a habitar su propia vida despu\u00e9s del dolor. No es un poemario sobre la herida, sino sobre lo que crece despu\u00e9s de ella. Luc\u00eda Garc\u00eda Ramos construye una cartograf\u00eda \u00edntima del autodescubrimiento mediante cinco etapas progresivas que van desde el reconocimiento del propio valor hasta la proyecci\u00f3n hacia el futuro.<\/p>\n<p>El poemario comienza con la decisi\u00f3n consciente de convertirse en refugio propio, atraviesa el trabajo profundo de enraizamiento en la identidad, experimenta el impulso de la libertad conquistada, explora las relaciones desde la autonom\u00eda y culmina con la apertura serena hacia lo que est\u00e1 por venir. Cada poema funciona como una estaci\u00f3n en este viaje de regreso a una misma, con la particularidad de que ese regreso no implica aislamiento sino expansi\u00f3n.<\/p>\n<p>La voz po\u00e9tica habla desde la experiencia vivida, no desde la teor\u00eda del crecimiento personal. Hay cicatrices reales, d\u00edas dif\u00edciles reconocidos, temblores en las manos al decir que no por primera vez. Esta autenticidad emocional convierte el poemario en compa\u00f1\u00eda genuina para quien atraviesa procesos similares.<\/p>\n<p><strong>AN\u00c1LISIS M\u00c9TRICO Y FORMAL<\/strong><\/p>\n<p><strong>Versificaci\u00f3n<\/strong><\/p>\n<p>Garc\u00eda Ramos emplea predominantemente el <strong>verso libre<\/strong> sin ataduras m\u00e9tricas fijas, permitiendo que el ritmo nazca de la respiraci\u00f3n natural del pensamiento. Esta elecci\u00f3n formal resulta coherente con la tem\u00e1tica de libertad y autenticidad que atraviesa la obra.<\/p>\n<p>Los versos oscilan entre <strong>tetras\u00edlabos y endecas\u00edlabos<\/strong>, con predominio de heptas\u00edlabos y octos\u00edlabos que otorgan musicalidad sin artificiosidad. Por ejemplo, en &#8220;Soy mi casa&#8221;:<\/p>\n<p>&#8220;Soy el lugar donde descanso,&#8221; (9 s\u00edlabas)<br \/>\n&#8220;el refugio que tantas veces busqu\u00e9 afuera.&#8221; (14 s\u00edlabas)<br \/>\n&#8220;Soy las paredes que se sostienen&#8221; (10 s\u00edlabas)<\/p>\n<p>La irregularidad m\u00e9trica no resulta ca\u00f3tica sino org\u00e1nica, respondiendo al contenido emocional de cada verso.<\/p>\n<p><strong>Estructura Estr\u00f3fica<\/strong><\/p>\n<p>Los poemas alternan entre <strong>estrofas irregulares<\/strong> de 2 a 6 versos, con preferencia por tercetos y cuartetos. Esta variedad evita la monoton\u00eda visual y r\u00edtmica. Los espacios en blanco entre estrofas funcionan como pausas respiratorias que invitan a la reflexi\u00f3n.<\/p>\n<p>Algunos poemas como &#8220;La primera vez que dije no&#8221; o &#8220;Los d\u00edas que no soy luz&#8221; emplean estrofas m\u00e1s breves, casi fragmentarias, que refuerzan la idea de vulnerabilidad contenida. Otros como &#8220;Canto de libertad&#8221; desarrollan estrofas m\u00e1s amplias que sugieren expansi\u00f3n.<\/p>\n<p><strong>Recursos R\u00edtmicos<\/strong><\/p>\n<p>Aunque no hay rima consonante sistem\u00e1tica, la autora emplea <strong>rima asonante ocasional<\/strong> que aparece sin forzar el discurso: &#8220;descanso\/afuera&#8221;, &#8220;sostienen\/viento&#8221;, &#8220;temblaban\/salv\u00f3&#8221;. Esta musicalidad sutil enriquece la lectura sin llamar excesivamente la atenci\u00f3n sobre s\u00ed misma.<\/p>\n<p>Las <strong>an\u00e1foras<\/strong> constituyen el recurso r\u00edtmico m\u00e1s empleado, especialmente en poemas de afirmaci\u00f3n identitaria: &#8220;Soy el lugar&#8230; \/ Soy las paredes&#8230;&#8221; o &#8220;He aprendido que&#8230; \/ He aprendido a&#8230;&#8221;. Esta repetici\u00f3n estructural crea ritmo acumulativo que refuerza el mensaje.<\/p>\n<p><strong>COMPARACI\u00d3N CON OTROS AUTORES<\/strong><\/p>\n<p><strong>Tradici\u00f3n Po\u00e9tica Espa\u00f1ola<\/strong><\/p>\n<p>El poemario dialoga impl\u00edcitamente con varias tradiciones de la poes\u00eda espa\u00f1ola contempor\u00e1nea:<\/p>\n<p><strong>Elvira Sastre y la poes\u00eda de la intimidad<\/strong><br \/>\nGarc\u00eda Ramos comparte con Sastre la exploraci\u00f3n del mundo emocional femenino mediante lenguaje accesible. Ambas construyen puentes entre experiencia personal y lectura universal sin recurrir a hermetismo. Sin embargo, mientras Sastre se concentra frecuentemente en el desamor rom\u00e1ntico, Garc\u00eda Ramos centra su mirada en la relaci\u00f3n consigo misma, ampliando el espectro tem\u00e1tico.<\/p>\n<p><strong>Loreto Sesma y el cuerpo como territorio<\/strong><br \/>\nAmbas poetas entienden el cuerpo como espacio de significado. Garc\u00eda Ramos desarrolla esta idea mediante met\u00e1foras arquitect\u00f3nicas (&#8220;Soy mi casa&#8221;) y org\u00e1nicas (&#8220;ra\u00edces&#8221;, &#8220;cicatrices que florecen&#8221;) que recuerdan la corporalidad presente en Sesma, aunque con mayor \u00e9nfasis en la transformaci\u00f3n que en la mera descripci\u00f3n.<\/p>\n<p><strong>\u00c1ngel Gonz\u00e1lez y la conversaci\u00f3n \u00edntima<\/strong><br \/>\nEl tono conversacional de Garc\u00eda Ramos conecta con la tradici\u00f3n de \u00c1ngel Gonz\u00e1lez, quien tambi\u00e9n empleaba lenguaje cotidiano para tratar temas existenciales profundos. Versos como &#8220;Me hago un caf\u00e9, \/ me quedo quieta&#8221; recuerdan la naturalidad expresiva de Gonz\u00e1lez, aunque aplicada a tem\u00e1ticas contempor\u00e1neas de autocuidado.<\/p>\n<p><strong>Mario Benedetti y la esperanza reflexiva<\/strong><br \/>\nLa referencia expl\u00edcita a Benedetti en &#8220;Cuando me permito caer&#8221; no es casual. Garc\u00eda Ramos comparte con el poeta uruguayo la capacidad de abordar el dolor sin dramatismo excesivo, encontrando siempre una ventana hacia la esperanza. La frase benedettiana &#8220;la alegr\u00eda se defiende&#8221; funciona como llave interpretativa de todo el poemario.<\/p>\n<p><strong>Clara Jan\u00e9s y el silencio como lenguaje<\/strong><br \/>\nEl tratamiento del silencio en &#8220;Renacida en mis silencios&#8221; dialoga con la obra de Clara Jan\u00e9s, para quien el silencio no es ausencia sino presencia significativa. Garc\u00eda Ramos desarrolla esta idea: &#8220;En el silencio descubr\u00ed mi voz&#8221;, convirtiendo la paradoja en revelaci\u00f3n.<\/p>\n<p><strong>Posicionamiento en el Panorama Actual<\/strong><\/p>\n<p><strong>Corriente de poes\u00eda terap\u00e9utica<\/strong><br \/>\nEl poemario se inscribe en la tendencia contempor\u00e1nea de la <strong>poes\u00eda del yo sanador<\/strong>, g\u00e9nero cultivado por autoras como Marwan, Defreds o Irene X. Esta corriente privilegia la accesibilidad, la funci\u00f3n cat\u00e1rtica y la identificaci\u00f3n lectora. Garc\u00eda Ramos aporta a esta tradici\u00f3n mayor complejidad estructural mediante la arquitectura pentagonal del poemario.<\/p>\n<p><strong>Poes\u00eda femenina del empoderamiento<\/strong><br \/>\nSe sit\u00faa dentro de la corriente de poes\u00eda escrita por mujeres que explora la construcci\u00f3n identitaria sin victimismo. Autoras como Sara B\u00faho o Luna Miguel han trabajado territorios similares. La diferencia de Garc\u00eda Ramos radica en el equilibrio entre vulnerabilidad y fortaleza, rehuyendo tanto el discurso heroico como el quejumbroso.<\/p>\n<p><strong>Poes\u00eda de redes sociales<\/strong><br \/>\nPor su formato breve, lenguaje directo y tem\u00e1tica identificable, el poemario dialoga con la est\u00e9tica de la poes\u00eda que circula en Instagram y plataformas digitales. Sin embargo, supera la mera frase suelta mediante desarrollo tem\u00e1tico coherente y progresi\u00f3n estructurada.<\/p>\n<p><strong>T\u00c9CNICAS LITERARIAS<\/strong><\/p>\n<p><strong>Met\u00e1fora Sostenida<\/strong><\/p>\n<p>La autora construye <strong>sistemas metaf\u00f3ricos coherentes<\/strong> que se desarrollan a lo largo de secciones completas. El m\u00e1s destacado es el de la <strong>arquitectura dom\u00e9stica<\/strong>: &#8220;Soy mi casa&#8221;, &#8220;paredes que se sostienen&#8221;, &#8220;ventanas abiertas&#8221;, &#8220;refugio&#8221;, &#8220;hogar&#8221;. Esta met\u00e1fora funciona como columna vertebral del poemario, simbolizando la construcci\u00f3n del yo como espacio habitable.<\/p>\n<p>La <strong>met\u00e1fora bot\u00e1nica<\/strong> aparece sistem\u00e1ticamente: &#8220;ra\u00edces&#8221;, &#8220;florecimiento&#8221;, &#8220;semillas&#8221;, &#8220;siembra&#8221;, &#8220;cicatrices que florecen&#8221;. Esta imagen natural sugiere crecimiento org\u00e1nico, paciencia temporal y transformaci\u00f3n gradual.<\/p>\n<p><strong>Personificaci\u00f3n<\/strong><\/p>\n<p>Las emociones y experiencias abstractas adquieren cualidades f\u00edsicas tangibles. El silencio &#8220;habla&#8221;, las cicatrices &#8220;florecen&#8221;, el cansancio &#8220;habla&#8221;, las palabras &#8220;construyen puentes&#8221;. Esta personificaci\u00f3n hace accesible lo intangible, convirtiendo estados emocionales en experiencias sensoriales comprensibles.<\/p>\n<p><strong>Ox\u00edmoron y Paradoja<\/strong><\/p>\n<p>Garc\u00eda Ramos emplea frecuentemente la contradicci\u00f3n aparente como recurso de profundizaci\u00f3n: &#8220;En el silencio descubr\u00ed mi voz&#8221;, &#8220;cicatrices que florecen&#8221;, &#8220;fuerza en mis dudas&#8221;, &#8220;luz en mis sombras&#8221;. Estas paradojas resuelven la complejidad emocional que no admite binarismos simples.<\/p>\n<p><strong>Enumeraci\u00f3n Acumulativa<\/strong><\/p>\n<p>La repetici\u00f3n enumerativa construye identidad mediante capas sucesivas: &#8220;Soy fuego, ra\u00edz y cielo&#8221;, &#8220;Soy hogar, soy refugio, soy amor&#8221;, &#8220;el doble de clara, el doble de yo&#8221;. Esta t\u00e9cnica recuerda el m\u00e9todo whitmaniano de construcci\u00f3n del yo mediante adici\u00f3n.<\/p>\n<p><strong>Im\u00e1genes Sinest\u00e9sicas<\/strong><\/p>\n<p>Aunque empleadas con moderaci\u00f3n, las correspondencias sensoriales enriquecen la experiencia lectora: &#8220;silencios que hablan&#8221;, &#8220;voces que pesan&#8221;, &#8220;palabras que sostienen&#8221;. La sinestesia convierte experiencias abstractas en sensaciones f\u00edsicas reconocibles.<\/p>\n<p><strong>Contraste Temporal<\/strong><\/p>\n<p>Los poemas frecuentemente contraponen pasado y presente (&#8220;He aprendido&#8221;, &#8220;Hoy entiendo&#8221;, &#8220;Ahora mis brazos saben&#8221;) estableciendo narrativa de transformaci\u00f3n. Este recurso subraya el car\u00e1cter procesual del crecimiento personal.<\/p>\n<p><strong>De\u00edxis Afirmativa<\/strong><\/p>\n<p>El uso constante del pronombre de primera persona (&#8220;Soy&#8221;, &#8220;He aprendido&#8221;, &#8220;Siento&#8221;) establece afirmaci\u00f3n identitaria directa. Este recurso genera identificaci\u00f3n lectora inmediata y refuerza el tono testimonial.<\/p>\n<p><strong>Metalenguaje Po\u00e9tico<\/strong><\/p>\n<p>Algunos poemas reflexionan sobre el propio acto de expresi\u00f3n: &#8220;Puente de palabras&#8221;, &#8220;Canto de libertad&#8221;. Esta conciencia metaling\u00fc\u00edstica a\u00f1ade profundidad al discurso.<\/p>\n<p><strong>SIMBOLISMOS PRINCIPALES<\/strong><\/p>\n<p><strong>La Casa \/ Hogar<\/strong><\/p>\n<p><strong>Significado primario:<\/strong> El yo como construcci\u00f3n habitable, espacio propio que se cultiva conscientemente.<\/p>\n<p><strong>Desarrollo:<\/strong> Aparece desde el poema inicial &#8220;Soy mi casa&#8221; y se retoma en &#8220;La casa que habito y la que sue\u00f1o&#8221;. Simboliza la transici\u00f3n de buscar refugio externo a construir refugio interno. Las paredes representan l\u00edmites saludables, las ventanas apertura selectiva, el refugio autoprotecci\u00f3n sin aislamiento.<\/p>\n<p><strong>Evoluci\u00f3n:<\/strong> La casa inicial es presente, la final incluye proyecci\u00f3n futura, mostrando que el yo es proceso constante de construcci\u00f3n.<\/p>\n<p><strong>Ra\u00edces<\/strong><\/p>\n<p><strong>Significado primario:<\/strong> Fundamentos identitarios profundos, conexi\u00f3n con la propia esencia.<\/p>\n<p><strong>Desarrollo:<\/strong> Central en la segunda secci\u00f3n. Las ra\u00edces no son est\u00e1ticas sino que &#8220;necesitan quebrarse \/ para encontrar tierra nueva&#8221;. Simbolizan tanto anclaje como capacidad de transformaci\u00f3n. No representan pasado inamovible sino fundamento flexible.<\/p>\n<p><strong>Matices:<\/strong> Las ra\u00edces pueden ser peso (&#8220;He cargado piedras&#8221;) y fuerza simult\u00e1neamente, resolviendo la paradoja de que el dolor tambi\u00e9n construye.<\/p>\n<p><strong>Cicatrices \/ Heridas<\/strong><\/p>\n<p><strong>Significado primario:<\/strong> Experiencias dolorosas transformadas en aprendizaje visible.<\/p>\n<p><strong>Desarrollo:<\/strong> &#8220;La cicatriz que florece&#8221; representa el simbolismo central del poemario. La herida no desaparece pero cambia de naturaleza: de trauma a testimonio de supervivencia. Las cicatrices &#8220;florecen&#8221;, invierten su significado de da\u00f1o a belleza.<\/p>\n<p><strong>Funci\u00f3n:<\/strong> Legitimaci\u00f3n del dolor como parte constitutiva de la identidad, no como elemento a ocultar.<\/p>\n<p><strong>Alas \/ Vuelo<\/strong><\/p>\n<p><strong>Significado primario:<\/strong> Libertad conquistada, capacidad de movimiento aut\u00f3nomo.<\/p>\n<p><strong>Desarrollo:<\/strong> El vuelo no es huida sino exploraci\u00f3n desde seguridad interna. &#8220;El vuelo comienza \/ cuando dejo de aferrarme&#8221; establece que la libertad requiere soltar, no solo impulsarse.<\/p>\n<p><strong>Contraste:<\/strong> Las alas no niegan las ra\u00edces; representan equilibrio entre enraizamiento y movimiento.<\/p>\n<p><strong>Puentes<\/strong><\/p>\n<p><strong>Significado primario:<\/strong> Conexi\u00f3n con otros que no implica p\u00e9rdida de identidad.<\/p>\n<p><strong>Desarrollo:<\/strong> Los puentes cruzan sin borrar orillas. &#8220;Amar sin perderme&#8221; resume la filosof\u00eda relacional del poemario: es posible vincularse desde la completitud individual. Los puentes son construcciones conscientes, no fusiones accidentales.<\/p>\n<p><strong>Material:<\/strong> Los puentes se construyen con &#8220;palabras sinceras&#8221;, estableciendo la comunicaci\u00f3n como arquitectura relacional.<\/p>\n<p><strong>Silencio<\/strong><\/p>\n<p><strong>Significado primario:<\/strong> Espacio de autoescucha, no vac\u00edo sino plenitud.<\/p>\n<p><strong>Desarrollo:<\/strong> &#8220;Renacida en mis silencios&#8221; invierte la valoraci\u00f3n negativa del silencio. No representa ausencia de voz sino presencia de escucha interna. El silencio es activo, generador, revelador.<\/p>\n<p><strong>Contraste cultural:<\/strong> Frente a la hiperconectividad contempor\u00e1nea, el silencio aparece como resistencia necesaria.<\/p>\n<p><strong>Luz \/ Penumbra<\/strong><\/p>\n<p><strong>Significado primario:<\/strong> Estados emocionales variables, no absolutos.<\/p>\n<p><strong>Desarrollo:<\/strong> &#8220;Los d\u00edas que no soy luz&#8221; introduce complejidad crucial. La autora evita el binarismo luz\/oscuridad mediante el t\u00e9rmino &#8220;penumbra&#8221;, legitimando estados intermedios. No todos los d\u00edas brillan, y esa normalidad resulta liberadora.<\/p>\n<p><strong>Funci\u00f3n:<\/strong> Realismo emocional que evita idealizaci\u00f3n del crecimiento personal.<\/p>\n<p><strong>Horizonte<\/strong><\/p>\n<p><strong>Significado primario:<\/strong> Futuro abierto, posibilidad sin determinaci\u00f3n.<\/p>\n<p><strong>Desarrollo:<\/strong> &#8220;Horizontes dentro de m\u00ed&#8221; establece que el futuro no est\u00e1 solo adelante sino tambi\u00e9n adentro. Los horizontes son exploraciones tanto temporales como psicol\u00f3gicas.<\/p>\n<p><strong>Amplitud:<\/strong> El horizonte no es meta fija sino expansi\u00f3n constante: &#8220;Hasta el infinito de m\u00ed&#8221;.<\/p>\n<p><strong>Agua \/ R\u00edo<\/strong><\/p>\n<p><strong>Significado primario:<\/strong> Flujo temporal, obst\u00e1culo transformado en camino.<\/p>\n<p><strong>Desarrollo:<\/strong> &#8220;El otro lado del r\u00edo&#8221; presenta el agua como separaci\u00f3n que exige paciencia. Los r\u00edos no se saltan, se cruzan construyendo puentes. El agua simboliza aquello que requiere tiempo y estrategia, no fuerza bruta.<\/p>\n<p><strong>Diciembre \/ Invierno<\/strong><\/p>\n<p><strong>Significado primario:<\/strong> Etapa de aparente inactividad que prepara florecimiento.<\/p>\n<p><strong>Desarrollo:<\/strong> &#8220;Diciembre interior&#8221; resignifica el fr\u00edo como espacio de gestaci\u00f3n. El invierno no es muerte sino pausa necesaria. &#8220;Incluso en el fr\u00edo \/ puedo florecer&#8221; establece que todas las estaciones son f\u00e9rtiles.<\/p>\n<p><strong>IMPACTO DE LA ESTRUCTURA EN LA PERCEPCI\u00d3N DEL LECTOR<\/strong><\/p>\n<p><strong>Progresi\u00f3n Ascendente<\/strong><\/p>\n<p>La estructura pentagonal del poemario crea una <strong>sensaci\u00f3n de avance continuo<\/strong>. El lector no experimenta el libro como colecci\u00f3n de poemas sueltos sino como viaje con direcci\u00f3n clara. Esta arquitectura narrativa genera satisfacci\u00f3n de completitud al terminar la lectura.<\/p>\n<p>El paso de &#8220;Renacer&#8221; a &#8220;Horizontes&#8221; traza una curva emocional que va desde la decisi\u00f3n inicial de cambio hasta la proyecci\u00f3n serena hacia el futuro. Esta progresi\u00f3n evita tanto el estancamiento como el optimismo superficial, mostrando proceso realista.<\/p>\n<p><strong>Ritmo Alternante<\/strong><\/p>\n<p>La distribuci\u00f3n de cinco poemas por secci\u00f3n, con el quinto funcionando como contrapunto que introduce vulnerabilidad, genera <strong>ritmo respiratorio<\/strong>: cuatro poemas de crecimiento, uno de reconocimiento de fragilidad. Este patr\u00f3n evita monoton\u00eda tonal y aporta credibilidad emocional.<\/p>\n<p>El lector experimenta la alternancia como reflejo de realidad emocional aut\u00e9ntica, no como discurso idealizado. Los poemas &#8220;Los d\u00edas que no soy luz&#8221;, &#8220;El d\u00eda que aprend\u00ed a quererme&#8221; o &#8220;Cuando me permito caer&#8221; funcionan como pausas necesarias que humanizan el proceso.<\/p>\n<p><strong>Simetr\u00eda Arquitect\u00f3nica<\/strong><\/p>\n<p>La estructura sim\u00e9trica (5 secciones x 5 poemas) crea <strong>sensaci\u00f3n de equilibrio y completitud<\/strong>. Esta simetr\u00eda formal contrasta con la irregularidad del crecimiento personal que describe, generando tensi\u00f3n productiva entre forma y contenido.<\/p>\n<p>El lector percibe organizaci\u00f3n mental clara, control autoral sobre el material emocional. Esta estructura sugiere que el caos emocional puede ordenarse mediante comprensi\u00f3n y expresi\u00f3n, mensaje impl\u00edcito pero poderoso.<\/p>\n<p><strong>Puntos de Entrada M\u00faltiples<\/strong><\/p>\n<p>Aunque dise\u00f1ado como lectura secuencial, el poemario permite <strong>lecturas fragmentarias<\/strong> efectivas. Cada secci\u00f3n funciona aut\u00f3nomamente, permitiendo al lector entrar desde cualquier punto seg\u00fan su momento vital. Esta flexibilidad ampl\u00eda el uso del libro como compa\u00f1\u00eda en diferentes etapas.<\/p>\n<p><strong>Efecto Acumulativo<\/strong><\/p>\n<p>Los sistemas metaf\u00f3ricos recurrentes (casa, ra\u00edces, alas, puentes, horizontes) crean <strong>efecto de reconocimiento<\/strong>. Al encontrar las mismas im\u00e1genes desarrolladas progresivamente, el lector experimenta sensaci\u00f3n de profundizaci\u00f3n, como si cada nueva aparici\u00f3n a\u00f1adiera capas de significado.<\/p>\n<p><strong>Cierre Circular<\/strong><\/p>\n<p>El \u00faltimo poema &#8220;Cuando me permito caer&#8221; cierra el c\u00edrculo regresando al reconocimiento de fragilidad del inicio, pero desde posici\u00f3n transformada. Esta circularidad genera <strong>sensaci\u00f3n de ciclo completo<\/strong> sin final definitivo, sugiriendo que el crecimiento personal es proceso continuo, no destino alcanzable.<\/p>\n<p><strong>ESTRUCTURA EN T\u00c9RMINOS DE TEMAS Y SECUENCIAS<\/strong><\/p>\n<p><strong>Primera Secci\u00f3n: RENACER (Decisi\u00f3n y Desprendimiento)<\/strong><\/p>\n<p><strong>Tema nuclear:<\/strong> Elecci\u00f3n consciente de habitarse a una misma.<\/p>\n<p><strong>Secuencia emocional:<\/strong><\/p>\n<ol>\n<li>&#8220;Soy mi casa&#8221;: Declaraci\u00f3n program\u00e1tica de autosuficiencia emocional<\/li>\n<li>&#8220;La piel que dejo atr\u00e1s&#8221;: Proceso activo de desprendimiento de identidades impuestas<\/li>\n<li>&#8220;Diciembre interior&#8221;: Aceptaci\u00f3n del fr\u00edo emocional como espacio f\u00e9rtil<\/li>\n<li>&#8220;Renacida en mis silencios&#8221;: El silencio como maestro, no como vac\u00edo<\/li>\n<li>&#8220;La primera vez que dije no&#8221;: Micro-relato de afirmaci\u00f3n identitaria<\/li>\n<\/ol>\n<p><strong>Funci\u00f3n estructural:<\/strong> Establece las bases del viaje. La secci\u00f3n funciona como umbral entre el antes (impl\u00edcito) y el ahora (expl\u00edcito). El lector ingresa al poemario en el momento de la decisi\u00f3n, no del trauma que la precedi\u00f3.<\/p>\n<p><strong>Movimiento interno:<\/strong> Transici\u00f3n de reflexi\u00f3n general (&#8220;Soy mi casa&#8221;) a experiencia concreta (&#8220;La primera vez que dije no&#8221;), mostrando que el crecimiento es tanto conceptual como vivencial.<\/p>\n<p><strong>Segunda Secci\u00f3n: RA\u00cdCES (Fundamento y Aceptaci\u00f3n)<\/strong><\/p>\n<p><strong>Tema nuclear:<\/strong> Construcci\u00f3n de fundamentos identitarios s\u00f3lidos mediante aceptaci\u00f3n total de la experiencia.<\/p>\n<p><strong>Secuencia emocional:<\/strong><\/p>\n<ol>\n<li>&#8220;El peso y la fuerza&#8221;: Paradoja de que las cargas construyen m\u00fasculo emocional<\/li>\n<li>&#8220;Aprender a abrazarme&#8221;: Autocuidado como pr\u00e1ctica consciente, no instinto<\/li>\n<li>&#8220;La cicatriz que florece&#8221;: Transformaci\u00f3n del dolor en belleza visible<\/li>\n<li>&#8220;Ra\u00edces de calma&#8221;: Anclaje en la propia presencia como pr\u00e1ctica meditativa<\/li>\n<li>&#8220;Los d\u00edas que no soy luz&#8221;: Legitimaci\u00f3n de la vulnerabilidad sin culpa<\/li>\n<\/ol>\n<p><strong>Funci\u00f3n estructural:<\/strong> Profundiza el compromiso inicial. Si &#8220;Renacer&#8221; era decisi\u00f3n, &#8220;Ra\u00edces&#8221; es trabajo concreto de construcci\u00f3n. La met\u00e1fora bot\u00e1nica domina esta secci\u00f3n, estableciendo que el crecimiento requiere tiempo subterr\u00e1neo antes de manifestarse visiblemente.<\/p>\n<p><strong>Movimiento interno:<\/strong> De reconocimiento del dolor pasado hacia establecimiento de pr\u00e1ctica presente de autocuidado. El cierre con vulnerabilidad legitima la no linealidad del proceso.<\/p>\n<p><strong>Tercera Secci\u00f3n: ALAS (Impulso y Expansi\u00f3n)<\/strong><\/p>\n<p><strong>Tema nuclear:<\/strong> Libertad conquistada mediante suelta consciente.<\/p>\n<p><strong>Secuencia emocional:<\/strong><\/p>\n<ol>\n<li>&#8220;El vuelo comienza&#8221;: Primer impulso hacia la autonom\u00eda plena<\/li>\n<li>&#8220;Horizontes dentro de m\u00ed&#8221;: Descubrimiento de vastedad interna insospechada<\/li>\n<li>&#8220;El valor de soltar&#8221;: Aprendizaje de que retener todo genera peso, no seguridad<\/li>\n<li>&#8220;Canto de libertad&#8221;: Celebraci\u00f3n gozosa de la autonom\u00eda conquistada<\/li>\n<li>&#8220;El d\u00eda que aprend\u00ed a quererme&#8221;: Humor y ligereza en el autodescubrimiento<\/li>\n<\/ol>\n<p><strong>Funci\u00f3n estructural:<\/strong> Representa el momento de mayor impulso ascendente del poemario. Las im\u00e1genes de vuelo, canto y expansi\u00f3n dominan. Esta secci\u00f3n marca el punto medio de la obra, momento de m\u00e1xima energ\u00eda antes de la apertura relacional de la siguiente fase.<\/p>\n<p><strong>Movimiento interno:<\/strong> Progresi\u00f3n desde tentativa inicial (&#8220;comienza&#8221;) hasta consolidaci\u00f3n celebratoria (&#8220;canto&#8221;) y finalmente autoiron\u00eda que muestra madurez emocional.<\/p>\n<p><strong>Cuarta Secci\u00f3n: PUENTES (Relaci\u00f3n desde la Completitud)<\/strong><\/p>\n<p><strong>Tema nuclear:<\/strong> Construcci\u00f3n de v\u00ednculos que respetan la individualidad.<\/p>\n<p><strong>Secuencia emocional:<\/strong><\/p>\n<ol>\n<li>&#8220;Encuentro de miradas&#8221;: Tipo de conexi\u00f3n que se busca, basada en reflejo no en posesi\u00f3n<\/li>\n<li>&#8220;Amar sin perderme&#8221;: Formulaci\u00f3n expl\u00edcita de la paradoja relacional<\/li>\n<li>&#8220;El otro lado del r\u00edo&#8221;: Distancia necesaria, paciencia requerida<\/li>\n<li>&#8220;Puente de palabras&#8221;: La comunicaci\u00f3n como arquitectura relacional<\/li>\n<li>&#8220;Entre orillas&#8221;: Reconocimiento de que la conexi\u00f3n no elimina la soledad existencial<\/li>\n<\/ol>\n<p><strong>Funci\u00f3n estructural:<\/strong> Tras las tres primeras secciones centradas en el yo, esta secci\u00f3n abre hacia el otro sin renunciar a lo conquistado. Los puentes simbolizan conexi\u00f3n que mantiene orillas diferenciadas. La secci\u00f3n responde a la pregunta impl\u00edcita: \u00bfc\u00f3mo relacionarse despu\u00e9s de haberse encontrado?<\/p>\n<p><strong>Movimiento interno:<\/strong> De idealizaci\u00f3n de la conexi\u00f3n (&#8220;miradas&#8221;) hacia realismo relacional (&#8220;entre orillas&#8221;), mostrando que los v\u00ednculos sanos admiten d\u00edas dif\u00edciles.<\/p>\n<p><strong>Quinta Secci\u00f3n: HORIZONTES (Proyecci\u00f3n y Apertura)<\/strong><\/p>\n<p><strong>Tema nuclear:<\/strong> Mirada hacia el futuro desde la calma conquistada.<\/p>\n<p><strong>Secuencia emocional:<\/strong><\/p>\n<ol>\n<li>&#8220;Lo que viene&#8221;: Futuro que inspira, no que atemoriza<\/li>\n<li>&#8220;La casa que habito y la que sue\u00f1o&#8221;: Tensi\u00f3n creativa entre presente y aspiraci\u00f3n<\/li>\n<li>&#8220;Somos tiempo y siembra&#8221;: Paciencia temporal, confianza en procesos lentos<\/li>\n<li>&#8220;Hasta el infinito de m\u00ed&#8221;: Apertura a la propia vastedad ilimitada<\/li>\n<li>&#8220;Cuando me permito caer&#8221;: Cierre que reconoce fragilidad sin dramatismo<\/li>\n<\/ol>\n<p><strong>Funci\u00f3n estructural:<\/strong> Cierre que no clausura sino que abre. Los horizontes por definici\u00f3n no se alcanzan, se persiguen. Esta secci\u00f3n proyecta el aprendizaje del poemario hacia un futuro abierto, sugiriendo que el crecimiento no termina con el libro.<\/p>\n<p><strong>Movimiento interno:<\/strong> Expansi\u00f3n m\u00e1xima (&#8220;infinito de m\u00ed&#8221;) seguida de contracci\u00f3n realista (&#8220;me permito caer&#8221;), estableciendo que la sabidur\u00eda no elimina la humanidad.<\/p>\n<p><strong>VALORACI\u00d3N FINAL<\/strong><\/p>\n<p>&#8220;Renacida en mi calma&#8221; es un poemario que cumple efectivamente su prop\u00f3sito: acompa\u00f1ar procesos de autodescubrimiento mediante lenguaje accesible y estructura coherente. Luc\u00eda Garc\u00eda Ramos demuestra madurez po\u00e9tica al equilibrar vulnerabilidad con esperanza, evitando tanto el dramatismo excesivo como el optimismo superficial.<\/p>\n<p>La obra se posiciona s\u00f3lidamente en el panorama de la poes\u00eda contempor\u00e1nea espa\u00f1ola de tem\u00e1tica introspectiva, aportando estructura pentagonal que enriquece el g\u00e9nero habitualmente fragmentario. El di\u00e1logo con la tradici\u00f3n po\u00e9tica, especialmente mediante la referencia a Benedetti, sit\u00faa la obra en contexto cultural amplio.<\/p>\n<p>Las t\u00e9cnicas literarias empleadas resultan efectivas sin resultar exhibicionistas, al servicio del contenido emocional m\u00e1s que de la experimentaci\u00f3n formal. Los simbolismos desarrollados crean red sem\u00e1ntica coherente que refuerza la unidad del poemario.<\/p>\n<p>La estructura del libro genera experiencia lectora satisfactoria mediante progresi\u00f3n clara, ritmo alternante y cierre circular que invita a la relectura. El impacto en el lector depender\u00e1 de su momento vital, pero el poemario ofrece m\u00faltiples puntos de entrada que ampl\u00edan su alcance.<\/p>\n<p>Esta es una voz po\u00e9tica aut\u00e9ntica que seguir\u00e1 desarroll\u00e1ndose. El poemario muestra bases s\u00f3lidas para evoluci\u00f3n futura hacia mayor complejidad formal sin perder la accesibilidad que constituye su fortaleza principal.<\/p>\n","protected":false},"excerpt":{"rendered":"<p>Informe de lectura cr\u00edtico sobre Renacida en mi calma, que valora su estructura en cinco etapas, la voz po\u00e9tica sanadora y la evoluci\u00f3n hacia el amor propio y la resiliencia.<\/p>\n","protected":false},"author":1,"featured_media":120,"comment_status":"closed","ping_status":"closed","sticky":false,"template":"","format":"standard","meta":{"_acf_changed":false,"footnotes":""},"categories":[5],"tags":[],"class_list":["post-142","post","type-post","status-publish","format-standard","has-post-thumbnail","hentry","category-renacida-en-mi-calma-literarios"],"acf":[],"yoast_head":"<!-- This site is optimized with the Yoast SEO Premium plugin v24.7 (Yoast SEO v27.4) - https:\/\/yoast.com\/product\/yoast-seo-premium-wordpress\/ -->\n<title>INFORME DE LECTURA RENACIDA EN MI CALMA - Luc\u00eda Garc\u00eda Ramos<\/title>\n<meta name=\"description\" content=\"Informe de lectura cr\u00edtico sobre Renacida en mi calma, que valora su estructura en cinco etapas, la voz po\u00e9tica sanadora y la evoluci\u00f3n hacia el amor propio y la resiliencia.\" \/>\n<meta name=\"robots\" content=\"index, follow, max-snippet:-1, max-image-preview:large, max-video-preview:-1\" \/>\n<link rel=\"canonical\" href=\"https:\/\/nuestrosescritores.com\/luciagarciaramos\/2025\/12\/06\/informe-de-lectura-renacida-en-mi-calma\/\" \/>\n<meta property=\"og:locale\" content=\"es_ES\" \/>\n<meta property=\"og:type\" content=\"article\" \/>\n<meta property=\"og:title\" content=\"INFORME DE LECTURA RENACIDA EN MI CALMA\" \/>\n<meta property=\"og:description\" content=\"Informe de lectura cr\u00edtico sobre Renacida en mi calma, que valora su estructura en cinco etapas, la voz po\u00e9tica sanadora y la evoluci\u00f3n hacia el amor propio y la resiliencia.\" \/>\n<meta property=\"og:url\" content=\"https:\/\/nuestrosescritores.com\/luciagarciaramos\/2025\/12\/06\/informe-de-lectura-renacida-en-mi-calma\/\" \/>\n<meta property=\"og:site_name\" content=\"Luc\u00eda Garc\u00eda Ramos\" \/>\n<meta property=\"article:published_time\" content=\"2025-12-06T17:38:30+00:00\" \/>\n<meta property=\"og:image\" content=\"https:\/\/nuestrosescritores.com\/luciagarciaramos\/wp-content\/uploads\/sites\/134\/2025\/12\/book2.png\" \/>\n\t<meta property=\"og:image:width\" content=\"839\" \/>\n\t<meta property=\"og:image:height\" content=\"794\" \/>\n\t<meta property=\"og:image:type\" content=\"image\/png\" \/>\n<meta name=\"author\" content=\"Javierpah\" \/>\n<meta name=\"twitter:card\" content=\"summary_large_image\" \/>\n<meta name=\"twitter:label1\" content=\"Escrito por\" \/>\n\t<meta name=\"twitter:data1\" content=\"Javierpah\" \/>\n\t<meta name=\"twitter:label2\" content=\"Tiempo de lectura\" \/>\n\t<meta name=\"twitter:data2\" content=\"14 minutos\" \/>\n<script type=\"application\/ld+json\" class=\"yoast-schema-graph\">{\"@context\":\"https:\\\/\\\/schema.org\",\"@graph\":[{\"@type\":\"Article\",\"@id\":\"https:\\\/\\\/nuestrosescritores.com\\\/luciagarciaramos\\\/2025\\\/12\\\/06\\\/informe-de-lectura-renacida-en-mi-calma\\\/#article\",\"isPartOf\":{\"@id\":\"https:\\\/\\\/nuestrosescritores.com\\\/luciagarciaramos\\\/2025\\\/12\\\/06\\\/informe-de-lectura-renacida-en-mi-calma\\\/\"},\"author\":{\"name\":\"Javierpah\",\"@id\":\"https:\\\/\\\/nuestrosescritores.com\\\/luciagarciaramos\\\/#\\\/schema\\\/person\\\/eeae205ced613630f5aac210989ea6eb\"},\"headline\":\"INFORME DE LECTURA RENACIDA EN MI CALMA\",\"datePublished\":\"2025-12-06T17:38:30+00:00\",\"mainEntityOfPage\":{\"@id\":\"https:\\\/\\\/nuestrosescritores.com\\\/luciagarciaramos\\\/2025\\\/12\\\/06\\\/informe-de-lectura-renacida-en-mi-calma\\\/\"},\"wordCount\":3355,\"image\":{\"@id\":\"https:\\\/\\\/nuestrosescritores.com\\\/luciagarciaramos\\\/2025\\\/12\\\/06\\\/informe-de-lectura-renacida-en-mi-calma\\\/#primaryimage\"},\"thumbnailUrl\":\"https:\\\/\\\/nuestrosescritores.com\\\/luciagarciaramos\\\/wp-content\\\/uploads\\\/sites\\\/134\\\/2025\\\/12\\\/book2.png\",\"articleSection\":[\"RENACIDA EN MI CALMA. LITERARIOS.\"],\"inLanguage\":\"es\",\"copyrightYear\":\"2025\",\"copyrightHolder\":{\"@id\":\"https:\\\/\\\/nuestrosescritores.com\\\/#organization\"}},{\"@type\":\"WebPage\",\"@id\":\"https:\\\/\\\/nuestrosescritores.com\\\/luciagarciaramos\\\/2025\\\/12\\\/06\\\/informe-de-lectura-renacida-en-mi-calma\\\/\",\"url\":\"https:\\\/\\\/nuestrosescritores.com\\\/luciagarciaramos\\\/2025\\\/12\\\/06\\\/informe-de-lectura-renacida-en-mi-calma\\\/\",\"name\":\"INFORME DE LECTURA RENACIDA EN MI CALMA - Luc\u00eda Garc\u00eda Ramos\",\"isPartOf\":{\"@id\":\"https:\\\/\\\/nuestrosescritores.com\\\/luciagarciaramos\\\/#website\"},\"primaryImageOfPage\":{\"@id\":\"https:\\\/\\\/nuestrosescritores.com\\\/luciagarciaramos\\\/2025\\\/12\\\/06\\\/informe-de-lectura-renacida-en-mi-calma\\\/#primaryimage\"},\"image\":{\"@id\":\"https:\\\/\\\/nuestrosescritores.com\\\/luciagarciaramos\\\/2025\\\/12\\\/06\\\/informe-de-lectura-renacida-en-mi-calma\\\/#primaryimage\"},\"thumbnailUrl\":\"https:\\\/\\\/nuestrosescritores.com\\\/luciagarciaramos\\\/wp-content\\\/uploads\\\/sites\\\/134\\\/2025\\\/12\\\/book2.png\",\"datePublished\":\"2025-12-06T17:38:30+00:00\",\"author\":{\"@id\":\"https:\\\/\\\/nuestrosescritores.com\\\/luciagarciaramos\\\/#\\\/schema\\\/person\\\/eeae205ced613630f5aac210989ea6eb\"},\"description\":\"Informe de lectura cr\u00edtico sobre Renacida en mi calma, que valora su estructura en cinco etapas, la voz po\u00e9tica sanadora y la evoluci\u00f3n hacia el amor propio y la resiliencia.\",\"breadcrumb\":{\"@id\":\"https:\\\/\\\/nuestrosescritores.com\\\/luciagarciaramos\\\/2025\\\/12\\\/06\\\/informe-de-lectura-renacida-en-mi-calma\\\/#breadcrumb\"},\"inLanguage\":\"es\",\"potentialAction\":[{\"@type\":\"ReadAction\",\"target\":[\"https:\\\/\\\/nuestrosescritores.com\\\/luciagarciaramos\\\/2025\\\/12\\\/06\\\/informe-de-lectura-renacida-en-mi-calma\\\/\"]}]},{\"@type\":\"ImageObject\",\"inLanguage\":\"es\",\"@id\":\"https:\\\/\\\/nuestrosescritores.com\\\/luciagarciaramos\\\/2025\\\/12\\\/06\\\/informe-de-lectura-renacida-en-mi-calma\\\/#primaryimage\",\"url\":\"https:\\\/\\\/nuestrosescritores.com\\\/luciagarciaramos\\\/wp-content\\\/uploads\\\/sites\\\/134\\\/2025\\\/12\\\/book2.png\",\"contentUrl\":\"https:\\\/\\\/nuestrosescritores.com\\\/luciagarciaramos\\\/wp-content\\\/uploads\\\/sites\\\/134\\\/2025\\\/12\\\/book2.png\",\"width\":839,\"height\":794},{\"@type\":\"BreadcrumbList\",\"@id\":\"https:\\\/\\\/nuestrosescritores.com\\\/luciagarciaramos\\\/2025\\\/12\\\/06\\\/informe-de-lectura-renacida-en-mi-calma\\\/#breadcrumb\",\"itemListElement\":[{\"@type\":\"ListItem\",\"position\":1,\"name\":\"Portada\",\"item\":\"https:\\\/\\\/nuestrosescritores.com\\\/luciagarciaramos\\\/\"},{\"@type\":\"ListItem\",\"position\":2,\"name\":\"INFORME DE LECTURA RENACIDA EN MI CALMA\"}]},{\"@type\":\"WebSite\",\"@id\":\"https:\\\/\\\/nuestrosescritores.com\\\/luciagarciaramos\\\/#website\",\"url\":\"https:\\\/\\\/nuestrosescritores.com\\\/luciagarciaramos\\\/\",\"name\":\"Nuestros escritores\",\"description\":\"Escritora\",\"potentialAction\":[{\"@type\":\"SearchAction\",\"target\":{\"@type\":\"EntryPoint\",\"urlTemplate\":\"https:\\\/\\\/nuestrosescritores.com\\\/luciagarciaramos\\\/?s={search_term_string}\"},\"query-input\":{\"@type\":\"PropertyValueSpecification\",\"valueRequired\":true,\"valueName\":\"search_term_string\"}}],\"inLanguage\":\"es\"},{\"@type\":\"Person\",\"@id\":\"https:\\\/\\\/nuestrosescritores.com\\\/luciagarciaramos\\\/#\\\/schema\\\/person\\\/eeae205ced613630f5aac210989ea6eb\",\"name\":\"Javierpah\",\"image\":{\"@type\":\"ImageObject\",\"inLanguage\":\"es\",\"@id\":\"https:\\\/\\\/secure.gravatar.com\\\/avatar\\\/1cb55a5bd8d6824519e46b552e84b03575857cc9c4d6333824d2f95d82129f50?s=96&d=mm&r=g\",\"url\":\"https:\\\/\\\/secure.gravatar.com\\\/avatar\\\/1cb55a5bd8d6824519e46b552e84b03575857cc9c4d6333824d2f95d82129f50?s=96&d=mm&r=g\",\"contentUrl\":\"https:\\\/\\\/secure.gravatar.com\\\/avatar\\\/1cb55a5bd8d6824519e46b552e84b03575857cc9c4d6333824d2f95d82129f50?s=96&d=mm&r=g\",\"caption\":\"Javierpah\"}}]}<\/script>\n<!-- \/ Yoast SEO Premium plugin. -->","yoast_head_json":{"title":"INFORME DE LECTURA RENACIDA EN MI CALMA - Luc\u00eda Garc\u00eda Ramos","description":"Informe de lectura cr\u00edtico sobre Renacida en mi calma, que valora su estructura en cinco etapas, la voz po\u00e9tica sanadora y la evoluci\u00f3n hacia el amor propio y la resiliencia.","robots":{"index":"index","follow":"follow","max-snippet":"max-snippet:-1","max-image-preview":"max-image-preview:large","max-video-preview":"max-video-preview:-1"},"canonical":"https:\/\/nuestrosescritores.com\/luciagarciaramos\/2025\/12\/06\/informe-de-lectura-renacida-en-mi-calma\/","og_locale":"es_ES","og_type":"article","og_title":"INFORME DE LECTURA RENACIDA EN MI CALMA","og_description":"Informe de lectura cr\u00edtico sobre Renacida en mi calma, que valora su estructura en cinco etapas, la voz po\u00e9tica sanadora y la evoluci\u00f3n hacia el amor propio y la resiliencia.","og_url":"https:\/\/nuestrosescritores.com\/luciagarciaramos\/2025\/12\/06\/informe-de-lectura-renacida-en-mi-calma\/","og_site_name":"Luc\u00eda Garc\u00eda Ramos","article_published_time":"2025-12-06T17:38:30+00:00","og_image":[{"width":839,"height":794,"url":"https:\/\/nuestrosescritores.com\/luciagarciaramos\/wp-content\/uploads\/sites\/134\/2025\/12\/book2.png","type":"image\/png"}],"author":"Javierpah","twitter_card":"summary_large_image","twitter_misc":{"Escrito por":"Javierpah","Tiempo de lectura":"14 minutos"},"schema":{"@context":"https:\/\/schema.org","@graph":[{"@type":"Article","@id":"https:\/\/nuestrosescritores.com\/luciagarciaramos\/2025\/12\/06\/informe-de-lectura-renacida-en-mi-calma\/#article","isPartOf":{"@id":"https:\/\/nuestrosescritores.com\/luciagarciaramos\/2025\/12\/06\/informe-de-lectura-renacida-en-mi-calma\/"},"author":{"name":"Javierpah","@id":"https:\/\/nuestrosescritores.com\/luciagarciaramos\/#\/schema\/person\/eeae205ced613630f5aac210989ea6eb"},"headline":"INFORME DE LECTURA RENACIDA EN MI CALMA","datePublished":"2025-12-06T17:38:30+00:00","mainEntityOfPage":{"@id":"https:\/\/nuestrosescritores.com\/luciagarciaramos\/2025\/12\/06\/informe-de-lectura-renacida-en-mi-calma\/"},"wordCount":3355,"image":{"@id":"https:\/\/nuestrosescritores.com\/luciagarciaramos\/2025\/12\/06\/informe-de-lectura-renacida-en-mi-calma\/#primaryimage"},"thumbnailUrl":"https:\/\/nuestrosescritores.com\/luciagarciaramos\/wp-content\/uploads\/sites\/134\/2025\/12\/book2.png","articleSection":["RENACIDA EN MI CALMA. LITERARIOS."],"inLanguage":"es","copyrightYear":"2025","copyrightHolder":{"@id":"https:\/\/nuestrosescritores.com\/#organization"}},{"@type":"WebPage","@id":"https:\/\/nuestrosescritores.com\/luciagarciaramos\/2025\/12\/06\/informe-de-lectura-renacida-en-mi-calma\/","url":"https:\/\/nuestrosescritores.com\/luciagarciaramos\/2025\/12\/06\/informe-de-lectura-renacida-en-mi-calma\/","name":"INFORME DE LECTURA RENACIDA EN MI CALMA - Luc\u00eda Garc\u00eda Ramos","isPartOf":{"@id":"https:\/\/nuestrosescritores.com\/luciagarciaramos\/#website"},"primaryImageOfPage":{"@id":"https:\/\/nuestrosescritores.com\/luciagarciaramos\/2025\/12\/06\/informe-de-lectura-renacida-en-mi-calma\/#primaryimage"},"image":{"@id":"https:\/\/nuestrosescritores.com\/luciagarciaramos\/2025\/12\/06\/informe-de-lectura-renacida-en-mi-calma\/#primaryimage"},"thumbnailUrl":"https:\/\/nuestrosescritores.com\/luciagarciaramos\/wp-content\/uploads\/sites\/134\/2025\/12\/book2.png","datePublished":"2025-12-06T17:38:30+00:00","author":{"@id":"https:\/\/nuestrosescritores.com\/luciagarciaramos\/#\/schema\/person\/eeae205ced613630f5aac210989ea6eb"},"description":"Informe de lectura cr\u00edtico sobre Renacida en mi calma, que valora su estructura en cinco etapas, la voz po\u00e9tica sanadora y la evoluci\u00f3n hacia el amor propio y la resiliencia.","breadcrumb":{"@id":"https:\/\/nuestrosescritores.com\/luciagarciaramos\/2025\/12\/06\/informe-de-lectura-renacida-en-mi-calma\/#breadcrumb"},"inLanguage":"es","potentialAction":[{"@type":"ReadAction","target":["https:\/\/nuestrosescritores.com\/luciagarciaramos\/2025\/12\/06\/informe-de-lectura-renacida-en-mi-calma\/"]}]},{"@type":"ImageObject","inLanguage":"es","@id":"https:\/\/nuestrosescritores.com\/luciagarciaramos\/2025\/12\/06\/informe-de-lectura-renacida-en-mi-calma\/#primaryimage","url":"https:\/\/nuestrosescritores.com\/luciagarciaramos\/wp-content\/uploads\/sites\/134\/2025\/12\/book2.png","contentUrl":"https:\/\/nuestrosescritores.com\/luciagarciaramos\/wp-content\/uploads\/sites\/134\/2025\/12\/book2.png","width":839,"height":794},{"@type":"BreadcrumbList","@id":"https:\/\/nuestrosescritores.com\/luciagarciaramos\/2025\/12\/06\/informe-de-lectura-renacida-en-mi-calma\/#breadcrumb","itemListElement":[{"@type":"ListItem","position":1,"name":"Portada","item":"https:\/\/nuestrosescritores.com\/luciagarciaramos\/"},{"@type":"ListItem","position":2,"name":"INFORME DE LECTURA RENACIDA EN MI CALMA"}]},{"@type":"WebSite","@id":"https:\/\/nuestrosescritores.com\/luciagarciaramos\/#website","url":"https:\/\/nuestrosescritores.com\/luciagarciaramos\/","name":"Nuestros escritores","description":"Escritora","potentialAction":[{"@type":"SearchAction","target":{"@type":"EntryPoint","urlTemplate":"https:\/\/nuestrosescritores.com\/luciagarciaramos\/?s={search_term_string}"},"query-input":{"@type":"PropertyValueSpecification","valueRequired":true,"valueName":"search_term_string"}}],"inLanguage":"es"},{"@type":"Person","@id":"https:\/\/nuestrosescritores.com\/luciagarciaramos\/#\/schema\/person\/eeae205ced613630f5aac210989ea6eb","name":"Javierpah","image":{"@type":"ImageObject","inLanguage":"es","@id":"https:\/\/secure.gravatar.com\/avatar\/1cb55a5bd8d6824519e46b552e84b03575857cc9c4d6333824d2f95d82129f50?s=96&d=mm&r=g","url":"https:\/\/secure.gravatar.com\/avatar\/1cb55a5bd8d6824519e46b552e84b03575857cc9c4d6333824d2f95d82129f50?s=96&d=mm&r=g","contentUrl":"https:\/\/secure.gravatar.com\/avatar\/1cb55a5bd8d6824519e46b552e84b03575857cc9c4d6333824d2f95d82129f50?s=96&d=mm&r=g","caption":"Javierpah"}}]}},"_links":{"self":[{"href":"https:\/\/nuestrosescritores.com\/luciagarciaramos\/wp-json\/wp\/v2\/posts\/142","targetHints":{"allow":["GET"]}}],"collection":[{"href":"https:\/\/nuestrosescritores.com\/luciagarciaramos\/wp-json\/wp\/v2\/posts"}],"about":[{"href":"https:\/\/nuestrosescritores.com\/luciagarciaramos\/wp-json\/wp\/v2\/types\/post"}],"author":[{"embeddable":true,"href":"https:\/\/nuestrosescritores.com\/luciagarciaramos\/wp-json\/wp\/v2\/users\/1"}],"replies":[{"embeddable":true,"href":"https:\/\/nuestrosescritores.com\/luciagarciaramos\/wp-json\/wp\/v2\/comments?post=142"}],"version-history":[{"count":0,"href":"https:\/\/nuestrosescritores.com\/luciagarciaramos\/wp-json\/wp\/v2\/posts\/142\/revisions"}],"wp:featuredmedia":[{"embeddable":true,"href":"https:\/\/nuestrosescritores.com\/luciagarciaramos\/wp-json\/wp\/v2\/media\/120"}],"wp:attachment":[{"href":"https:\/\/nuestrosescritores.com\/luciagarciaramos\/wp-json\/wp\/v2\/media?parent=142"}],"wp:term":[{"taxonomy":"category","embeddable":true,"href":"https:\/\/nuestrosescritores.com\/luciagarciaramos\/wp-json\/wp\/v2\/categories?post=142"},{"taxonomy":"post_tag","embeddable":true,"href":"https:\/\/nuestrosescritores.com\/luciagarciaramos\/wp-json\/wp\/v2\/tags?post=142"}],"curies":[{"name":"wp","href":"https:\/\/api.w.org\/{rel}","templated":true}]}}