{"id":139,"date":"2025-12-06T17:35:12","date_gmt":"2025-12-06T17:35:12","guid":{"rendered":"https:\/\/nuestrosescritores.com\/luciagarciaramos\/?p=139"},"modified":"2025-12-06T17:35:12","modified_gmt":"2025-12-06T17:35:12","slug":"analisis-de-tecnicas-literarias-renacida-en-mi-calma-lucia-garcia-ramos","status":"publish","type":"post","link":"https:\/\/nuestrosescritores.com\/luciagarciaramos\/2025\/12\/06\/analisis-de-tecnicas-literarias-renacida-en-mi-calma-lucia-garcia-ramos\/","title":{"rendered":"AN\u00c1LISIS DE T\u00c9CNICAS LITERARIAS.  RENACIDA EN MI CALMA &#8211; LUC\u00cdA GARC\u00cdA RAMOS"},"content":{"rendered":"<p><strong>AN\u00c1LISIS DE T\u00c9CNICAS LITERARIAS<\/strong><\/p>\n<p><strong>RENACIDA EN MI CALMA &#8211; LUC\u00cdA GARC\u00cdA RAMOS<\/strong><\/p>\n<p><strong>MET\u00c1FORAS SENSORIALES<\/strong><\/p>\n<p><strong>Tacto y Corporalidad<\/strong><\/p>\n<p>Luc\u00eda Garc\u00eda Ramos construye un universo po\u00e9tico profundamente <strong>t\u00e1ctil<\/strong> donde las emociones se experimentan como sensaciones f\u00edsicas concretas. Esta estrategia convierte experiencias psicol\u00f3gicas abstractas en vivencias sensoriales reconocibles.<\/p>\n<p><strong>&#8220;Me quito la piel que ya no me sirve&#8221;<\/strong><br \/>\nEl proceso de transformaci\u00f3n personal se materializa como desprendimiento epid\u00e9rmico literal. La autora no dice &#8220;abandono mi pasado&#8221; sino que lo presenta como acto f\u00edsico de despojarse de una capa protectora obsoleta. La imagen contin\u00faa: &#8220;y siento el aire nuevo \/ acariciando mis brazos, \/ mi cuello, mi espalda&#8221;. La enumeraci\u00f3n anat\u00f3mica espec\u00edfica (brazos-cuello-espalda) convierte la renovaci\u00f3n en experiencia t\u00e1ctil concreta. El lector casi puede sentir esa caricia del aire sobre piel reci\u00e9n expuesta.<\/p>\n<p><strong>&#8220;He cargado piedras que no eran m\u00edas, \/ he sentido su peso en mis hombros&#8221;<\/strong><br \/>\nLas responsabilidades emocionales ajenas se transforman en carga f\u00edsica palpable. El peso psicol\u00f3gico adquiere densidad material. Esta concreci\u00f3n sensorial hace accesible una experiencia emocional compleja: asumir cargas que no corresponden.<\/p>\n<p><strong>&#8220;Me temblaban las manos&#8221;<\/strong><br \/>\nEn &#8220;La primera vez que dije no&#8221;, el miedo se manifiesta como temblor f\u00edsico espec\u00edfico. Garc\u00eda Ramos no describe el miedo abstracto sino su manifestaci\u00f3n corporal precisa. Este detalle sensorial ancla la experiencia en realidad verificable: todos hemos sentido manos temblorosas ante situaciones que nos desbordan.<\/p>\n<p><strong>Vista y Luz<\/strong><\/p>\n<p>El campo sem\u00e1ntico de la luminosidad aparece sistem\u00e1ticamente como met\u00e1fora de estados emocionales, pero siempre mediante im\u00e1genes visuales concretas.<\/p>\n<p><strong>&#8220;Hay d\u00edas que no brillo, \/ que todo pesa m\u00e1s \/ y hasta mi sonrisa se esconde&#8221;<\/strong><br \/>\nLa falta de energ\u00eda emocional se visualiza como ausencia de brillo. La sonrisa no desaparece sino que &#8220;se esconde&#8221;, personific\u00e1ndola como entidad visual con voluntad propia. Esta imagen evita el lugar com\u00fan de &#8220;estar triste&#8221; mediante visualizaci\u00f3n espec\u00edfica.<\/p>\n<p><strong>&#8220;mi coraz\u00f3n brilla desde adentro&#8221;<\/strong><br \/>\nEn &#8220;Diciembre interior&#8221;, la autora invierte la fuente lum\u00ednica: no necesita &#8220;luces prestadas&#8221; porque genera luz propia. La met\u00e1fora visual del coraz\u00f3n como l\u00e1mpara interior resulta efectiva por su concreci\u00f3n: el brillo no es vago sino localizado anat\u00f3micamente.<\/p>\n<p><strong>&#8220;ventanas abiertas \/ para que entre la luz&#8221;<\/strong><br \/>\nLa apertura emocional se visualiza arquitect\u00f3nicamente. Las ventanas no son solo met\u00e1fora de receptividad sino elementos visuales espec\u00edficos por donde entra luz cuantificable.<\/p>\n<p><strong>Temperatura<\/strong><\/p>\n<p>El registro t\u00e9rmico aparece recurrentemente como codificaci\u00f3n de estados an\u00edmicos.<\/p>\n<p><strong>&#8220;Hay un diciembre dentro de m\u00ed, \/ un fr\u00edo que ya no me asusta&#8221;<\/strong><br \/>\nLa soledad o el proceso introspectivo se experimentan como temperatura invernal. Garc\u00eda Ramos no niega el fr\u00edo sino que lo resignifica: ya no atemoriza porque la autora &#8220;ha aprendido a encender mi propia luz&#8221;. La capacidad de generar calor interno convierte el fr\u00edo en experiencia manejable.<\/p>\n<p><strong>&#8220;en su calor encuentro \/ mi verdadero hogar&#8221;<\/strong><br \/>\nEl coraz\u00f3n no solo brilla sino que calienta. La temperatura del hogar emocional se siente f\u00edsicamente, no solo se comprende conceptualmente.<\/p>\n<p><strong>Gusto Impl\u00edcito<\/strong><\/p>\n<p>Aunque menos frecuente, el registro gustativo aparece sutilmente.<\/p>\n<p><strong>&#8220;Me hago un caf\u00e9&#8221;<\/strong><br \/>\nEn &#8220;Cuando me permito caer&#8221;, el caf\u00e9 funciona como ritual sensorial completo: preparaci\u00f3n, aroma, temperatura, sabor. Es acto de autocuidado tangible que involucra m\u00faltiples sentidos simult\u00e1neamente.<\/p>\n<p><strong>Audici\u00f3n y Silencio<\/strong><\/p>\n<p>El silencio se trata como experiencia auditiva espec\u00edfica, no como mera ausencia.<\/p>\n<p><strong>&#8220;En el silencio descubr\u00ed mi voz, \/ aquella que siempre me habl\u00f3 despacio&#8221;<\/strong><br \/>\nParadoja sensorial: el silencio no es vac\u00edo sonoro sino espacio donde emerge voz espec\u00edfica que &#8220;habla despacio&#8221;. La autora distingue entre ruido externo y sonido interno, entre voces m\u00faltiples y voz propia.<\/p>\n<p><strong>&#8220;el silencio pesado, \/ como un juicio en el aire&#8221;<\/strong><br \/>\nEn &#8220;La primera vez que dije no&#8221;, el silencio adquiere doble cualidad sensorial: peso (tacto) y suspensi\u00f3n atmosf\u00e9rica (espacialidad). Esta sinestesia enriquece la experiencia: el silencio no solo se escucha (o no se escucha) sino que se siente f\u00edsicamente.<\/p>\n<p><strong>&#8220;el cansancio tambi\u00e9n habla&#8221;<\/strong><br \/>\nPersonificaci\u00f3n auditiva: la fatiga emite mensaje audible para quien sabe escuchar. Garc\u00eda Ramos convierte estados corporales en voces con mensaje.<\/p>\n<p><strong>Efecto Acumulativo<\/strong><\/p>\n<p>La combinaci\u00f3n de met\u00e1foras sensoriales crea <strong>experiencia po\u00e9tica inmersiva<\/strong>. El lector no solo comprende intelectualmente el proceso de autodescubrimiento sino que lo experimenta sensorialmente: siente la piel desprendi\u00e9ndose, ve el brillo interno, percibe el fr\u00edo diciembre, escucha el silencio habitado de voz.<\/p>\n<p>Esta estrategia resulta especialmente efectiva en poes\u00eda terap\u00e9utica porque valida la experiencia corporal de las emociones. El lector reconoce sus propias sensaciones f\u00edsicas en los versos, generando identificaci\u00f3n profunda.<\/p>\n<p><strong>ENUMERACIONES Y AN\u00c1FORAS<\/strong><\/p>\n<p><strong>An\u00e1foras de Construcci\u00f3n Identitaria<\/strong><\/p>\n<p>La autora emplea sistem\u00e1ticamente la an\u00e1fora como <strong>recurso de afirmaci\u00f3n acumulativa del yo<\/strong>. La repetici\u00f3n no resulta redundante sino edificadora: cada nuevo verso a\u00f1ade capa de significado a la identidad en construcci\u00f3n.<\/p>\n<p><strong>&#8220;Soy el lugar donde descanso, \/ \u00a0Soy las paredes que se sostienen&#8221;<\/strong><br \/>\nEl poema inaugural &#8220;Soy mi casa&#8221; construye identidad mediante repetici\u00f3n del verbo ser en presente indicativo. Cada an\u00e1fora a\u00f1ade elemento arquitect\u00f3nico a la casa-yo: lugar, paredes, ventanas. El efecto acumulativo genera sensaci\u00f3n de solidez creciente. Al terminar la enumeraci\u00f3n, el lector percibe una estructura completa donde al inicio solo hab\u00eda afirmaci\u00f3n abstracta.<\/p>\n<p><strong>&#8220;Soy el vuelo que no teme al viento \/ Soy la canci\u00f3n que encuentra su voz \/ Soy la mujer que eligi\u00f3 volar&#8221;<\/strong><br \/>\nEn &#8220;Canto de libertad&#8221;, la an\u00e1fora alcanza su expresi\u00f3n m\u00e1s celebratoria. La triple repetici\u00f3n crea ritmo ascendente que mimetiza el vuelo descrito. Cada verso ampl\u00eda la met\u00e1fora: primero el vuelo (acci\u00f3n), luego la canci\u00f3n (expresi\u00f3n), finalmente la mujer (sujeto consciente). La progresi\u00f3n va de lo abstracto (vuelo) a lo concreto (mujer), cerrando el c\u00edrculo metaf\u00f3rico.<\/p>\n<p><strong>&#8220;He cargado piedras que no eran m\u00edas, \/ he sentido su peso en mis hombros&#8221;<\/strong><br \/>\nLa an\u00e1fora del pret\u00e9rito perfecto (&#8220;he&#8221;) marca distancia temporal. Lo narrado pertenece al pasado completado. Esta estrategia gramatical establece que las experiencias descritas son fundamento presente, no carga actual. La repetici\u00f3n del tiempo verbal refuerza que el dolor es Historia ya procesada.<\/p>\n<p><strong>&#8220;He aprendido que sostenerlo todo \u00a0\/ He aprendido a elegirlas &#8220;<\/strong><br \/>\nEl verbo &#8220;aprender&#8221; aparece anaf\u00f3ricamente en m\u00faltiples poemas. Esta repetici\u00f3n construye narrativa pedag\u00f3gica: el poemario como registro de aprendizajes acumulados. Cada &#8220;he aprendido&#8221; funciona como certificaci\u00f3n de lecci\u00f3n integrada.<\/p>\n<p><strong>Enumeraciones Tri\u00e1dicas<\/strong><\/p>\n<p>Garc\u00eda Ramos muestra preferencia por <strong>enumeraciones tripartitas<\/strong>, recurso que aporta equilibrio r\u00edtmico y sensaci\u00f3n de completitud.<\/p>\n<p><strong>&#8220;soy fuego, ra\u00edz y cielo&#8221;<\/strong><br \/>\nTriple enumeraci\u00f3n que abarca registros simb\u00f3licos complementarios: fuego (pasi\u00f3n\/transformaci\u00f3n), ra\u00edz (fundamento\/origen), cielo (aspiraci\u00f3n\/trascendencia). La tr\u00edada cubre espectro completo de la experiencia humana: intensidad emocional, anclaje identitario, proyecci\u00f3n aspiracional.<\/p>\n<p><strong>&#8220;Soy hogar, \/ soy refugio, \/ soy amor que nace dentro de m\u00ed&#8221;<\/strong><br \/>\nEnumeraci\u00f3n que progresa desde espacialidad (hogar, refugio) hacia sentimiento (amor). El tercer elemento ampl\u00eda los dos anteriores a\u00f1adiendo especificaci\u00f3n: &#8220;que nace dentro de m\u00ed&#8221;. Esta t\u00e9cnica de enumeraci\u00f3n progresiva con expansi\u00f3n final evita monoton\u00eda.<\/p>\n<p><strong>&#8220;mi respiraci\u00f3n \/ mi paso lento \/ mi voz sin culpa&#8221;<\/strong><br \/>\nEn &#8220;El d\u00eda que aprend\u00ed a quererme&#8221;, la enumeraci\u00f3n de elementos corporales y expresivos construye identidad desde lo concreto. Respiraci\u00f3n (vida b\u00e1sica), paso (movimiento aut\u00f3nomo), voz (expresi\u00f3n consciente). La progresi\u00f3n va de lo involuntario a lo voluntario.<\/p>\n<p><strong>&#8220;sus brazos, \/ mi cuello, mi espalda&#8221;<\/strong><br \/>\nEnumeraci\u00f3n anat\u00f3mica espec\u00edfica en &#8220;La piel que dejo atr\u00e1s&#8221;. La concreci\u00f3n corporal evita abstracci\u00f3n. El aire nuevo toca puntos precisos del cuerpo, no &#8220;todo el cuerpo&#8221; vagamente.<\/p>\n<p><strong>An\u00e1foras de Legitimaci\u00f3n<\/strong><\/p>\n<p>Algunos poemas emplean an\u00e1fora para <strong>validar experiencias contradictorias<\/strong>, especialmente en los poemas que reconocen vulnerabilidad.<\/p>\n<p><strong>&#8220;Hay d\u00edas que no brillo \u00a0\/ Hay d\u00edas que no puedo&#8221;<\/strong><br \/>\nLa an\u00e1fora &#8220;Hay d\u00edas&#8221; introduce realismo emocional. La repetici\u00f3n legitima la variabilidad del estado an\u00edmico. No dice &#8220;a veces&#8221; (vago) sino &#8220;hay d\u00edas&#8221; (temporal concreto), validando la experiencia espec\u00edfica de jornadas dif\u00edciles.<\/p>\n<p><strong>&#8220;est\u00e1 bien sentir, \/ est\u00e1 bien caer, \/ est\u00e1 bien ser t\u00fa&#8221;<\/strong><br \/>\nTriple an\u00e1fora permisiva en &#8220;Aprender a abrazarme&#8221;. La repetici\u00f3n de &#8220;est\u00e1 bien&#8221; funciona como autorizaci\u00f3n iterada. Cada permiso otorgado es diferente: sentir (experiencia), caer (fracaso), ser (existencia). La gradaci\u00f3n ampl\u00eda el campo de lo aceptable.<\/p>\n<p><strong>Enumeraciones Negativas<\/strong><\/p>\n<p>Garc\u00eda Ramos emplea ocasionalmente la <strong>enumeraci\u00f3n de renuncias<\/strong> para definir identidad por contraste.<\/p>\n<p><strong>&#8220;sin expectativas que me aten, \/ sin miedos que me susurren al o\u00eddo&#8221;<\/strong><br \/>\nEn &#8220;Canto de libertad&#8221;, la doble negaci\u00f3n (sin&#8230; sin&#8230;) define la libertad como ausencia de ataduras espec\u00edficas. La enumeraci\u00f3n negativa resulta efectiva porque concreta aquello de lo que se libera.<\/p>\n<p><strong>Efecto R\u00edtmico<\/strong><\/p>\n<p>Las an\u00e1foras y enumeraciones generan <strong>ritmo oratorio<\/strong> que recuerda el salmo o la letan\u00eda secularizada. Este efecto resulta especialmente potente en lectura en voz alta, donde la repetici\u00f3n estructural crea cadencia hipn\u00f3tica que refuerza el mensaje.<\/p>\n<p>La t\u00e9cnica tambi\u00e9n genera <strong>sensaci\u00f3n de acumulaci\u00f3n progresiva<\/strong>: el lector siente que cada nuevo elemento suma, construye, edifica. Al terminar una serie anaf\u00f3rica extensa, la identidad presentada parece m\u00e1s s\u00f3lida que si se hubiera descrito linealmente.<\/p>\n<p><strong>Efecto Emocional<\/strong><\/p>\n<p>Psicol\u00f3gicamente, la repetici\u00f3n anaf\u00f3rica funciona como <strong>autoafirmaci\u00f3n ritual<\/strong>. Las lectoras que atraviesan procesos similares pueden emplear estos versos como mantras personales, repitiendo estructuras que refuerzan creencias en construcci\u00f3n.<\/p>\n<p><strong>DI\u00c1LOGOS PO\u00c9TICOS<\/strong><\/p>\n<p><strong>Di\u00e1logo Interno: Yo-Yo<\/strong><\/p>\n<p>A diferencia de poemarios que emplean di\u00e1logos entre voces diferenciadas, Garc\u00eda Ramos construye <strong>di\u00e1logos internos donde el yo se habla a s\u00ed mismo<\/strong> en diferentes tiempos o estados emocionales.<\/p>\n<p><strong>&#8220;Me basto sentir mi respiraci\u00f3n, \/ mi paso lento, \/ mi voz sin culpa&#8221;<\/strong><br \/>\nEn &#8220;El d\u00eda que aprend\u00ed a quererme&#8221;, el yo observador se dirige al yo observado. No hay dos personajes sino desdoblamiento consciente que permite evaluaci\u00f3n de la propia experiencia. El poema funciona como conversaci\u00f3n entre el yo que ahora comprende y el yo que experiment\u00f3.<\/p>\n<p><strong>&#8220;Est\u00e1 bien sentir, \/ est\u00e1 bien caer, \/ est\u00e1 bien ser t\u00fa, completa y suficiente&#8221;<\/strong><br \/>\nEn &#8220;Aprender a abrazarme&#8221;, el yo se autoriza, se da permisos, se habla con ternura maternal. Esta voz interior que consuela funciona como di\u00e1logo entre parte sabia y parte necesitada de consuelo.<\/p>\n<p><strong>&#8220;He decidido habitarme \/ desde el centro de mi verdad&#8221;<\/strong><br \/>\nEl verbo &#8220;decidir&#8221; implica di\u00e1logo previo invisible: alguien se ha persuadido a s\u00ed mismo, ha debatido internamente, ha llegado a conclusi\u00f3n. El poema presenta la resoluci\u00f3n de di\u00e1logo interno no explicitado pero sugerido.<\/p>\n<p><strong>Di\u00e1logo Impl\u00edcito con el Pasado<\/strong><\/p>\n<p>M\u00faltiples poemas establecen <strong>conversaci\u00f3n entre yo-presente y yo-pasado<\/strong>, aunque no como di\u00e1logo expl\u00edcito sino como revisi\u00f3n comentada de experiencia previa.<\/p>\n<p><strong>&#8220;He cargado piedras que no eran m\u00edas, \/ he sentido su peso en mis hombros, \/ y aun as\u00ed he seguido caminando&#8221;<\/strong><br \/>\nEl yo-presente comenta al yo-pasado: reconoce su esfuerzo (&#8220;he seguido caminando&#8221;), valida su dolor (&#8220;he sentido su peso&#8221;), comprende su confusi\u00f3n (&#8220;piedras que no eran m\u00edas&#8221;). Este di\u00e1logo temporal genera perspectiva sanadora.<\/p>\n<p><strong>&#8220;Me quito la piel que ya no me sirve, \/ esa que cargaba miedos ajenos&#8221;<\/strong><br \/>\nDi\u00e1logo impl\u00edcito: el yo-presente se dirige al yo-pasado para explicarle por qu\u00e9 lo abandona. La piel vieja se personifica como interlocutor al que se despide.<\/p>\n<p><strong>Mon\u00f3logo Interior<\/strong><\/p>\n<p>Varios poemas funcionan como <strong>corriente de conciencia organizada<\/strong>, mon\u00f3logo donde el yo piensa en voz alta ante lector-testigo.<\/p>\n<p><strong>&#8220;Hoy entiendo \/ que no necesito completarme con nadie, \/ porque entera \/ ya soy fuego, ra\u00edz y cielo&#8221;<\/strong><br \/>\nEl adverbio temporal &#8220;hoy&#8221; marca momento presente de comprensi\u00f3n. El yo verbaliza descubrimiento reciente como si pensara en voz alta. El lector ocupa posici\u00f3n de confidente silencioso.<\/p>\n<p><strong>&#8220;No s\u00e9 todo lo que traer\u00e1, \/ pero conf\u00edo en mis pasos&#8221;<\/strong><br \/>\nEn &#8220;Lo que viene&#8221;, el yo admite incertidumbre (&#8220;no s\u00e9&#8221;) y simult\u00e1neamente afirma confianza (&#8220;pero conf\u00edo&#8221;). Este movimiento dial\u00e9ctico mimetiza pensamiento real: duda y certeza coexistiendo en conversaci\u00f3n interna.<\/p>\n<p><strong>Di\u00e1logo con el Lector<\/strong><\/p>\n<p>Aunque la autora no emplea apelaci\u00f3n directa al lector mediante &#8220;t\u00fa&#8221;, establece <strong>contrato comunicativo \u00edntimo<\/strong> que funciona como di\u00e1logo unidireccional donde el yo habla y el lector responde silenciosamente.<\/p>\n<p><strong>&#8220;Hay un futuro que me llama \/ con voz suave, insistente&#8221;<\/strong><br \/>\nEl yo comparte confidencia como quien conversa con amiga cercana. El tono confesional invita a que el lector responda interiormente: &#8220;yo tambi\u00e9n escucho esa voz&#8221; o &#8220;yo todav\u00eda no la oigo&#8221;.<\/p>\n<p><strong>&#8220;Me hago un caf\u00e9, \/ me quedo quieta \/ y dejo pasar las horas&#8221;<\/strong><br \/>\nLa descripci\u00f3n de acciones cotidianas en &#8220;Cuando me permito caer&#8221; establece intimidad dom\u00e9stica. El yo invita al lector a su espacio privado como testigo de vulnerabilidad. Esta confianza genera reciprocidad: el lector se siente autorizado a compartir su propia vulnerabilidad.<\/p>\n<p><strong>Di\u00e1logo con Elementos Personificados<\/strong><\/p>\n<p>Garc\u00eda Ramos personifica elementos abstractos o naturales, estableciendo con ellos <strong>di\u00e1logos impl\u00edcitos<\/strong>.<\/p>\n<p><strong>&#8220;el viento no es enemigo, \/ sino compa\u00f1ero de mi impulso&#8221;<\/strong><br \/>\nEn &#8220;El vuelo comienza&#8221;, el viento pasa de adversario a aliado mediante cambio de percepci\u00f3n. Este giro sugiere di\u00e1logo previo donde el yo negoci\u00f3 su relaci\u00f3n con el viento, lo comprendi\u00f3, lo integr\u00f3.<\/p>\n<p><strong>&#8220;el cansancio tambi\u00e9n habla&#8221;<\/strong><br \/>\nLa fatiga se personifica como interlocutor v\u00e1lido cuyo mensaje merece escucha. El yo establece relaci\u00f3n dial\u00f3gica con su propio cuerpo: no lo silencia sino que atiende su comunicaci\u00f3n.<\/p>\n<p><strong>Ausencia de Di\u00e1logos Expl\u00edcitos<\/strong><\/p>\n<p>Resulta significativo que Garc\u00eda Ramos <strong>no emplee di\u00e1logos expl\u00edcitos entre dos personajes diferenciados<\/strong>. No hay intercambios del tipo &#8220;Me dijiste&#8230; Te respond\u00ed&#8230;&#8221;. Esta ausencia refuerza la naturaleza introspectiva del poemario: el viaje es individual, la conversaci\u00f3n fundamental es la que cada cual mantiene consigo misma.<\/p>\n<p>La \u00fanica referencia a otro se da en la secci\u00f3n &#8220;Puentes&#8221;, pero incluso all\u00ed predomina el mon\u00f3logo reflexivo sobre la relaci\u00f3n, no el di\u00e1logo con la otra persona:<\/p>\n<p><strong>&#8220;Cuando me encuentro en los ojos de otro \/ ya no busco aprobaci\u00f3n, \/ sino conexi\u00f3n sincera&#8221;<\/strong><br \/>\nEl otro aparece mencionado pero no habla. Es objeto de reflexi\u00f3n, no sujeto dialogante. Esta estrategia mantiene el foco en la transformaci\u00f3n del yo.<\/p>\n<p><strong>Di\u00e1logo Intertextual<\/strong><\/p>\n<p>La referencia a Benedetti constituye el \u00fanico <strong>di\u00e1logo expl\u00edcito con voz externa<\/strong>.<\/p>\n<p><strong>&#8220;Recuerdo a Benedetti, \/ la alegr\u00eda se defiende&#8221;<\/strong><br \/>\nEl yo invoca al poeta uruguayo como interlocutor cultural. Este di\u00e1logo transgeneracional y transnacional sit\u00faa la experiencia personal en contexto literario m\u00e1s amplio. El yo no conversa solo consigo mismo sino tambi\u00e9n con tradici\u00f3n po\u00e9tica que lo precede y sostiene.<\/p>\n<p><strong>Efecto de Intimidad<\/strong><\/p>\n<p>La ausencia de di\u00e1logos externos y el predominio del di\u00e1logo interno generan <strong>atm\u00f3sfera de intimidad contemplativa<\/strong>. El lector no asiste a conflictos dram\u00e1ticos entre personajes sino que acompa\u00f1a proceso interno de elaboraci\u00f3n emocional.<\/p>\n<p>Esta estrategia resulta coherente con la tem\u00e1tica del poemario: el autodescubrimiento requiere conversaci\u00f3n honesta consigo misma antes que con otros.<\/p>\n<p><strong>REFLEXI\u00d3N FINAL<\/strong><\/p>\n<p><strong>Coherencia T\u00e9cnica y Tem\u00e1tica<\/strong><\/p>\n<p>La combinaci\u00f3n de las tres t\u00e9cnicas analizadas \u2014met\u00e1foras sensoriales, an\u00e1foras\/enumeraciones, di\u00e1logos internos\u2014 genera <strong>voz po\u00e9tica cohesionada<\/strong> que se reconoce desde el primer hasta el \u00faltimo poema. Garc\u00eda Ramos no experimenta con m\u00faltiples registros sino que profundiza en recursos espec\u00edficos que sirven efectivamente a su prop\u00f3sito expresivo.<\/p>\n<p>Las met\u00e1foras sensoriales <strong>encarnan<\/strong> experiencias psicol\u00f3gicas abstractas, haci\u00e9ndolas tangibles y reconocibles. Las an\u00e1foras y enumeraciones <strong>construyen<\/strong> identidad mediante acumulaci\u00f3n afirmativa. Los di\u00e1logos internos <strong>procesan<\/strong> experiencia mediante desdoblamiento reflexivo. Estas tres operaciones \u2014encarnar, construir, procesar\u2014 constituyen precisamente las tareas del crecimiento personal que el poemario documenta.<\/p>\n<p><strong>Atm\u00f3sfera Emocional<\/strong><\/p>\n<p>El poemario genera <strong>atm\u00f3sfera de intimidad reflexiva<\/strong>. El lector no asiste a drama externo sino que acompa\u00f1a elaboraci\u00f3n interna. Esta intimidad se logra mediante:<\/p>\n<ul>\n<li>Sensorialidad que valida experiencia corporal de las emociones<\/li>\n<li>Repetici\u00f3n ritual que refuerza creencias en construcci\u00f3n<\/li>\n<li>Mon\u00f3logo interior que invita a confidencia rec\u00edproca<\/li>\n<\/ul>\n<p>La combinaci\u00f3n crea espacio seguro donde el lector puede reconocer su propia experiencia sin sentirse juzgado. El tono no es prescriptivo (&#8220;debes hacer esto&#8221;) sino testimonial (&#8220;yo hice esto&#8221;), lo que reduce resistencia lectora.<\/p>\n<p><strong>Accesibilidad sin Simplismo<\/strong><\/p>\n<p>Las t\u00e9cnicas empleadas resultan <strong>accesibles sin ser simplistas<\/strong>. Garc\u00eda Ramos no renuncia a complejidad emocional pero la expresa mediante recursos comprensibles. Las met\u00e1foras no son herm\u00e9ticas sino que parten de experiencias universales (casa, ra\u00edces, vuelo). Las an\u00e1foras no agobian sino que refuerzan. Los di\u00e1logos internos no confunden sino que clarifican.<\/p>\n<p>Esta accesibilidad ampl\u00eda el p\u00fablico potencial sin trivializar el contenido. Lectores sin formaci\u00f3n literaria espec\u00edfica pueden acceder plenamente al poemario, mientras que lectores especializados encuentran suficiente elaboraci\u00f3n t\u00e9cnica para apreciar el oficio.<\/p>\n<p><strong>Funci\u00f3n Terap\u00e9utica de las T\u00e9cnicas<\/strong><\/p>\n<p>Desde perspectiva de poes\u00eda terap\u00e9utica, las t\u00e9cnicas empleadas cumplen <strong>funciones psicol\u00f3gicas espec\u00edficas<\/strong>:<\/p>\n<p><strong>Las met\u00e1foras sensoriales<\/strong> validan la experiencia som\u00e1tica de las emociones, legitimando que el dolor psicol\u00f3gico se sienta f\u00edsicamente. Para lectores que se auto-invalidan (&#8220;solo es mental, no deber\u00eda afectarme tanto&#8221;), esta validaci\u00f3n resulta liberadora.<\/p>\n<p><strong>Las an\u00e1foras<\/strong> funcionan como <strong>afirmaciones programables<\/strong>. Lectores pueden repetir estructuras (&#8220;Soy&#8230;&#8221;, &#8220;He aprendido&#8230;&#8221;, &#8220;Est\u00e1 bien&#8230;&#8221;) como pr\u00e1cticas de autocuidado verbal. La poes\u00eda se convierte en herramienta de transformaci\u00f3n personal.<\/p>\n<p><strong>Los di\u00e1logos internos<\/strong> modelan <strong>auto-compasi\u00f3n<\/strong>: muestran c\u00f3mo hablarse a una misma con ternura, c\u00f3mo reconocer logros, c\u00f3mo perdonar dificultades. Para lectores con auto-di\u00e1logo cr\u00edtico destructivo, estos poemas ofrecen alternativa de auto-tratamiento amable.<\/p>\n<p><strong>Valoraci\u00f3n Personal del Impacto<\/strong><\/p>\n<p>Como lector especializado, valoro especialmente la <strong>honestidad emocional<\/strong> que las t\u00e9cnicas vehiculan. Garc\u00eda Ramos no oculta la dificultad tras optimismo forzado. Los poemas que reconocen d\u00edas dif\u00edciles (&#8220;Los d\u00edas que no soy luz&#8221;, &#8220;Cuando me permito caer&#8221;) resultan m\u00e1s impactantes precisamente por contraste con el tono general esperanzado.<\/p>\n<p>La <strong>progresi\u00f3n t\u00e9cnica<\/strong> tambi\u00e9n merece reconocimiento: los \u00faltimos poemas muestran mayor complejidad que los iniciales. &#8220;Cuando me permito caer&#8221; integra m\u00faltiples recursos (enumeraci\u00f3n, di\u00e1logo intertextual, contraste temporal) con naturalidad que los primeros poemas todav\u00eda no alcanzaban. Esta evoluci\u00f3n sugiere que el proceso de escritura fue simult\u00e1neamente proceso de maduraci\u00f3n expresiva.<\/p>\n<p>El <strong>uso de la cotidianidad<\/strong> (&#8220;Me hago un caf\u00e9&#8221;) como material po\u00e9tico resulta efectivo. Frente a poes\u00eda que busca lo extraordinario, Garc\u00eda Ramos encuentra profundidad en lo dom\u00e9stico. Esta estrategia acerca la experiencia po\u00e9tica a la vida diaria del lector: no se necesitan experiencias excepcionales para que la vida merezca poes\u00eda.<\/p>\n<p><strong>Proyecci\u00f3n Futura<\/strong><\/p>\n<p>Las t\u00e9cnicas empleadas muestran fundamentos s\u00f3lidos que permiten evoluci\u00f3n. Garc\u00eda Ramos podr\u00eda explorar:<\/p>\n<ul>\n<li>Mayor complejidad en di\u00e1logos, introduciendo voces diferenciadas o contradictorias<\/li>\n<li>Experimentaci\u00f3n formal con disposiciones visuales que refuercen met\u00e1foras sensoriales<\/li>\n<li>Ampliaci\u00f3n del registro sensorial hacia olfato y gusto, menos explorados<\/li>\n<li>Desarrollo de narratividad, expandiendo micro-relatos como &#8220;La primera vez que dije no&#8221;<\/li>\n<\/ul>\n<p>Sin embargo, estas proyecciones no implican deficiencia presente sino posibilidades futuras. El poemario funciona efectivamente con las t\u00e9cnicas que emplea.<\/p>\n<p><strong>Conexi\u00f3n con el Lector<\/strong><\/p>\n<p>El verdadero logro de Garc\u00eda Ramos es generar <strong>identificaci\u00f3n profunda<\/strong> sin manipulaci\u00f3n emocional. Las t\u00e9cnicas empleadas no fuerzan respuesta sino que invitan a reconocimiento. El lector que ha vivido procesos similares se ve reflejado; el que no los ha vivido puede anticiparlos o comprenderlos emp\u00e1ticamente.<\/p>\n<p>La combinaci\u00f3n de sensorialidad, ritmo anaf\u00f3rico e intimidad dial\u00f3gica crea experiencia lectora <strong>inmersiva y transformadora<\/strong>. No se lee este poemario solo con el intelecto sino con el cuerpo que reconoce las sensaciones descritas, con la memoria que recuerda an\u00e9cdotas similares, con la voz interior que responde silenciosamente al di\u00e1logo propuesto.<\/p>\n<p>En \u00faltima instancia, las t\u00e9cnicas literarias de &#8220;Renacida en mi calma&#8221; cumplen el prop\u00f3sito fundamental de la poes\u00eda: <strong>nombrar lo innombrable<\/strong>, dar forma a experiencias que parec\u00edan informulables, crear comunidad mediante palabra compartida. Y lo hacen con oficio, sensibilidad y generosidad expresiva que honran tanto la tradici\u00f3n po\u00e9tica como la experiencia humana contempor\u00e1nea.<\/p>\n","protected":false},"excerpt":{"rendered":"<p>Estudio de las im\u00e1genes, met\u00e1foras y recursos r\u00edtmicos de Renacida en mi calma, destacando c\u00f3mo la voz po\u00e9tica construye un viaje de sanaci\u00f3n, amor propio y renacimiento interior.<\/p>\n","protected":false},"author":1,"featured_media":117,"comment_status":"closed","ping_status":"closed","sticky":false,"template":"","format":"standard","meta":{"_acf_changed":false,"footnotes":""},"categories":[5],"tags":[],"class_list":["post-139","post","type-post","status-publish","format-standard","has-post-thumbnail","hentry","category-renacida-en-mi-calma-literarios"],"acf":[],"yoast_head":"<!-- This site is optimized with the Yoast SEO Premium plugin v24.7 (Yoast SEO v27.4) - https:\/\/yoast.com\/product\/yoast-seo-premium-wordpress\/ -->\n<title>AN\u00c1LISIS DE T\u00c9CNICAS LITERARIAS. RENACIDA EN MI CALMA - LUC\u00cdA GARC\u00cdA RAMOS - Luc\u00eda Garc\u00eda Ramos<\/title>\n<meta name=\"description\" content=\"Estudio de las im\u00e1genes, met\u00e1foras y recursos r\u00edtmicos de Renacida en mi calma, destacando c\u00f3mo la voz po\u00e9tica construye un viaje de sanaci\u00f3n, amor propio y renacimiento interior.\" \/>\n<meta name=\"robots\" content=\"index, follow, max-snippet:-1, max-image-preview:large, max-video-preview:-1\" \/>\n<link rel=\"canonical\" href=\"https:\/\/nuestrosescritores.com\/luciagarciaramos\/2025\/12\/06\/analisis-de-tecnicas-literarias-renacida-en-mi-calma-lucia-garcia-ramos\/\" \/>\n<meta property=\"og:locale\" content=\"es_ES\" \/>\n<meta property=\"og:type\" content=\"article\" \/>\n<meta property=\"og:title\" content=\"AN\u00c1LISIS DE T\u00c9CNICAS LITERARIAS. RENACIDA EN MI CALMA - LUC\u00cdA GARC\u00cdA RAMOS\" \/>\n<meta property=\"og:description\" content=\"Estudio de las im\u00e1genes, met\u00e1foras y recursos r\u00edtmicos de Renacida en mi calma, destacando c\u00f3mo la voz po\u00e9tica construye un viaje de sanaci\u00f3n, amor propio y renacimiento interior.\" \/>\n<meta property=\"og:url\" content=\"https:\/\/nuestrosescritores.com\/luciagarciaramos\/2025\/12\/06\/analisis-de-tecnicas-literarias-renacida-en-mi-calma-lucia-garcia-ramos\/\" \/>\n<meta property=\"og:site_name\" content=\"Luc\u00eda Garc\u00eda Ramos\" \/>\n<meta property=\"article:published_time\" content=\"2025-12-06T17:35:12+00:00\" \/>\n<meta property=\"og:image\" content=\"https:\/\/nuestrosescritores.com\/luciagarciaramos\/wp-content\/uploads\/sites\/134\/2025\/12\/book5.png\" \/>\n\t<meta property=\"og:image:width\" content=\"839\" \/>\n\t<meta property=\"og:image:height\" content=\"794\" \/>\n\t<meta property=\"og:image:type\" content=\"image\/png\" \/>\n<meta name=\"author\" content=\"Javierpah\" \/>\n<meta name=\"twitter:card\" content=\"summary_large_image\" \/>\n<meta name=\"twitter:label1\" content=\"Escrito por\" \/>\n\t<meta name=\"twitter:data1\" content=\"Javierpah\" \/>\n\t<meta name=\"twitter:label2\" content=\"Tiempo de lectura\" \/>\n\t<meta name=\"twitter:data2\" content=\"15 minutos\" \/>\n<script type=\"application\/ld+json\" class=\"yoast-schema-graph\">{\"@context\":\"https:\\\/\\\/schema.org\",\"@graph\":[{\"@type\":\"Article\",\"@id\":\"https:\\\/\\\/nuestrosescritores.com\\\/luciagarciaramos\\\/2025\\\/12\\\/06\\\/analisis-de-tecnicas-literarias-renacida-en-mi-calma-lucia-garcia-ramos\\\/#article\",\"isPartOf\":{\"@id\":\"https:\\\/\\\/nuestrosescritores.com\\\/luciagarciaramos\\\/2025\\\/12\\\/06\\\/analisis-de-tecnicas-literarias-renacida-en-mi-calma-lucia-garcia-ramos\\\/\"},\"author\":{\"name\":\"Javierpah\",\"@id\":\"https:\\\/\\\/nuestrosescritores.com\\\/luciagarciaramos\\\/#\\\/schema\\\/person\\\/eeae205ced613630f5aac210989ea6eb\"},\"headline\":\"AN\u00c1LISIS DE T\u00c9CNICAS LITERARIAS. RENACIDA EN MI CALMA &#8211; LUC\u00cdA GARC\u00cdA RAMOS\",\"datePublished\":\"2025-12-06T17:35:12+00:00\",\"mainEntityOfPage\":{\"@id\":\"https:\\\/\\\/nuestrosescritores.com\\\/luciagarciaramos\\\/2025\\\/12\\\/06\\\/analisis-de-tecnicas-literarias-renacida-en-mi-calma-lucia-garcia-ramos\\\/\"},\"wordCount\":3452,\"image\":{\"@id\":\"https:\\\/\\\/nuestrosescritores.com\\\/luciagarciaramos\\\/2025\\\/12\\\/06\\\/analisis-de-tecnicas-literarias-renacida-en-mi-calma-lucia-garcia-ramos\\\/#primaryimage\"},\"thumbnailUrl\":\"https:\\\/\\\/nuestrosescritores.com\\\/luciagarciaramos\\\/wp-content\\\/uploads\\\/sites\\\/134\\\/2025\\\/12\\\/book5.png\",\"articleSection\":[\"RENACIDA EN MI CALMA. LITERARIOS.\"],\"inLanguage\":\"es\",\"copyrightYear\":\"2025\",\"copyrightHolder\":{\"@id\":\"https:\\\/\\\/nuestrosescritores.com\\\/#organization\"}},{\"@type\":\"WebPage\",\"@id\":\"https:\\\/\\\/nuestrosescritores.com\\\/luciagarciaramos\\\/2025\\\/12\\\/06\\\/analisis-de-tecnicas-literarias-renacida-en-mi-calma-lucia-garcia-ramos\\\/\",\"url\":\"https:\\\/\\\/nuestrosescritores.com\\\/luciagarciaramos\\\/2025\\\/12\\\/06\\\/analisis-de-tecnicas-literarias-renacida-en-mi-calma-lucia-garcia-ramos\\\/\",\"name\":\"AN\u00c1LISIS DE T\u00c9CNICAS LITERARIAS. RENACIDA EN MI CALMA - LUC\u00cdA GARC\u00cdA RAMOS - Luc\u00eda Garc\u00eda Ramos\",\"isPartOf\":{\"@id\":\"https:\\\/\\\/nuestrosescritores.com\\\/luciagarciaramos\\\/#website\"},\"primaryImageOfPage\":{\"@id\":\"https:\\\/\\\/nuestrosescritores.com\\\/luciagarciaramos\\\/2025\\\/12\\\/06\\\/analisis-de-tecnicas-literarias-renacida-en-mi-calma-lucia-garcia-ramos\\\/#primaryimage\"},\"image\":{\"@id\":\"https:\\\/\\\/nuestrosescritores.com\\\/luciagarciaramos\\\/2025\\\/12\\\/06\\\/analisis-de-tecnicas-literarias-renacida-en-mi-calma-lucia-garcia-ramos\\\/#primaryimage\"},\"thumbnailUrl\":\"https:\\\/\\\/nuestrosescritores.com\\\/luciagarciaramos\\\/wp-content\\\/uploads\\\/sites\\\/134\\\/2025\\\/12\\\/book5.png\",\"datePublished\":\"2025-12-06T17:35:12+00:00\",\"author\":{\"@id\":\"https:\\\/\\\/nuestrosescritores.com\\\/luciagarciaramos\\\/#\\\/schema\\\/person\\\/eeae205ced613630f5aac210989ea6eb\"},\"description\":\"Estudio de las im\u00e1genes, met\u00e1foras y recursos r\u00edtmicos de Renacida en mi calma, destacando c\u00f3mo la voz po\u00e9tica construye un viaje de sanaci\u00f3n, amor propio y renacimiento interior.\",\"breadcrumb\":{\"@id\":\"https:\\\/\\\/nuestrosescritores.com\\\/luciagarciaramos\\\/2025\\\/12\\\/06\\\/analisis-de-tecnicas-literarias-renacida-en-mi-calma-lucia-garcia-ramos\\\/#breadcrumb\"},\"inLanguage\":\"es\",\"potentialAction\":[{\"@type\":\"ReadAction\",\"target\":[\"https:\\\/\\\/nuestrosescritores.com\\\/luciagarciaramos\\\/2025\\\/12\\\/06\\\/analisis-de-tecnicas-literarias-renacida-en-mi-calma-lucia-garcia-ramos\\\/\"]}]},{\"@type\":\"ImageObject\",\"inLanguage\":\"es\",\"@id\":\"https:\\\/\\\/nuestrosescritores.com\\\/luciagarciaramos\\\/2025\\\/12\\\/06\\\/analisis-de-tecnicas-literarias-renacida-en-mi-calma-lucia-garcia-ramos\\\/#primaryimage\",\"url\":\"https:\\\/\\\/nuestrosescritores.com\\\/luciagarciaramos\\\/wp-content\\\/uploads\\\/sites\\\/134\\\/2025\\\/12\\\/book5.png\",\"contentUrl\":\"https:\\\/\\\/nuestrosescritores.com\\\/luciagarciaramos\\\/wp-content\\\/uploads\\\/sites\\\/134\\\/2025\\\/12\\\/book5.png\",\"width\":839,\"height\":794},{\"@type\":\"BreadcrumbList\",\"@id\":\"https:\\\/\\\/nuestrosescritores.com\\\/luciagarciaramos\\\/2025\\\/12\\\/06\\\/analisis-de-tecnicas-literarias-renacida-en-mi-calma-lucia-garcia-ramos\\\/#breadcrumb\",\"itemListElement\":[{\"@type\":\"ListItem\",\"position\":1,\"name\":\"Portada\",\"item\":\"https:\\\/\\\/nuestrosescritores.com\\\/luciagarciaramos\\\/\"},{\"@type\":\"ListItem\",\"position\":2,\"name\":\"AN\u00c1LISIS DE T\u00c9CNICAS LITERARIAS. RENACIDA EN MI CALMA &#8211; LUC\u00cdA GARC\u00cdA RAMOS\"}]},{\"@type\":\"WebSite\",\"@id\":\"https:\\\/\\\/nuestrosescritores.com\\\/luciagarciaramos\\\/#website\",\"url\":\"https:\\\/\\\/nuestrosescritores.com\\\/luciagarciaramos\\\/\",\"name\":\"Nuestros escritores\",\"description\":\"Escritora\",\"potentialAction\":[{\"@type\":\"SearchAction\",\"target\":{\"@type\":\"EntryPoint\",\"urlTemplate\":\"https:\\\/\\\/nuestrosescritores.com\\\/luciagarciaramos\\\/?s={search_term_string}\"},\"query-input\":{\"@type\":\"PropertyValueSpecification\",\"valueRequired\":true,\"valueName\":\"search_term_string\"}}],\"inLanguage\":\"es\"},{\"@type\":\"Person\",\"@id\":\"https:\\\/\\\/nuestrosescritores.com\\\/luciagarciaramos\\\/#\\\/schema\\\/person\\\/eeae205ced613630f5aac210989ea6eb\",\"name\":\"Javierpah\",\"image\":{\"@type\":\"ImageObject\",\"inLanguage\":\"es\",\"@id\":\"https:\\\/\\\/secure.gravatar.com\\\/avatar\\\/1cb55a5bd8d6824519e46b552e84b03575857cc9c4d6333824d2f95d82129f50?s=96&d=mm&r=g\",\"url\":\"https:\\\/\\\/secure.gravatar.com\\\/avatar\\\/1cb55a5bd8d6824519e46b552e84b03575857cc9c4d6333824d2f95d82129f50?s=96&d=mm&r=g\",\"contentUrl\":\"https:\\\/\\\/secure.gravatar.com\\\/avatar\\\/1cb55a5bd8d6824519e46b552e84b03575857cc9c4d6333824d2f95d82129f50?s=96&d=mm&r=g\",\"caption\":\"Javierpah\"}}]}<\/script>\n<!-- \/ Yoast SEO Premium plugin. -->","yoast_head_json":{"title":"AN\u00c1LISIS DE T\u00c9CNICAS LITERARIAS. RENACIDA EN MI CALMA - LUC\u00cdA GARC\u00cdA RAMOS - Luc\u00eda Garc\u00eda Ramos","description":"Estudio de las im\u00e1genes, met\u00e1foras y recursos r\u00edtmicos de Renacida en mi calma, destacando c\u00f3mo la voz po\u00e9tica construye un viaje de sanaci\u00f3n, amor propio y renacimiento interior.","robots":{"index":"index","follow":"follow","max-snippet":"max-snippet:-1","max-image-preview":"max-image-preview:large","max-video-preview":"max-video-preview:-1"},"canonical":"https:\/\/nuestrosescritores.com\/luciagarciaramos\/2025\/12\/06\/analisis-de-tecnicas-literarias-renacida-en-mi-calma-lucia-garcia-ramos\/","og_locale":"es_ES","og_type":"article","og_title":"AN\u00c1LISIS DE T\u00c9CNICAS LITERARIAS. RENACIDA EN MI CALMA - LUC\u00cdA GARC\u00cdA RAMOS","og_description":"Estudio de las im\u00e1genes, met\u00e1foras y recursos r\u00edtmicos de Renacida en mi calma, destacando c\u00f3mo la voz po\u00e9tica construye un viaje de sanaci\u00f3n, amor propio y renacimiento interior.","og_url":"https:\/\/nuestrosescritores.com\/luciagarciaramos\/2025\/12\/06\/analisis-de-tecnicas-literarias-renacida-en-mi-calma-lucia-garcia-ramos\/","og_site_name":"Luc\u00eda Garc\u00eda Ramos","article_published_time":"2025-12-06T17:35:12+00:00","og_image":[{"width":839,"height":794,"url":"https:\/\/nuestrosescritores.com\/luciagarciaramos\/wp-content\/uploads\/sites\/134\/2025\/12\/book5.png","type":"image\/png"}],"author":"Javierpah","twitter_card":"summary_large_image","twitter_misc":{"Escrito por":"Javierpah","Tiempo de lectura":"15 minutos"},"schema":{"@context":"https:\/\/schema.org","@graph":[{"@type":"Article","@id":"https:\/\/nuestrosescritores.com\/luciagarciaramos\/2025\/12\/06\/analisis-de-tecnicas-literarias-renacida-en-mi-calma-lucia-garcia-ramos\/#article","isPartOf":{"@id":"https:\/\/nuestrosescritores.com\/luciagarciaramos\/2025\/12\/06\/analisis-de-tecnicas-literarias-renacida-en-mi-calma-lucia-garcia-ramos\/"},"author":{"name":"Javierpah","@id":"https:\/\/nuestrosescritores.com\/luciagarciaramos\/#\/schema\/person\/eeae205ced613630f5aac210989ea6eb"},"headline":"AN\u00c1LISIS DE T\u00c9CNICAS LITERARIAS. RENACIDA EN MI CALMA &#8211; LUC\u00cdA GARC\u00cdA RAMOS","datePublished":"2025-12-06T17:35:12+00:00","mainEntityOfPage":{"@id":"https:\/\/nuestrosescritores.com\/luciagarciaramos\/2025\/12\/06\/analisis-de-tecnicas-literarias-renacida-en-mi-calma-lucia-garcia-ramos\/"},"wordCount":3452,"image":{"@id":"https:\/\/nuestrosescritores.com\/luciagarciaramos\/2025\/12\/06\/analisis-de-tecnicas-literarias-renacida-en-mi-calma-lucia-garcia-ramos\/#primaryimage"},"thumbnailUrl":"https:\/\/nuestrosescritores.com\/luciagarciaramos\/wp-content\/uploads\/sites\/134\/2025\/12\/book5.png","articleSection":["RENACIDA EN MI CALMA. LITERARIOS."],"inLanguage":"es","copyrightYear":"2025","copyrightHolder":{"@id":"https:\/\/nuestrosescritores.com\/#organization"}},{"@type":"WebPage","@id":"https:\/\/nuestrosescritores.com\/luciagarciaramos\/2025\/12\/06\/analisis-de-tecnicas-literarias-renacida-en-mi-calma-lucia-garcia-ramos\/","url":"https:\/\/nuestrosescritores.com\/luciagarciaramos\/2025\/12\/06\/analisis-de-tecnicas-literarias-renacida-en-mi-calma-lucia-garcia-ramos\/","name":"AN\u00c1LISIS DE T\u00c9CNICAS LITERARIAS. RENACIDA EN MI CALMA - LUC\u00cdA GARC\u00cdA RAMOS - Luc\u00eda Garc\u00eda Ramos","isPartOf":{"@id":"https:\/\/nuestrosescritores.com\/luciagarciaramos\/#website"},"primaryImageOfPage":{"@id":"https:\/\/nuestrosescritores.com\/luciagarciaramos\/2025\/12\/06\/analisis-de-tecnicas-literarias-renacida-en-mi-calma-lucia-garcia-ramos\/#primaryimage"},"image":{"@id":"https:\/\/nuestrosescritores.com\/luciagarciaramos\/2025\/12\/06\/analisis-de-tecnicas-literarias-renacida-en-mi-calma-lucia-garcia-ramos\/#primaryimage"},"thumbnailUrl":"https:\/\/nuestrosescritores.com\/luciagarciaramos\/wp-content\/uploads\/sites\/134\/2025\/12\/book5.png","datePublished":"2025-12-06T17:35:12+00:00","author":{"@id":"https:\/\/nuestrosescritores.com\/luciagarciaramos\/#\/schema\/person\/eeae205ced613630f5aac210989ea6eb"},"description":"Estudio de las im\u00e1genes, met\u00e1foras y recursos r\u00edtmicos de Renacida en mi calma, destacando c\u00f3mo la voz po\u00e9tica construye un viaje de sanaci\u00f3n, amor propio y renacimiento interior.","breadcrumb":{"@id":"https:\/\/nuestrosescritores.com\/luciagarciaramos\/2025\/12\/06\/analisis-de-tecnicas-literarias-renacida-en-mi-calma-lucia-garcia-ramos\/#breadcrumb"},"inLanguage":"es","potentialAction":[{"@type":"ReadAction","target":["https:\/\/nuestrosescritores.com\/luciagarciaramos\/2025\/12\/06\/analisis-de-tecnicas-literarias-renacida-en-mi-calma-lucia-garcia-ramos\/"]}]},{"@type":"ImageObject","inLanguage":"es","@id":"https:\/\/nuestrosescritores.com\/luciagarciaramos\/2025\/12\/06\/analisis-de-tecnicas-literarias-renacida-en-mi-calma-lucia-garcia-ramos\/#primaryimage","url":"https:\/\/nuestrosescritores.com\/luciagarciaramos\/wp-content\/uploads\/sites\/134\/2025\/12\/book5.png","contentUrl":"https:\/\/nuestrosescritores.com\/luciagarciaramos\/wp-content\/uploads\/sites\/134\/2025\/12\/book5.png","width":839,"height":794},{"@type":"BreadcrumbList","@id":"https:\/\/nuestrosescritores.com\/luciagarciaramos\/2025\/12\/06\/analisis-de-tecnicas-literarias-renacida-en-mi-calma-lucia-garcia-ramos\/#breadcrumb","itemListElement":[{"@type":"ListItem","position":1,"name":"Portada","item":"https:\/\/nuestrosescritores.com\/luciagarciaramos\/"},{"@type":"ListItem","position":2,"name":"AN\u00c1LISIS DE T\u00c9CNICAS LITERARIAS. RENACIDA EN MI CALMA &#8211; LUC\u00cdA GARC\u00cdA RAMOS"}]},{"@type":"WebSite","@id":"https:\/\/nuestrosescritores.com\/luciagarciaramos\/#website","url":"https:\/\/nuestrosescritores.com\/luciagarciaramos\/","name":"Nuestros escritores","description":"Escritora","potentialAction":[{"@type":"SearchAction","target":{"@type":"EntryPoint","urlTemplate":"https:\/\/nuestrosescritores.com\/luciagarciaramos\/?s={search_term_string}"},"query-input":{"@type":"PropertyValueSpecification","valueRequired":true,"valueName":"search_term_string"}}],"inLanguage":"es"},{"@type":"Person","@id":"https:\/\/nuestrosescritores.com\/luciagarciaramos\/#\/schema\/person\/eeae205ced613630f5aac210989ea6eb","name":"Javierpah","image":{"@type":"ImageObject","inLanguage":"es","@id":"https:\/\/secure.gravatar.com\/avatar\/1cb55a5bd8d6824519e46b552e84b03575857cc9c4d6333824d2f95d82129f50?s=96&d=mm&r=g","url":"https:\/\/secure.gravatar.com\/avatar\/1cb55a5bd8d6824519e46b552e84b03575857cc9c4d6333824d2f95d82129f50?s=96&d=mm&r=g","contentUrl":"https:\/\/secure.gravatar.com\/avatar\/1cb55a5bd8d6824519e46b552e84b03575857cc9c4d6333824d2f95d82129f50?s=96&d=mm&r=g","caption":"Javierpah"}}]}},"_links":{"self":[{"href":"https:\/\/nuestrosescritores.com\/luciagarciaramos\/wp-json\/wp\/v2\/posts\/139","targetHints":{"allow":["GET"]}}],"collection":[{"href":"https:\/\/nuestrosescritores.com\/luciagarciaramos\/wp-json\/wp\/v2\/posts"}],"about":[{"href":"https:\/\/nuestrosescritores.com\/luciagarciaramos\/wp-json\/wp\/v2\/types\/post"}],"author":[{"embeddable":true,"href":"https:\/\/nuestrosescritores.com\/luciagarciaramos\/wp-json\/wp\/v2\/users\/1"}],"replies":[{"embeddable":true,"href":"https:\/\/nuestrosescritores.com\/luciagarciaramos\/wp-json\/wp\/v2\/comments?post=139"}],"version-history":[{"count":0,"href":"https:\/\/nuestrosescritores.com\/luciagarciaramos\/wp-json\/wp\/v2\/posts\/139\/revisions"}],"wp:featuredmedia":[{"embeddable":true,"href":"https:\/\/nuestrosescritores.com\/luciagarciaramos\/wp-json\/wp\/v2\/media\/117"}],"wp:attachment":[{"href":"https:\/\/nuestrosescritores.com\/luciagarciaramos\/wp-json\/wp\/v2\/media?parent=139"}],"wp:term":[{"taxonomy":"category","embeddable":true,"href":"https:\/\/nuestrosescritores.com\/luciagarciaramos\/wp-json\/wp\/v2\/categories?post=139"},{"taxonomy":"post_tag","embeddable":true,"href":"https:\/\/nuestrosescritores.com\/luciagarciaramos\/wp-json\/wp\/v2\/tags?post=139"}],"curies":[{"name":"wp","href":"https:\/\/api.w.org\/{rel}","templated":true}]}}