{"id":133,"date":"2025-12-06T17:29:35","date_gmt":"2025-12-06T17:29:35","guid":{"rendered":"https:\/\/nuestrosescritores.com\/luciagarciaramos\/?p=133"},"modified":"2025-12-06T17:29:35","modified_gmt":"2025-12-06T17:29:35","slug":"comparacion-con-ama-desde-tus-adentros-analisis-evolutivo-entre-el-primer-y-segundo-poemario-de-lucia-garcia-ramos","status":"publish","type":"post","link":"https:\/\/nuestrosescritores.com\/luciagarciaramos\/2025\/12\/06\/comparacion-con-ama-desde-tus-adentros-analisis-evolutivo-entre-el-primer-y-segundo-poemario-de-lucia-garcia-ramos\/","title":{"rendered":"COMPARACI\u00d3N CON AMA DESDE TUS ADENTROS: AN\u00c1LISIS EVOLUTIVO ENTRE EL PRIMER Y SEGUNDO POEMARIO DE LUC\u00cdA GARC\u00cdA RAMOS"},"content":{"rendered":"<p><strong>COMPARACI\u00d3N CON <em>AMA DESDE TUS ADENTROS: AN\u00c1LISIS EVOLUTIVO ENTRE EL PRIMER Y SEGUNDO POEMARIO DE LUC\u00cdA GARC\u00cdA RAMOS<\/em><\/strong><\/p>\n<ol>\n<li><strong> Introducci\u00f3n<\/strong><\/li>\n<\/ol>\n<p>La obra po\u00e9tica de Luc\u00eda Garc\u00eda Ramos consta actualmente de dos poemarios publicados con tres a\u00f1os de diferencia: <em>Ama desde tus adentros<\/em> (2022) y <em>Renacida en mi calma<\/em> (2025). El an\u00e1lisis comparativo de ambas obras permite trazar una trayectoria evolutiva en t\u00e9rminos tem\u00e1ticos, estil\u00edsticos y de maduraci\u00f3n literaria que resulta especialmente reveladora sobre los procesos de desarrollo de una voz po\u00e9tica emergente en el contexto de la poes\u00eda espa\u00f1ola contempor\u00e1nea.<\/p>\n<p>La comparaci\u00f3n entre ambos poemarios evidencia una transformaci\u00f3n significativa no solo en el enfoque tem\u00e1tico \u2014del amor hacia otros al amor hacia una misma\u2014 sino tambi\u00e9n en la elaboraci\u00f3n formal, la arquitectura textual y la sofisticaci\u00f3n del discurso po\u00e9tico. Esta evoluci\u00f3n refleja tanto un proceso vital de la autora como una maduraci\u00f3n consciente de su proyecto literario.<\/p>\n<p>El objetivo de este estudio es analizar sistem\u00e1ticamente las similitudes y diferencias entre ambos poemarios, examinando la evoluci\u00f3n en m\u00faltiples dimensiones: tem\u00e1tica, estructural, estil\u00edstica, simb\u00f3lica y pragm\u00e1tica. Se prestar\u00e1 especial atenci\u00f3n a c\u00f3mo la transformaci\u00f3n vital que experimenta la autora entre 2022 y 2025 se traduce en cambios espec\u00edficos en su escritura po\u00e9tica.<\/p>\n<ol start=\"2\">\n<li><strong> Contexto biogr\u00e1fico y cronolog\u00eda de la producci\u00f3n<\/strong><\/li>\n<\/ol>\n<p><strong>2.1. El primer poemario: <em>Ama desde tus adentros (2022)<\/em><\/strong><\/p>\n<p><em>Ama desde tus adentros<\/em> se publica en 2022, cuando Luc\u00eda Garc\u00eda Ramos tiene aproximadamente 25 a\u00f1os. Seg\u00fan la informaci\u00f3n de la contraportada de su segundo libro, este primer poemario est\u00e1 &#8220;dedicado al amor universal&#8221;. Los agradecimientos del libro confirman esta orientaci\u00f3n hacia el amor dirigido a otros: madre, padre, hermanos, pareja, amigas.<\/p>\n<p>El poemario se construye fundamentalmente en torno a dos ejes: el amor rom\u00e1ntico hacia la pareja y el amor filial hacia la madre. Las dedicatorias expl\u00edcitas &#8220;A mi madre&#8221; y &#8220;A mi pareja&#8221; estructuran parte significativa del libro. Este primer libro representa la expresi\u00f3n de una joven que se encuentra en una fase de su vida caracterizada por la apertura hacia el exterior y la celebraci\u00f3n de los v\u00ednculos afectivos.<\/p>\n<p><strong>2.2. El segundo poemario: <em>Renacida en mi calma (2025)<\/em><\/strong><\/p>\n<p><em>Renacida en mi calma<\/em> aparece tres a\u00f1os despu\u00e9s, en 2025. La contraportada del libro explica que en este segundo poemario la autora &#8220;ha querido mirar hacia dentro, explorando el amor propio y el crecimiento personal como pilares esenciales para una vida plena&#8221;. La autora afirma: &#8220;Mis versos son un reflejo de lo aprendido: amarse a una misma es el punto de partida para todo lo dem\u00e1s&#8221;.<\/p>\n<p>Esta declaraci\u00f3n resulta fundamental para comprender la relaci\u00f3n entre ambos poemarios. El segundo libro no niega o contradice el primero, sino que lo complementa desde una perspectiva m\u00e1s madura. La secuencia sugiere un proceso de aprendizaje: primero se celebra el amor hacia otros; despu\u00e9s se descubre que ese amor requiere del amor propio como fundamento.<\/p>\n<p><strong>2.3. El tiempo intermedio: los tres a\u00f1os entre poemarios<\/strong><\/p>\n<p>Los tres a\u00f1os que separan ambas publicaciones (2022-2025) constituyen un periodo vital significativo para una mujer joven. Aunque no disponemos de informaci\u00f3n detallada sobre los acontecimientos espec\u00edficos de este periodo, los textos mismos sugieren que la autora atraves\u00f3 procesos de crisis, reflexi\u00f3n y transformaci\u00f3n que se plasman en el segundo poemario.<\/p>\n<p>El pr\u00f3logo de <em>Renacida en mi calma<\/em>, escrito por la amiga de la autora Elena, menciona: &#8220;he visto c\u00f3mo se ha ca\u00eddo y se ha levantado, c\u00f3mo ha florecido y ha ganado sus batallas en silencio&#8221;. Esta referencia a batallas ganadas &#8220;en silencio&#8221; sugiere que entre ambos poemarios median experiencias vitales que requirieron un trabajo de elaboraci\u00f3n personal.<\/p>\n<p>La transformaci\u00f3n tem\u00e1tica del amor hacia otros al amor propio indica que durante este periodo la autora experiment\u00f3 alg\u00fan tipo de crisis o cuestionamiento que la llev\u00f3 a reorientar su mirada desde el exterior hacia el interior. Esta reorientaci\u00f3n es caracter\u00edstica de procesos de maduraci\u00f3n psicol\u00f3gica donde la persona reconoce la necesidad de construir una identidad aut\u00f3noma antes de establecer v\u00ednculos sanos con otros.<\/p>\n<ol start=\"3\">\n<li><strong> An\u00e1lisis comparativo tem\u00e1tico<\/strong><\/li>\n<\/ol>\n<p><strong>3.1. Del amor rom\u00e1ntico al amor propio<\/strong><\/p>\n<p>La diferencia tem\u00e1tica m\u00e1s evidente entre ambos poemarios radica en el desplazamiento del foco: de un amor fundamentalmente dirigido hacia otros (especialmente la pareja rom\u00e1ntica) a un amor dirigido hacia una misma.<\/p>\n<p>En <em>Ama desde tus adentros<\/em>, el amor rom\u00e1ntico domina el poemario. Numerosos poemas se dirigen directamente a un &#8220;t\u00fa&#8221; que es claramente la pareja: &#8220;Ac\u00e9rcate a m\u00ed, \/ d\u00e9jame quererte&#8221;, &#8220;D\u00e9jame decirte que sin ti, yo no vivo&#8221;, &#8220;Eres el mayor de mis deseos&#8221;. La voz l\u00edrica se define frecuentemente en relaci\u00f3n con ese otro: &#8220;me siento completa si te tengo cerca&#8221;, &#8220;si cuando t\u00fa est\u00e1s conmigo simplemente somos uno&#8221;.<\/p>\n<p>Esta dependencia emocional del otro se expresa incluso en t\u00e9rminos dram\u00e1ticos: &#8220;Cada d\u00eda no te tengo, \/ cada d\u00eda no te siento, \/ cada d\u00eda yo me muero&#8221;, &#8220;si no est\u00e1s se termina mi mundo&#8221;. Aunque el poemario celebra este amor de manera positiva, desde la perspectiva del segundo libro pueden leerse estos versos como expresi\u00f3n de una fusi\u00f3n identitaria problem\u00e1tica.<\/p>\n<p>En <em>Renacida en mi calma<\/em>, el desplazamiento es radical. El &#8220;t\u00fa&#8221; desaparece como destinatario principal de los poemas. Cuando aparecen otros (en la secci\u00f3n &#8220;Puentes&#8221;), lo hacen desde una posici\u00f3n de equilibrio: &#8220;He aprendido que amar \/ no significa olvidarme, \/ ni desdibujar mis contornos \/ para encajar en otro&#8221;. El \u00e9nfasis est\u00e1 en mantener la propia identidad dentro de la relaci\u00f3n.<\/p>\n<p>El poema &#8220;Amar sin perderme&#8221; articula expl\u00edcitamente esta nueva concepci\u00f3n del amor: &#8220;Amar es sostenerme \/ y sostener al otro, \/ es dar sin vaciarme, \/ es escuchar sin renunciar a mi voz&#8221;. Esta concepci\u00f3n contrasta radicalmente con versos del primer libro como &#8220;vivo creyendo que sin m\u00ed no puedes seguir&#8221; o &#8220;si t\u00fa te caes mi mundo cae contigo&#8221;.<\/p>\n<p><strong>3.2. La presencia de la madre en ambos poemarios<\/strong><\/p>\n<p>Un elemento de continuidad entre ambos poemarios es la presencia significativa de la madre como figura fundamental. Sin embargo, el tratamiento de esta figura evoluciona tambi\u00e9n entre un libro y otro.<\/p>\n<p>En <em>Ama desde tus adentros<\/em>, la madre aparece en dos poemas dedicados expl\u00edcitamente: &#8220;A mi madre; \/ la mujer que me dio la vida, \/ la mujer que me ense\u00f1\u00f3 a so\u00f1ar&#8221; y &#8220;A mi madre; \/ t\u00fa me ense\u00f1aste lo que es amar, \/ t\u00fa me ense\u00f1aste lo que es fallar, \/ t\u00fa me ense\u00f1aste lo que es brillar&#8221;. La madre es presentada como fuente de ense\u00f1anzas, como origen del conocimiento sobre el amor.<\/p>\n<p>Otro poema expresa: &#8220;Vivo por ti, vivo para ti, vivo por verte sonre\u00edr. \/ Porque si t\u00fa te caes mi mundo cae contigo&#8221;. Esta expresi\u00f3n de dependencia emocional respecto a la madre, aunque com\u00fan en relaciones filiales, sugiere una identidad a\u00fan no completamente individuada.<\/p>\n<p>En <em>Renacida en mi calma<\/em>, la madre no aparece mencionada expl\u00edcitamente en los poemas. Sin embargo, la dedicatoria del libro &#8220;A quienes partieron antes de tiempo \/ pero nunca de mi coraz\u00f3n&#8221; sugiere que la autora ha experimentado p\u00e9rdidas significativas. El poema contin\u00faa: &#8220;Su amor invisible ha sido mi ra\u00edz, \/ su recuerdo mi faro, \/ y su fuerza la que me sostuvo \/ en cada renacer&#8221;.<\/p>\n<p>Esta referencia a personas que &#8220;partieron&#8221; en plural podr\u00eda incluir p\u00e9rdidas de diversa naturaleza. La transformaci\u00f3n en la relaci\u00f3n con las figuras significativas \u2014de una dependencia expresada en presente a una presencia interiorizada expresada en pasado\u2014 marca una evoluci\u00f3n hacia mayor autonom\u00eda emocional.<\/p>\n<p><strong>3.3. La construcci\u00f3n de la identidad: dependencia vs. autonom\u00eda<\/strong><\/p>\n<p>El an\u00e1lisis tem\u00e1tico revela una evoluci\u00f3n fundamental en la construcci\u00f3n de la identidad del sujeto l\u00edrico. En el primer poemario, la identidad se construye fundamentalmente en relaci\u00f3n con otros, especialmente con la pareja rom\u00e1ntica. En el segundo, la identidad se construye desde el interior, siendo los v\u00ednculos con otros complementarios pero no constitutivos.<\/p>\n<p>En <em>Ama desde tus adentros<\/em>, encontramos expresiones como: &#8220;me siento completa si te tengo cerca&#8221;, &#8220;Eres la pieza fundamental de mi puzzle&#8221;, &#8220;cuando t\u00fa est\u00e1s conmigo simplemente somos uno&#8221;. Estas formulaciones sugieren que el sujeto requiere del otro para sentirse completo.<\/p>\n<p>En <em>Renacida en mi calma<\/em>, la formulaci\u00f3n se invierte: &#8220;Hoy entiendo \/ que no necesito completarme con nadie, \/ porque entera \/ ya soy fuego, ra\u00edz y cielo&#8221;. El sujeto se reconoce como completo en s\u00ed mismo, sin necesidad de elementos externos para su plenitud.<\/p>\n<p>Esta transformaci\u00f3n de la dependencia a la autonom\u00eda constituye el eje central de la evoluci\u00f3n entre ambos poemarios. Representa un proceso de maduraci\u00f3n psicol\u00f3gica donde el sujeto conquista una identidad aut\u00f3noma desde la cual puede relacionarse con otros sin perderse en ellos.<\/p>\n<p><strong>3.4. El dolor y la vulnerabilidad<\/strong><\/p>\n<p>Ambos poemarios abordan experiencias de dolor, pero desde perspectivas diferentes. En <em>Ama desde tus adentros<\/em>, el dolor se asocia fundamentalmente con la ausencia del ser amado. En <em>Renacida en mi calma<\/em>, el dolor se presenta como experiencia que, aunque dif\u00edcil, puede convertirse en fuente de conocimiento y fortaleza.<\/p>\n<p>En el primer libro: &#8220;Cuando est\u00e1s lejos de m\u00ed se marchita de dolor&#8221;, &#8220;que sin ti mi d\u00eda se vuelve oscuro&#8221;. El dolor proviene de la separaci\u00f3n del otro.<\/p>\n<p>En el segundo: &#8220;La vida se siente, se sufre, se ama&#8221; aparece tambi\u00e9n en el primer libro, pero en <em>Renacida en mi calma<\/em> esta aceptaci\u00f3n del sufrimiento como parte de la vida se desarrolla m\u00e1s ampliamente: &#8220;La cicatriz que florece&#8221;, &#8220;El peso y la fuerza&#8221;, &#8220;Los d\u00edas que no soy luz&#8221;. El dolor se integra en la narrativa vital no como accidente sino como componente constitutivo de la experiencia.<\/p>\n<ol start=\"4\">\n<li><strong> An\u00e1lisis comparativo estructural<\/strong><\/li>\n<\/ol>\n<p><strong>4.1. Organizaci\u00f3n del poemario<\/strong><\/p>\n<p>La diferencia estructural m\u00e1s significativa entre ambos poemarios radica en su organizaci\u00f3n. <em>Ama desde tus adentros<\/em> carece de estructura seccional. Los poemas se suceden sin organizaci\u00f3n tem\u00e1tica expl\u00edcita, creando un efecto de flujo de conciencia o diario \u00edntimo.<\/p>\n<p><em>Renacida en mi calma<\/em>, por el contrario, presenta una arquitectura cuidadosamente dise\u00f1ada en cinco secciones: Renacer, Ra\u00edces, Alas, Puentes, Horizontes. Esta organizaci\u00f3n no es meramente formal, sino que responde a una l\u00f3gica narrativa que traza un itinerario completo del proceso de crecimiento personal.<\/p>\n<p>Esta diferencia estructural refleja distintos grados de elaboraci\u00f3n literaria. El primer poemario se asemeja a una colecci\u00f3n de poemas escritos espont\u00e1neamente a lo largo del tiempo, sin plan previo. El segundo evidencia una concepci\u00f3n m\u00e1s arquitect\u00f3nica, donde cada secci\u00f3n cumple una funci\u00f3n espec\u00edfica en el conjunto.<\/p>\n<p>La presencia de t\u00edtulos descriptivos en cada poema de <em>Renacida en mi calma<\/em> (&#8220;Soy mi casa&#8221;, &#8220;La cicatriz que florece&#8221;, &#8220;Amar sin perderme&#8221;) contrasta con la ausencia de t\u00edtulos en la mayor\u00eda de poemas de <em>Ama desde tus adentros<\/em>, que se identifican solo por su n\u00famero de p\u00e1gina. Los t\u00edtulos del segundo libro funcionan como condensaciones tem\u00e1ticas que orientan la lectura.<\/p>\n<p><strong>4.2. Extensi\u00f3n y desarrollo de los poemas<\/strong><\/p>\n<p>Los poemas de <em>Ama desde tus adentros<\/em> son predominantemente breves, con una extensi\u00f3n que oscila entre 3 y 8 versos en la mayor\u00eda de casos. Algunos poemas tienen apenas una estrofa: &#8220;Vivir es sentir \/ vivir es bailar \/ vivir es re\u00edr \/ vivir es amar&#8221; (4 versos).<\/p>\n<p>Esta brevedad genera un efecto de inmediatez y espontaneidad. Los poemas funcionan como aforismos o declaraciones s\u00fabitas, sin apenas desarrollo. La unidad del poema coincide frecuentemente con la expresi\u00f3n de una sola idea o sentimiento.<\/p>\n<p>Los poemas de <em>Renacida en mi calma<\/em> son significativamente m\u00e1s extensos, con una media de 15-20 versos. Cada poema desarrolla su tema mediante m\u00faltiples estrofas que exploran diferentes dimensiones de la experiencia. Por ejemplo, &#8220;Soy mi casa&#8221; tiene 17 versos distribuidos en varias estrofas que desarrollan progresivamente la met\u00e1fora.<\/p>\n<p>Esta mayor extensi\u00f3n permite un desarrollo m\u00e1s matizado de los temas. Los poemas no se limitan a declarar un sentimiento, sino que lo exploran, lo contextualizan, lo conectan con im\u00e1genes y reflexiones. Esta diferencia indica una evoluci\u00f3n hacia mayor complejidad y profundidad en el tratamiento de los temas.<\/p>\n<p><strong>4.3. Presencia o ausencia de pr\u00f3logo<\/strong><\/p>\n<p><em>Ama desde tus adentros<\/em> carece de pr\u00f3logo, comenzando directamente con los poemas. <em>Renacida en mi calma<\/em> incluye un pr\u00f3logo escrito por Elena, amiga de la autora. Este pr\u00f3logo cumple funciones importantes: contextualiza la obra, establece una relaci\u00f3n afectiva con la autora, valida la experiencia narrada en el poemario.<\/p>\n<p>La presencia del pr\u00f3logo en el segundo libro sugiere una concepci\u00f3n m\u00e1s profesional del proyecto editorial. El pr\u00f3logo sit\u00faa el poemario en un contexto relacional y vital, ofreciendo al lector claves de lectura. La elecci\u00f3n de que sea una amiga quien escriba el pr\u00f3logo (y no un cr\u00edtico o poeta consagrado) mantiene el tono \u00edntimo y personal que caracteriza la obra.<\/p>\n<p><strong>4.4. Los agradecimientos<\/strong><\/p>\n<p>Ambos poemarios incluyen secci\u00f3n de agradecimientos, pero con diferencias significativas. En <em>Ama desde tus adentros<\/em>, los agradecimientos son breves y enumerativos, agradeciendo a madre, padre, hermanos, pareja, amigas.<\/p>\n<p>En <em>Renacida en mi calma<\/em>, los agradecimientos son m\u00e1s extensos y espec\u00edficos, detallando el tipo de apoyo que cada persona o grupo ha brindado. Se agradece a la familia &#8220;por ser el origen de todo&#8221;, a la pareja &#8220;por su paciencia infinita cuando las musas se escapan&#8221;, a Elena &#8220;por sus palabras en el pr\u00f3logo&#8221;, a los jefes &#8220;por su apoyo, su comprensi\u00f3n&#8221;, a los amigos.<\/p>\n<p>Esta mayor especificidad en los agradecimientos del segundo libro refleja una conciencia m\u00e1s madura de las diferentes formas de apoyo que un proyecto creativo requiere. Tambi\u00e9n evidencia una red relacional m\u00e1s compleja y diferenciada.<\/p>\n<ol start=\"5\">\n<li><strong> An\u00e1lisis comparativo estil\u00edstico<\/strong><\/li>\n<\/ol>\n<p><strong>5.1. Complejidad sint\u00e1ctica<\/strong><\/p>\n<p>El an\u00e1lisis sint\u00e1ctico revela diferencias significativas en la complejidad de las construcciones. <em>Ama desde tus adentros<\/em> emplea estructuras sint\u00e1cticas muy simples, con predominio de oraciones coordinadas: &#8220;Vivir es sentir \/ vivir es bailar \/ vivir es re\u00edr \/ vivir es amar&#8221;.<\/p>\n<p>Las an\u00e1foras son muy frecuentes, creando paralelismos simples: &#8220;Cada d\u00eda pasa el tiempo, \/ cada d\u00eda no te tengo, \/ cada d\u00eda no te siento, \/ cada d\u00eda yo me muero&#8221;. Esta repetici\u00f3n genera ritmo, pero limita la variedad expresiva.<\/p>\n<p><em>Renacida en mi calma<\/em> mantiene la sencillez sint\u00e1ctica como caracter\u00edstica, pero introduce mayor variedad. Aunque predominan las oraciones simples, aparecen tambi\u00e9n construcciones m\u00e1s complejas que matizan las afirmaciones: &#8220;He aprendido que sostenerlo todo \/ no me hace fuerte, \/ sino pesada&#8221;. Las subordinadas causales, condicionales y concesivas introducen relaciones l\u00f3gicas entre ideas que est\u00e1n ausentes en el primer libro.<\/p>\n<p><strong>5.2. Registro ling\u00fc\u00edstico y l\u00e9xico<\/strong><\/p>\n<p>Ambos poemarios emplean un registro coloquial y accesible, evitando el vocabulario especializado o culto. Sin embargo, <em>Renacida en mi calma<\/em> muestra una selecci\u00f3n l\u00e9xica m\u00e1s cuidada.<\/p>\n<p>En <em>Ama desde tus adentros<\/em> encontramos expresiones muy coloquiales: &#8220;qu\u00e9 m\u00e1s da lo que piense la gente&#8221;, &#8220;nunca cre\u00ed en los pr\u00edncipes azules&#8221;. El l\u00e9xico es cotidiano y directo, sin b\u00fasqueda de originalidad expresiva.<\/p>\n<p>En <em>Renacida en mi calma<\/em>, el registro sigue siendo accesible pero el l\u00e9xico es m\u00e1s preciso y evocador: &#8220;Diciembre interior&#8221;, &#8220;la piel que dejo atr\u00e1s&#8221;, &#8220;puente de palabras&#8221;, &#8220;hasta el infinito de m\u00ed&#8221;. Las combinaciones de palabras son m\u00e1s inesperadas y sugerentes.<\/p>\n<p><strong>5.3. Uso de la met\u00e1fora<\/strong><\/p>\n<p>La evoluci\u00f3n m\u00e1s significativa entre ambos poemarios se produce en el uso de la met\u00e1fora. <em>Ama desde tus adentros<\/em> emplea met\u00e1foras ocasionales y convencionales: &#8220;eres la pieza fundamental de mi puzzle&#8221;, &#8220;te vi a ti y me abriste las puertas a otro mundo&#8221;. Son met\u00e1foras que no se desarrollan ni configuran un sistema simb\u00f3lico coherente.<\/p>\n<p><em>Renacida en mi calma<\/em> despliega un sistema metaf\u00f3rico elaborado y consistente basado en met\u00e1foras espaciales: casa, ra\u00edces, puentes, horizontes. Estas met\u00e1foras no son ornamentales, sino estructurantes: organizan el poemario, articulan la experiencia, configuran una visi\u00f3n del mundo.<\/p>\n<p>Las met\u00e1foras del segundo libro se desarrollan extensamente. La casa no se menciona una vez, sino que se explora en m\u00faltiples dimensiones: &#8220;Soy las paredes que se sostienen&#8221;, &#8220;las ventanas abiertas&#8221;, &#8220;la casa que habito y la que sue\u00f1o&#8221;. Esta elaboraci\u00f3n sistem\u00e1tica de las met\u00e1foras evidencia mayor madurez literaria.<\/p>\n<p><strong>5.4. Recursos f\u00f3nicos: rima y ritmo<\/strong><\/p>\n<p><em>Ama desde tus adentros<\/em> emplea frecuentemente rima consonante o asonante, especialmente en versos finales: &#8220;sentir\/bailar\/re\u00edr\/amar&#8221;, &#8220;brazos\/labios\/despacio&#8221;, &#8220;siento\/tengo\/muero&#8221;. Esta rima crea efectos de musicalidad evidentes, pero puede resultar predecible.<\/p>\n<p>El ritmo se construye mediante paralelismos y repeticiones: &#8220;Ac\u00e9rcate a m\u00ed, \/ d\u00e9jame quererte. \/ Ac\u00e9rcate a m\u00ed, \/ d\u00e9jame acariciarte. \/ Ac\u00e9rcate a m\u00ed, \/ d\u00e9jame besarte&#8221;. Estos paralelismos generan un ritmo hipn\u00f3tico pero mon\u00f3tono.<\/p>\n<p><em>Renacida en mi calma<\/em> renuncia mayormente a la rima regular, optando por verso libre. Los efectos f\u00f3nicos son m\u00e1s sutiles: asonancias internas, aliteraciones ocasionales. El ritmo se construye mediante la variaci\u00f3n en la longitud de los versos y mediante encabalgamientos suaves.<\/p>\n<p>Esta evoluci\u00f3n de la rima regular hacia formas m\u00e1s libres indica una maduraci\u00f3n po\u00e9tica. El primer libro emplea recursos tradicionales de manera intuitiva; el segundo muestra mayor confianza en la capacidad del verso libre para generar efectos expresivos.<\/p>\n<ol start=\"6\">\n<li><strong> An\u00e1lisis comparativo de la voz l\u00edrica<\/strong><\/li>\n<\/ol>\n<p><strong>6.1. El &#8220;yo&#8221; y el &#8220;t\u00fa&#8221;: posiciones enunciativas<\/strong><\/p>\n<p>En <em>Ama desde tus adentros<\/em>, la voz l\u00edrica se dirige casi constantemente a un &#8220;t\u00fa&#8221;: &#8220;Ac\u00e9rcate a m\u00ed&#8221;, &#8220;D\u00e9jame decirte&#8221;, &#8220;Eres el mayor de mis deseos&#8221;. Este &#8220;t\u00fa&#8221; domina el horizonte del poema, convirti\u00e9ndose en el centro gravitacional de la enunciaci\u00f3n. El &#8220;yo&#8221; se define en funci\u00f3n de ese &#8220;t\u00fa&#8221;: &#8220;vivo por ti&#8221;, &#8220;sin ti yo no vivo&#8221;.<\/p>\n<p>En <em>Renacida en mi calma<\/em>, el &#8220;t\u00fa&#8221; pr\u00e1cticamente desaparece. La voz l\u00edrica se dirige fundamentalmente a s\u00ed misma o al lector impl\u00edcito. Cuando aparece un &#8220;t\u00fa&#8221; en la secci\u00f3n &#8220;Puentes&#8221;, es un t\u00fa con el que se establece relaci\u00f3n de igual a igual, no de dependencia.<\/p>\n<p>Esta transformaci\u00f3n en las posiciones enunciativas refleja el cambio tem\u00e1tico del amor hacia otros al amor propio. El primer poemario es fundamentalmente dial\u00f3gico, dirigido hacia un otro; el segundo es m\u00e1s monol\u00f3gico, centrado en la exploraci\u00f3n interior.<\/p>\n<p><strong>6.2. Tono emocional: intensidad vs. serenidad<\/strong><\/p>\n<p>El tono emocional de <em>Ama desde tus adentros<\/em> es intenso, apasionado, frecuentemente dram\u00e1tico. Las declaraciones son extremas: &#8220;cada d\u00eda yo me muero&#8221;, &#8220;si no est\u00e1s se termina mi mundo&#8221;, &#8220;cuando est\u00e1s lejos de m\u00ed se marchita de dolor&#8221;. Esta intensidad refleja la experiencia del amor rom\u00e1ntico juvenil, caracterizada por emociones absolutas.<\/p>\n<p>El tono de <em>Renacida en mi calma<\/em> es m\u00e1s sereno, reflexivo, pausado. Aunque el poemario aborda experiencias dolorosas, las presenta con cierta distancia contemplativa: &#8220;Hay d\u00edas que no brillo, \/ que todo pesa m\u00e1s \/ y hasta mi sonrisa se esconde&#8221;. La voz l\u00edrica no se deja arrastrar por la emoci\u00f3n, sino que la observa.<\/p>\n<p>Esta evoluci\u00f3n del dramatismo a la serenidad indica maduraci\u00f3n emocional. El primer libro expresa emociones en estado puro; el segundo las elabora mediante la reflexi\u00f3n.<\/p>\n<p><strong>6.3. Temporalidad de la voz: presente inmediato vs. proceso<\/strong><\/p>\n<p>En <em>Ama desde tus adentros<\/em>, la voz l\u00edrica habla fundamentalmente desde el presente inmediato de la emoci\u00f3n. Los poemas capturan instantes emocionales: el deseo, la ausencia, la felicidad del encuentro. No hay perspectiva temporal amplia ni narrativa de transformaci\u00f3n.<\/p>\n<p>En <em>Renacida en mi calma<\/em>, la voz l\u00edrica habla desde una temporalidad m\u00e1s compleja que incluye pasado, presente y futuro. El uso recurrente del pret\u00e9rito perfecto (&#8220;he aprendido&#8221;, &#8220;he descubierto&#8221;) sit\u00faa al sujeto en un proceso de transformaci\u00f3n que conecta experiencias pasadas con el presente. La \u00faltima secci\u00f3n proyecta la mirada hacia el futuro.<\/p>\n<p>Esta incorporaci\u00f3n de la dimensi\u00f3n procesual indica que la voz l\u00edrica del segundo libro ha adquirido conciencia hist\u00f3rica de s\u00ed misma. No solo experimenta emociones presentes, sino que comprende c\u00f3mo ha llegado a donde est\u00e1 y hacia d\u00f3nde se dirige.<\/p>\n<ol start=\"7\">\n<li><strong> An\u00e1lisis de la maduraci\u00f3n literaria<\/strong><\/li>\n<\/ol>\n<p><strong>7.1. De la espontaneidad a la arquitectura consciente<\/strong><\/p>\n<p>El primer poemario presenta caracter\u00edsticas de escritura espont\u00e1nea, probablemente sin revisi\u00f3n o reelaboraci\u00f3n extensivas. Los poemas parecen capturar momentos emocionales en su inmediatez, sin preocupaci\u00f3n por la elaboraci\u00f3n formal. Esta espontaneidad tiene valor testimonial y genera autenticidad, pero limita la complejidad literaria.<\/p>\n<p>El segundo poemario evidencia un proceso de escritura m\u00e1s consciente y elaborado. La estructura cuidadosamente organizada, el desarrollo de un sistema metaf\u00f3rico coherente, la consistencia tonal, todo indica que la autora ha reflexionado sobre su proyecto po\u00e9tico y lo ha ejecutado con mayor control formal.<\/p>\n<p>Esta evoluci\u00f3n no implica p\u00e9rdida de autenticidad, sino incorporaci\u00f3n de la t\u00e9cnica al servicio de la expresi\u00f3n. La autora ha aprendido que la espontaneidad no es incompatible con la elaboraci\u00f3n, que el trabajo formal puede potenciar en lugar de limitar la expresividad.<\/p>\n<p><strong>7.2. Influencias y modelos literarios<\/strong><\/p>\n<p><em>Ama desde tus adentros<\/em> se inscribe claramente en la tradici\u00f3n de la &#8220;poes\u00eda de Instagram&#8221; o &#8220;instapoes\u00eda&#8221;: poemas muy breves, lenguaje coloquial, tem\u00e1tica emocional, ausencia de experimentaci\u00f3n formal. Este tipo de poes\u00eda, popularizado en redes sociales, ha democratizado el acceso a la escritura po\u00e9tica pero ha sido criticada por su simplicidad y su escasa elaboraci\u00f3n literaria.<\/p>\n<p><em>Renacida en mi calma<\/em>, sin renunciar a la accesibilidad, muestra ambiciones literarias m\u00e1s elevadas. La referencia expl\u00edcita a Mario Benedetti sugiere que la autora ha ampliado sus lecturas y referencias. El poemario dialoga con tradiciones po\u00e9ticas m\u00e1s establecidas sin perder su voz personal.<\/p>\n<p>Esta evoluci\u00f3n indica que la autora ha transitado de una escritura intuitiva, basada en modelos de redes sociales, a una escritura m\u00e1s consciente de la tradici\u00f3n po\u00e9tica, aunque manteniendo su compromiso con la accesibilidad.<\/p>\n<p><strong>7.3. Funci\u00f3n del poemario: expresi\u00f3n vs. elaboraci\u00f3n<\/strong><\/p>\n<p>El primer poemario cumple fundamentalmente una funci\u00f3n expresiva. La autora escribe para exteriorizar emociones, para celebrar sus amores, para testimoniar su experiencia. El libro funciona como diario po\u00e9tico de sus sentimientos.<\/p>\n<p>El segundo poemario, sin renunciar a la expresi\u00f3n, incorpora una funci\u00f3n elaborativa. La autora no solo expresa emociones sino que las procesa, las comprende, las integra en una narrativa de transformaci\u00f3n. El libro funciona como herramienta de crecimiento personal y como testimonio de un proceso.<\/p>\n<p>Esta evoluci\u00f3n de la expresi\u00f3n a la elaboraci\u00f3n marca una diferencia fundamental en la concepci\u00f3n de la escritura. En el primer caso, se escribe para decir lo que se siente; en el segundo, se escribe tambi\u00e9n para comprender lo que se siente y transformarlo.<\/p>\n<ol start=\"8\">\n<li><strong> Continuidades entre ambos poemarios<\/strong><\/li>\n<\/ol>\n<p><strong>8.1. El compromiso con la accesibilidad<\/strong><\/p>\n<p>A pesar de las diferencias, ambos poemarios comparten un compromiso fundamental con la accesibilidad ling\u00fc\u00edstica. Ninguno de los dos emplea lenguaje herm\u00e9tico, referencias culturales oscuras o experimentaci\u00f3n formal radical. Ambos buscan comunicar con un p\u00fablico amplio mediante un lenguaje directo.<\/p>\n<p>Esta continuidad refleja una convicci\u00f3n de la autora sobre la funci\u00f3n de la poes\u00eda. Su escritura no busca la distinci\u00f3n intelectual ni el reconocimiento de c\u00edrculos literarios especializados, sino la conexi\u00f3n emocional con lectores que comparten experiencias similares.<\/p>\n<p><strong>8.2. La sinceridad emocional<\/strong><\/p>\n<p>Tanto <em>Ama desde tus adentros<\/em> como <em>Renacida en mi calma<\/em> se caracterizan por su sinceridad emocional. No hay iron\u00eda, distanciamiento o juego intelectual. La voz l\u00edrica se presenta como genuina, vulnerable, dispuesta a compartir experiencias \u00edntimas.<\/p>\n<p>Esta sinceridad constituye uno de los valores centrales de la po\u00e9tica de Luc\u00eda Garc\u00eda Ramos. En una tradici\u00f3n po\u00e9tica que frecuentemente valora la sofisticaci\u00f3n y el distanciamiento, su apuesta por la sinceridad directa representa una elecci\u00f3n est\u00e9tica y \u00e9tica significativa.<\/p>\n<p><strong>8.3. La celebraci\u00f3n de la vida<\/strong><\/p>\n<p>A pesar de abordar tambi\u00e9n experiencias dolorosas, ambos poemarios comparten una actitud fundamentalmente celebratoria de la vida. El primer libro celebra el amor, los v\u00ednculos, los sue\u00f1os. El segundo celebra el crecimiento personal, la superaci\u00f3n, la conquista de la calma.<\/p>\n<p>Esta celebraci\u00f3n evita caer en el pesimismo o el nihilismo que caracterizan algunas corrientes de la poes\u00eda contempor\u00e1nea. La autora mantiene una visi\u00f3n esperanzadora de la experiencia humana, confiando en la posibilidad de felicidad, crecimiento y plenitud.<\/p>\n<ol start=\"9\">\n<li><strong> Conclusiones: la trayectoria de una voz po\u00e9tica emergente<\/strong><\/li>\n<\/ol>\n<p><strong>9.1. S\u00edntesis de la evoluci\u00f3n<\/strong><\/p>\n<p>El an\u00e1lisis comparativo de <em>Ama desde tus adentros<\/em> y <em>Renacida en mi calma<\/em> revela una evoluci\u00f3n significativa en m\u00faltiples dimensiones. Tem\u00e1ticamente, la autora transita del amor hacia otros al amor propio, de la dependencia emocional a la autonom\u00eda. Estructuralmente, evoluciona de una colecci\u00f3n espont\u00e1nea de poemas a una arquitectura cuidadosamente organizada. Estil\u00edsticamente, desarrolla un lenguaje m\u00e1s matizado y un sistema metaf\u00f3rico m\u00e1s elaborado.<\/p>\n<p>Esta evoluci\u00f3n no implica ruptura sino maduraci\u00f3n. El segundo libro no niega el primero sino que lo complementa desde una perspectiva m\u00e1s amplia. La secuencia de ambos poemarios propone un itinerario vital: primero se experimenta el amor hacia otros con toda su intensidad; despu\u00e9s se descubre que ese amor requiere del amor propio como fundamento; finalmente se integran ambas dimensiones en una concepci\u00f3n madura de las relaciones.<\/p>\n<p><strong>9.2. Proyecci\u00f3n futura<\/strong><\/p>\n<p>Los dos poemarios publicados establecen las bases de una obra en desarrollo. La trayectoria que dibujan sugiere posibles direcciones futuras. Un tercer poemario podr\u00eda explorar c\u00f3mo el amor propio conquistado permite nuevas formas de amor hacia otros, integrando las conquistas de ambos libros anteriores.<\/p>\n<p>La maduraci\u00f3n literaria evidenciada entre el primer y segundo libro sugiere que futuros trabajos podr\u00edan mostrar mayor experimentaci\u00f3n formal sin renunciar a la accesibilidad que caracteriza su voz. La autora ha demostrado capacidad de aprendizaje y evoluci\u00f3n, lo que augura desarrollos interesantes en su trayectoria.<\/p>\n<p><strong>9.3. Significado en el contexto de la poes\u00eda espa\u00f1ola contempor\u00e1nea<\/strong><\/p>\n<p>La trayectoria de Luc\u00eda Garc\u00eda Ramos resulta representativa de tendencias m\u00e1s amplias en la poes\u00eda espa\u00f1ola contempor\u00e1nea. Su evoluci\u00f3n desde una poes\u00eda muy influida por redes sociales hacia formas m\u00e1s elaboradas sin perder accesibilidad refleja un proceso que est\u00e1n viviendo numerosos poetas j\u00f3venes.<\/p>\n<p>Su trabajo evidencia que la poes\u00eda del autocuidado y el crecimiento personal puede ir m\u00e1s all\u00e1 de las formulaciones simplistas de la &#8220;instapoes\u00eda&#8221; para desarrollar propuestas literariamente m\u00e1s consistentes. <em>Renacida en mi calma<\/em> demuestra que es posible escribir poes\u00eda accesible y emocionalmente resonante sin renunciar a la elaboraci\u00f3n formal.<\/p>\n<p>La obra de Garc\u00eda Ramos contribuye tambi\u00e9n a visibilizar experiencias de mujeres j\u00f3venes de \u00e1mbitos no metropolitanos. Su origen jumillano y su trabajo en el sector servicios la conectan con realidades frecuentemente subrepresentadas en el campo literario espa\u00f1ol. Esta diversificaci\u00f3n de voces enriquece el panorama po\u00e9tico contempor\u00e1neo.<\/p>\n<p><strong>9.4. Valoraci\u00f3n cr\u00edtica<\/strong><\/p>\n<p>El an\u00e1lisis comparativo permite una valoraci\u00f3n equilibrada de ambos poemarios. <em>Ama desde tus adentros<\/em>, con sus limitaciones formales, tiene valor como expresi\u00f3n sincera de experiencias emocionales juveniles. Su espontaneidad y su celebraci\u00f3n del amor conectan con tradiciones po\u00e9ticas antiguas.<\/p>\n<p><em>Renacida en mi calma<\/em> representa un salto cualitativo significativo. La autora ha desarrollado una voz m\u00e1s personal, una arquitectura m\u00e1s s\u00f3lida, un lenguaje m\u00e1s matizado. Sin renunciar a la accesibilidad que caracterizaba su primer libro, ha incorporado elementos de mayor complejidad literaria.<\/p>\n<p>La comparaci\u00f3n revela que Luc\u00eda Garc\u00eda Ramos es una poeta en proceso de formaci\u00f3n y consolidaci\u00f3n. Su trayectoria muestra capacidad de autorreflexi\u00f3n y evoluci\u00f3n, cualidades fundamentales para el desarrollo de una obra po\u00e9tica significativa. Los dos poemarios publicados constituyen apenas el comienzo de lo que promete ser una trayectoria literaria interesante y relevante en el contexto de la poes\u00eda espa\u00f1ola del siglo XXI.<\/p>\n<p><strong>Este estudio comparativo ha sido elaborado como contribuci\u00f3n al an\u00e1lisis cr\u00edtico de la obra po\u00e9tica de Luc\u00eda Garc\u00eda Ramos y al estudio de las trayectorias de voces emergentes en la poes\u00eda espa\u00f1ola contempor\u00e1nea.<\/strong><\/p>\n","protected":false},"excerpt":{"rendered":"<p>An\u00e1lisis comparativo del viaje l\u00edrico y vital entre Ama desde tus adentros y Renacida en mi calma, del amor universal al amor propio y la madurez po\u00e9tica de Luc\u00eda Garc\u00eda Ramos.<\/p>\n","protected":false},"author":1,"featured_media":120,"comment_status":"closed","ping_status":"closed","sticky":false,"template":"","format":"standard","meta":{"_acf_changed":false,"footnotes":""},"categories":[5],"tags":[],"class_list":["post-133","post","type-post","status-publish","format-standard","has-post-thumbnail","hentry","category-renacida-en-mi-calma-literarios"],"acf":[],"yoast_head":"<!-- This site is optimized with the Yoast SEO Premium plugin v24.7 (Yoast SEO v27.4) - https:\/\/yoast.com\/product\/yoast-seo-premium-wordpress\/ -->\n<title>COMPARACI\u00d3N CON AMA DESDE TUS ADENTROS: AN\u00c1LISIS EVOLUTIVO ENTRE EL PRIMER Y SEGUNDO POEMARIO DE LUC\u00cdA GARC\u00cdA RAMOS - Luc\u00eda Garc\u00eda Ramos<\/title>\n<meta name=\"description\" content=\"An\u00e1lisis comparativo del viaje l\u00edrico y vital entre Ama desde tus adentros y Renacida en mi calma, del amor universal al amor propio y la madurez po\u00e9tica de Luc\u00eda Garc\u00eda Ramos.\" \/>\n<meta name=\"robots\" content=\"index, follow, max-snippet:-1, max-image-preview:large, max-video-preview:-1\" \/>\n<link rel=\"canonical\" href=\"https:\/\/nuestrosescritores.com\/luciagarciaramos\/2025\/12\/06\/comparacion-con-ama-desde-tus-adentros-analisis-evolutivo-entre-el-primer-y-segundo-poemario-de-lucia-garcia-ramos\/\" \/>\n<meta property=\"og:locale\" content=\"es_ES\" \/>\n<meta property=\"og:type\" content=\"article\" \/>\n<meta property=\"og:title\" content=\"COMPARACI\u00d3N CON AMA DESDE TUS ADENTROS: AN\u00c1LISIS EVOLUTIVO ENTRE EL PRIMER Y SEGUNDO POEMARIO DE LUC\u00cdA GARC\u00cdA RAMOS\" \/>\n<meta property=\"og:description\" content=\"An\u00e1lisis comparativo del viaje l\u00edrico y vital entre Ama desde tus adentros y Renacida en mi calma, del amor universal al amor propio y la madurez po\u00e9tica de Luc\u00eda Garc\u00eda Ramos.\" \/>\n<meta property=\"og:url\" content=\"https:\/\/nuestrosescritores.com\/luciagarciaramos\/2025\/12\/06\/comparacion-con-ama-desde-tus-adentros-analisis-evolutivo-entre-el-primer-y-segundo-poemario-de-lucia-garcia-ramos\/\" \/>\n<meta property=\"og:site_name\" content=\"Luc\u00eda Garc\u00eda Ramos\" \/>\n<meta property=\"article:published_time\" content=\"2025-12-06T17:29:35+00:00\" \/>\n<meta property=\"og:image\" content=\"https:\/\/nuestrosescritores.com\/luciagarciaramos\/wp-content\/uploads\/sites\/134\/2025\/12\/book2.png\" \/>\n\t<meta property=\"og:image:width\" content=\"839\" \/>\n\t<meta property=\"og:image:height\" content=\"794\" \/>\n\t<meta property=\"og:image:type\" content=\"image\/png\" \/>\n<meta name=\"author\" content=\"Javierpah\" \/>\n<meta name=\"twitter:card\" content=\"summary_large_image\" \/>\n<meta name=\"twitter:label1\" content=\"Escrito por\" \/>\n\t<meta name=\"twitter:data1\" content=\"Javierpah\" \/>\n\t<meta name=\"twitter:label2\" content=\"Tiempo de lectura\" \/>\n\t<meta name=\"twitter:data2\" content=\"21 minutos\" \/>\n<script type=\"application\/ld+json\" class=\"yoast-schema-graph\">{\"@context\":\"https:\\\/\\\/schema.org\",\"@graph\":[{\"@type\":\"Article\",\"@id\":\"https:\\\/\\\/nuestrosescritores.com\\\/luciagarciaramos\\\/2025\\\/12\\\/06\\\/comparacion-con-ama-desde-tus-adentros-analisis-evolutivo-entre-el-primer-y-segundo-poemario-de-lucia-garcia-ramos\\\/#article\",\"isPartOf\":{\"@id\":\"https:\\\/\\\/nuestrosescritores.com\\\/luciagarciaramos\\\/2025\\\/12\\\/06\\\/comparacion-con-ama-desde-tus-adentros-analisis-evolutivo-entre-el-primer-y-segundo-poemario-de-lucia-garcia-ramos\\\/\"},\"author\":{\"name\":\"Javierpah\",\"@id\":\"https:\\\/\\\/nuestrosescritores.com\\\/luciagarciaramos\\\/#\\\/schema\\\/person\\\/eeae205ced613630f5aac210989ea6eb\"},\"headline\":\"COMPARACI\u00d3N CON AMA DESDE TUS ADENTROS: AN\u00c1LISIS EVOLUTIVO ENTRE EL PRIMER Y SEGUNDO POEMARIO DE LUC\u00cdA GARC\u00cdA RAMOS\",\"datePublished\":\"2025-12-06T17:29:35+00:00\",\"mainEntityOfPage\":{\"@id\":\"https:\\\/\\\/nuestrosescritores.com\\\/luciagarciaramos\\\/2025\\\/12\\\/06\\\/comparacion-con-ama-desde-tus-adentros-analisis-evolutivo-entre-el-primer-y-segundo-poemario-de-lucia-garcia-ramos\\\/\"},\"wordCount\":4825,\"image\":{\"@id\":\"https:\\\/\\\/nuestrosescritores.com\\\/luciagarciaramos\\\/2025\\\/12\\\/06\\\/comparacion-con-ama-desde-tus-adentros-analisis-evolutivo-entre-el-primer-y-segundo-poemario-de-lucia-garcia-ramos\\\/#primaryimage\"},\"thumbnailUrl\":\"https:\\\/\\\/nuestrosescritores.com\\\/luciagarciaramos\\\/wp-content\\\/uploads\\\/sites\\\/134\\\/2025\\\/12\\\/book2.png\",\"articleSection\":[\"RENACIDA EN MI CALMA. LITERARIOS.\"],\"inLanguage\":\"es\",\"copyrightYear\":\"2025\",\"copyrightHolder\":{\"@id\":\"https:\\\/\\\/nuestrosescritores.com\\\/#organization\"}},{\"@type\":\"WebPage\",\"@id\":\"https:\\\/\\\/nuestrosescritores.com\\\/luciagarciaramos\\\/2025\\\/12\\\/06\\\/comparacion-con-ama-desde-tus-adentros-analisis-evolutivo-entre-el-primer-y-segundo-poemario-de-lucia-garcia-ramos\\\/\",\"url\":\"https:\\\/\\\/nuestrosescritores.com\\\/luciagarciaramos\\\/2025\\\/12\\\/06\\\/comparacion-con-ama-desde-tus-adentros-analisis-evolutivo-entre-el-primer-y-segundo-poemario-de-lucia-garcia-ramos\\\/\",\"name\":\"COMPARACI\u00d3N CON AMA DESDE TUS ADENTROS: AN\u00c1LISIS EVOLUTIVO ENTRE EL PRIMER Y SEGUNDO POEMARIO DE LUC\u00cdA GARC\u00cdA RAMOS - Luc\u00eda Garc\u00eda Ramos\",\"isPartOf\":{\"@id\":\"https:\\\/\\\/nuestrosescritores.com\\\/luciagarciaramos\\\/#website\"},\"primaryImageOfPage\":{\"@id\":\"https:\\\/\\\/nuestrosescritores.com\\\/luciagarciaramos\\\/2025\\\/12\\\/06\\\/comparacion-con-ama-desde-tus-adentros-analisis-evolutivo-entre-el-primer-y-segundo-poemario-de-lucia-garcia-ramos\\\/#primaryimage\"},\"image\":{\"@id\":\"https:\\\/\\\/nuestrosescritores.com\\\/luciagarciaramos\\\/2025\\\/12\\\/06\\\/comparacion-con-ama-desde-tus-adentros-analisis-evolutivo-entre-el-primer-y-segundo-poemario-de-lucia-garcia-ramos\\\/#primaryimage\"},\"thumbnailUrl\":\"https:\\\/\\\/nuestrosescritores.com\\\/luciagarciaramos\\\/wp-content\\\/uploads\\\/sites\\\/134\\\/2025\\\/12\\\/book2.png\",\"datePublished\":\"2025-12-06T17:29:35+00:00\",\"author\":{\"@id\":\"https:\\\/\\\/nuestrosescritores.com\\\/luciagarciaramos\\\/#\\\/schema\\\/person\\\/eeae205ced613630f5aac210989ea6eb\"},\"description\":\"An\u00e1lisis comparativo del viaje l\u00edrico y vital entre Ama desde tus adentros y Renacida en mi calma, del amor universal al amor propio y la madurez po\u00e9tica de Luc\u00eda Garc\u00eda Ramos.\",\"breadcrumb\":{\"@id\":\"https:\\\/\\\/nuestrosescritores.com\\\/luciagarciaramos\\\/2025\\\/12\\\/06\\\/comparacion-con-ama-desde-tus-adentros-analisis-evolutivo-entre-el-primer-y-segundo-poemario-de-lucia-garcia-ramos\\\/#breadcrumb\"},\"inLanguage\":\"es\",\"potentialAction\":[{\"@type\":\"ReadAction\",\"target\":[\"https:\\\/\\\/nuestrosescritores.com\\\/luciagarciaramos\\\/2025\\\/12\\\/06\\\/comparacion-con-ama-desde-tus-adentros-analisis-evolutivo-entre-el-primer-y-segundo-poemario-de-lucia-garcia-ramos\\\/\"]}]},{\"@type\":\"ImageObject\",\"inLanguage\":\"es\",\"@id\":\"https:\\\/\\\/nuestrosescritores.com\\\/luciagarciaramos\\\/2025\\\/12\\\/06\\\/comparacion-con-ama-desde-tus-adentros-analisis-evolutivo-entre-el-primer-y-segundo-poemario-de-lucia-garcia-ramos\\\/#primaryimage\",\"url\":\"https:\\\/\\\/nuestrosescritores.com\\\/luciagarciaramos\\\/wp-content\\\/uploads\\\/sites\\\/134\\\/2025\\\/12\\\/book2.png\",\"contentUrl\":\"https:\\\/\\\/nuestrosescritores.com\\\/luciagarciaramos\\\/wp-content\\\/uploads\\\/sites\\\/134\\\/2025\\\/12\\\/book2.png\",\"width\":839,\"height\":794},{\"@type\":\"BreadcrumbList\",\"@id\":\"https:\\\/\\\/nuestrosescritores.com\\\/luciagarciaramos\\\/2025\\\/12\\\/06\\\/comparacion-con-ama-desde-tus-adentros-analisis-evolutivo-entre-el-primer-y-segundo-poemario-de-lucia-garcia-ramos\\\/#breadcrumb\",\"itemListElement\":[{\"@type\":\"ListItem\",\"position\":1,\"name\":\"Portada\",\"item\":\"https:\\\/\\\/nuestrosescritores.com\\\/luciagarciaramos\\\/\"},{\"@type\":\"ListItem\",\"position\":2,\"name\":\"COMPARACI\u00d3N CON AMA DESDE TUS ADENTROS: AN\u00c1LISIS EVOLUTIVO ENTRE EL PRIMER Y SEGUNDO POEMARIO DE LUC\u00cdA GARC\u00cdA RAMOS\"}]},{\"@type\":\"WebSite\",\"@id\":\"https:\\\/\\\/nuestrosescritores.com\\\/luciagarciaramos\\\/#website\",\"url\":\"https:\\\/\\\/nuestrosescritores.com\\\/luciagarciaramos\\\/\",\"name\":\"Nuestros escritores\",\"description\":\"Escritora\",\"potentialAction\":[{\"@type\":\"SearchAction\",\"target\":{\"@type\":\"EntryPoint\",\"urlTemplate\":\"https:\\\/\\\/nuestrosescritores.com\\\/luciagarciaramos\\\/?s={search_term_string}\"},\"query-input\":{\"@type\":\"PropertyValueSpecification\",\"valueRequired\":true,\"valueName\":\"search_term_string\"}}],\"inLanguage\":\"es\"},{\"@type\":\"Person\",\"@id\":\"https:\\\/\\\/nuestrosescritores.com\\\/luciagarciaramos\\\/#\\\/schema\\\/person\\\/eeae205ced613630f5aac210989ea6eb\",\"name\":\"Javierpah\",\"image\":{\"@type\":\"ImageObject\",\"inLanguage\":\"es\",\"@id\":\"https:\\\/\\\/secure.gravatar.com\\\/avatar\\\/1cb55a5bd8d6824519e46b552e84b03575857cc9c4d6333824d2f95d82129f50?s=96&d=mm&r=g\",\"url\":\"https:\\\/\\\/secure.gravatar.com\\\/avatar\\\/1cb55a5bd8d6824519e46b552e84b03575857cc9c4d6333824d2f95d82129f50?s=96&d=mm&r=g\",\"contentUrl\":\"https:\\\/\\\/secure.gravatar.com\\\/avatar\\\/1cb55a5bd8d6824519e46b552e84b03575857cc9c4d6333824d2f95d82129f50?s=96&d=mm&r=g\",\"caption\":\"Javierpah\"}}]}<\/script>\n<!-- \/ Yoast SEO Premium plugin. -->","yoast_head_json":{"title":"COMPARACI\u00d3N CON AMA DESDE TUS ADENTROS: AN\u00c1LISIS EVOLUTIVO ENTRE EL PRIMER Y SEGUNDO POEMARIO DE LUC\u00cdA GARC\u00cdA RAMOS - Luc\u00eda Garc\u00eda Ramos","description":"An\u00e1lisis comparativo del viaje l\u00edrico y vital entre Ama desde tus adentros y Renacida en mi calma, del amor universal al amor propio y la madurez po\u00e9tica de Luc\u00eda Garc\u00eda Ramos.","robots":{"index":"index","follow":"follow","max-snippet":"max-snippet:-1","max-image-preview":"max-image-preview:large","max-video-preview":"max-video-preview:-1"},"canonical":"https:\/\/nuestrosescritores.com\/luciagarciaramos\/2025\/12\/06\/comparacion-con-ama-desde-tus-adentros-analisis-evolutivo-entre-el-primer-y-segundo-poemario-de-lucia-garcia-ramos\/","og_locale":"es_ES","og_type":"article","og_title":"COMPARACI\u00d3N CON AMA DESDE TUS ADENTROS: AN\u00c1LISIS EVOLUTIVO ENTRE EL PRIMER Y SEGUNDO POEMARIO DE LUC\u00cdA GARC\u00cdA RAMOS","og_description":"An\u00e1lisis comparativo del viaje l\u00edrico y vital entre Ama desde tus adentros y Renacida en mi calma, del amor universal al amor propio y la madurez po\u00e9tica de Luc\u00eda Garc\u00eda Ramos.","og_url":"https:\/\/nuestrosescritores.com\/luciagarciaramos\/2025\/12\/06\/comparacion-con-ama-desde-tus-adentros-analisis-evolutivo-entre-el-primer-y-segundo-poemario-de-lucia-garcia-ramos\/","og_site_name":"Luc\u00eda Garc\u00eda Ramos","article_published_time":"2025-12-06T17:29:35+00:00","og_image":[{"width":839,"height":794,"url":"https:\/\/nuestrosescritores.com\/luciagarciaramos\/wp-content\/uploads\/sites\/134\/2025\/12\/book2.png","type":"image\/png"}],"author":"Javierpah","twitter_card":"summary_large_image","twitter_misc":{"Escrito por":"Javierpah","Tiempo de lectura":"21 minutos"},"schema":{"@context":"https:\/\/schema.org","@graph":[{"@type":"Article","@id":"https:\/\/nuestrosescritores.com\/luciagarciaramos\/2025\/12\/06\/comparacion-con-ama-desde-tus-adentros-analisis-evolutivo-entre-el-primer-y-segundo-poemario-de-lucia-garcia-ramos\/#article","isPartOf":{"@id":"https:\/\/nuestrosescritores.com\/luciagarciaramos\/2025\/12\/06\/comparacion-con-ama-desde-tus-adentros-analisis-evolutivo-entre-el-primer-y-segundo-poemario-de-lucia-garcia-ramos\/"},"author":{"name":"Javierpah","@id":"https:\/\/nuestrosescritores.com\/luciagarciaramos\/#\/schema\/person\/eeae205ced613630f5aac210989ea6eb"},"headline":"COMPARACI\u00d3N CON AMA DESDE TUS ADENTROS: AN\u00c1LISIS EVOLUTIVO ENTRE EL PRIMER Y SEGUNDO POEMARIO DE LUC\u00cdA GARC\u00cdA RAMOS","datePublished":"2025-12-06T17:29:35+00:00","mainEntityOfPage":{"@id":"https:\/\/nuestrosescritores.com\/luciagarciaramos\/2025\/12\/06\/comparacion-con-ama-desde-tus-adentros-analisis-evolutivo-entre-el-primer-y-segundo-poemario-de-lucia-garcia-ramos\/"},"wordCount":4825,"image":{"@id":"https:\/\/nuestrosescritores.com\/luciagarciaramos\/2025\/12\/06\/comparacion-con-ama-desde-tus-adentros-analisis-evolutivo-entre-el-primer-y-segundo-poemario-de-lucia-garcia-ramos\/#primaryimage"},"thumbnailUrl":"https:\/\/nuestrosescritores.com\/luciagarciaramos\/wp-content\/uploads\/sites\/134\/2025\/12\/book2.png","articleSection":["RENACIDA EN MI CALMA. LITERARIOS."],"inLanguage":"es","copyrightYear":"2025","copyrightHolder":{"@id":"https:\/\/nuestrosescritores.com\/#organization"}},{"@type":"WebPage","@id":"https:\/\/nuestrosescritores.com\/luciagarciaramos\/2025\/12\/06\/comparacion-con-ama-desde-tus-adentros-analisis-evolutivo-entre-el-primer-y-segundo-poemario-de-lucia-garcia-ramos\/","url":"https:\/\/nuestrosescritores.com\/luciagarciaramos\/2025\/12\/06\/comparacion-con-ama-desde-tus-adentros-analisis-evolutivo-entre-el-primer-y-segundo-poemario-de-lucia-garcia-ramos\/","name":"COMPARACI\u00d3N CON AMA DESDE TUS ADENTROS: AN\u00c1LISIS EVOLUTIVO ENTRE EL PRIMER Y SEGUNDO POEMARIO DE LUC\u00cdA GARC\u00cdA RAMOS - Luc\u00eda Garc\u00eda Ramos","isPartOf":{"@id":"https:\/\/nuestrosescritores.com\/luciagarciaramos\/#website"},"primaryImageOfPage":{"@id":"https:\/\/nuestrosescritores.com\/luciagarciaramos\/2025\/12\/06\/comparacion-con-ama-desde-tus-adentros-analisis-evolutivo-entre-el-primer-y-segundo-poemario-de-lucia-garcia-ramos\/#primaryimage"},"image":{"@id":"https:\/\/nuestrosescritores.com\/luciagarciaramos\/2025\/12\/06\/comparacion-con-ama-desde-tus-adentros-analisis-evolutivo-entre-el-primer-y-segundo-poemario-de-lucia-garcia-ramos\/#primaryimage"},"thumbnailUrl":"https:\/\/nuestrosescritores.com\/luciagarciaramos\/wp-content\/uploads\/sites\/134\/2025\/12\/book2.png","datePublished":"2025-12-06T17:29:35+00:00","author":{"@id":"https:\/\/nuestrosescritores.com\/luciagarciaramos\/#\/schema\/person\/eeae205ced613630f5aac210989ea6eb"},"description":"An\u00e1lisis comparativo del viaje l\u00edrico y vital entre Ama desde tus adentros y Renacida en mi calma, del amor universal al amor propio y la madurez po\u00e9tica de Luc\u00eda Garc\u00eda Ramos.","breadcrumb":{"@id":"https:\/\/nuestrosescritores.com\/luciagarciaramos\/2025\/12\/06\/comparacion-con-ama-desde-tus-adentros-analisis-evolutivo-entre-el-primer-y-segundo-poemario-de-lucia-garcia-ramos\/#breadcrumb"},"inLanguage":"es","potentialAction":[{"@type":"ReadAction","target":["https:\/\/nuestrosescritores.com\/luciagarciaramos\/2025\/12\/06\/comparacion-con-ama-desde-tus-adentros-analisis-evolutivo-entre-el-primer-y-segundo-poemario-de-lucia-garcia-ramos\/"]}]},{"@type":"ImageObject","inLanguage":"es","@id":"https:\/\/nuestrosescritores.com\/luciagarciaramos\/2025\/12\/06\/comparacion-con-ama-desde-tus-adentros-analisis-evolutivo-entre-el-primer-y-segundo-poemario-de-lucia-garcia-ramos\/#primaryimage","url":"https:\/\/nuestrosescritores.com\/luciagarciaramos\/wp-content\/uploads\/sites\/134\/2025\/12\/book2.png","contentUrl":"https:\/\/nuestrosescritores.com\/luciagarciaramos\/wp-content\/uploads\/sites\/134\/2025\/12\/book2.png","width":839,"height":794},{"@type":"BreadcrumbList","@id":"https:\/\/nuestrosescritores.com\/luciagarciaramos\/2025\/12\/06\/comparacion-con-ama-desde-tus-adentros-analisis-evolutivo-entre-el-primer-y-segundo-poemario-de-lucia-garcia-ramos\/#breadcrumb","itemListElement":[{"@type":"ListItem","position":1,"name":"Portada","item":"https:\/\/nuestrosescritores.com\/luciagarciaramos\/"},{"@type":"ListItem","position":2,"name":"COMPARACI\u00d3N CON AMA DESDE TUS ADENTROS: AN\u00c1LISIS EVOLUTIVO ENTRE EL PRIMER Y SEGUNDO POEMARIO DE LUC\u00cdA GARC\u00cdA RAMOS"}]},{"@type":"WebSite","@id":"https:\/\/nuestrosescritores.com\/luciagarciaramos\/#website","url":"https:\/\/nuestrosescritores.com\/luciagarciaramos\/","name":"Nuestros escritores","description":"Escritora","potentialAction":[{"@type":"SearchAction","target":{"@type":"EntryPoint","urlTemplate":"https:\/\/nuestrosescritores.com\/luciagarciaramos\/?s={search_term_string}"},"query-input":{"@type":"PropertyValueSpecification","valueRequired":true,"valueName":"search_term_string"}}],"inLanguage":"es"},{"@type":"Person","@id":"https:\/\/nuestrosescritores.com\/luciagarciaramos\/#\/schema\/person\/eeae205ced613630f5aac210989ea6eb","name":"Javierpah","image":{"@type":"ImageObject","inLanguage":"es","@id":"https:\/\/secure.gravatar.com\/avatar\/1cb55a5bd8d6824519e46b552e84b03575857cc9c4d6333824d2f95d82129f50?s=96&d=mm&r=g","url":"https:\/\/secure.gravatar.com\/avatar\/1cb55a5bd8d6824519e46b552e84b03575857cc9c4d6333824d2f95d82129f50?s=96&d=mm&r=g","contentUrl":"https:\/\/secure.gravatar.com\/avatar\/1cb55a5bd8d6824519e46b552e84b03575857cc9c4d6333824d2f95d82129f50?s=96&d=mm&r=g","caption":"Javierpah"}}]}},"_links":{"self":[{"href":"https:\/\/nuestrosescritores.com\/luciagarciaramos\/wp-json\/wp\/v2\/posts\/133","targetHints":{"allow":["GET"]}}],"collection":[{"href":"https:\/\/nuestrosescritores.com\/luciagarciaramos\/wp-json\/wp\/v2\/posts"}],"about":[{"href":"https:\/\/nuestrosescritores.com\/luciagarciaramos\/wp-json\/wp\/v2\/types\/post"}],"author":[{"embeddable":true,"href":"https:\/\/nuestrosescritores.com\/luciagarciaramos\/wp-json\/wp\/v2\/users\/1"}],"replies":[{"embeddable":true,"href":"https:\/\/nuestrosescritores.com\/luciagarciaramos\/wp-json\/wp\/v2\/comments?post=133"}],"version-history":[{"count":0,"href":"https:\/\/nuestrosescritores.com\/luciagarciaramos\/wp-json\/wp\/v2\/posts\/133\/revisions"}],"wp:featuredmedia":[{"embeddable":true,"href":"https:\/\/nuestrosescritores.com\/luciagarciaramos\/wp-json\/wp\/v2\/media\/120"}],"wp:attachment":[{"href":"https:\/\/nuestrosescritores.com\/luciagarciaramos\/wp-json\/wp\/v2\/media?parent=133"}],"wp:term":[{"taxonomy":"category","embeddable":true,"href":"https:\/\/nuestrosescritores.com\/luciagarciaramos\/wp-json\/wp\/v2\/categories?post=133"},{"taxonomy":"post_tag","embeddable":true,"href":"https:\/\/nuestrosescritores.com\/luciagarciaramos\/wp-json\/wp\/v2\/tags?post=133"}],"curies":[{"name":"wp","href":"https:\/\/api.w.org\/{rel}","templated":true}]}}