{"id":131,"date":"2025-12-06T17:26:31","date_gmt":"2025-12-06T17:26:31","guid":{"rendered":"https:\/\/nuestrosescritores.com\/luciagarciaramos\/?p=131"},"modified":"2025-12-06T17:26:31","modified_gmt":"2025-12-06T17:26:31","slug":"poesia-terapeutica-y-escritura-sanadora-renacida-en-mi-calma-como-expresion-de-la-literatura-como-herramienta-de-sanacion-emocional","status":"publish","type":"post","link":"https:\/\/nuestrosescritores.com\/luciagarciaramos\/2025\/12\/06\/poesia-terapeutica-y-escritura-sanadora-renacida-en-mi-calma-como-expresion-de-la-literatura-como-herramienta-de-sanacion-emocional\/","title":{"rendered":"POES\u00cdA TERAP\u00c9UTICA Y ESCRITURA SANADORA: RENACIDA EN MI CALMA COMO EXPRESI\u00d3N DE LA LITERATURA COMO HERRAMIENTA DE SANACI\u00d3N EMOCIONAL"},"content":{"rendered":"<blockquote><p>Olivares Tom\u00e1s, Ana Mar\u00eda. \u00abPOES\u00cdA TERAP\u00c9UTICA Y ESCRITURA SANADORA: RENACIDA EN MI CALMA COMO EXPRESI\u00d3N DE LA LITERATURA COMO HERRAMIENTA DE SANACI\u00d3N EMOCIONAL\u00bb. Zenodo, 6 de diciembre de 2025. <a href=\"https:\/\/doi.org\/10.5281\/zenodo.17841840\">https:\/\/doi.org\/10.5281\/zenodo.17841840<\/a><\/p><\/blockquote>\n<h1><strong>POES\u00cdA TERAP\u00c9UTICA Y ESCRITURA SANADORA: <em>RENACIDA EN MI CALMA COMO EXPRESI\u00d3N DE LA LITERATURA COMO HERRAMIENTA DE SANACI\u00d3N EMOCIONAL<\/em><\/strong><\/h1>\n<ol>\n<li><strong> Introducci\u00f3n<\/strong><\/li>\n<\/ol>\n<p>La relaci\u00f3n entre escritura y sanaci\u00f3n constituye un campo de estudio interdisciplinar que ha adquirido creciente relevancia en las \u00faltimas d\u00e9cadas. La denominada &#8220;escritura terap\u00e9utica&#8221; o &#8220;expresiva&#8221; ha sido objeto de investigaci\u00f3n tanto desde la psicolog\u00eda cl\u00ednica como desde los estudios literarios, configurando un espacio de encuentro entre la dimensi\u00f3n est\u00e9tica y la dimensi\u00f3n terap\u00e9utica de los textos.<\/p>\n<p>La biblioterapia, definida como el uso de la lectura y la escritura con fines terap\u00e9uticos, ha demostrado efectos beneficiosos en el bienestar emocional de las personas. Esta pr\u00e1ctica se basa en la premisa de que la lectura de textos que abordan experiencias similares a las propias puede proporcionar consuelo, perspectiva y herramientas simb\u00f3licas para procesar vivencias dif\u00edciles.<\/p>\n<p>En el \u00e1mbito de la poes\u00eda espa\u00f1ola contempor\u00e1nea, ha emergido una corriente que asume expl\u00edcitamente esta dimensi\u00f3n terap\u00e9utica de la escritura. Poetas que abordan tem\u00e1ticas de crecimiento personal, sanaci\u00f3n emocional y superaci\u00f3n de traumas configuran un corpus literario que no renuncia a su condici\u00f3n est\u00e9tica, pero que asume tambi\u00e9n una funci\u00f3n pr\u00e1ctica de acompa\u00f1amiento en procesos vitales complejos.<\/p>\n<p><em>Renacida en mi calma<\/em> (2025) de Luc\u00eda Garc\u00eda Ramos se inscribe en esta corriente de poes\u00eda terap\u00e9utica. El propio t\u00edtulo del poemario \u2014que enfatiza el renacer y la calma como estados conquistados tras un proceso\u2014 sugiere un itinerario de sanaci\u00f3n emocional. La estructura del libro, organizada en cinco secciones que trazan un camino desde la crisis hasta la serenidad, refuerza esta dimensi\u00f3n procesual caracter\u00edstica de las narrativas terap\u00e9uticas.<\/p>\n<p>El objetivo de este estudio es analizar <em>Renacida en mi calma<\/em> como expresi\u00f3n de la poes\u00eda terap\u00e9utica, examinando los mecanismos discursivos mediante los cuales el poemario cumple funciones de sanaci\u00f3n emocional, tanto para la autora como para los lectores potenciales. Se analizar\u00e1n las estrategias narrativas, los recursos simb\u00f3licos y las dimensiones performativas del texto que lo configuran como herramienta de autocuidado y crecimiento personal.<\/p>\n<ol start=\"2\">\n<li><strong> Marco te\u00f3rico: escritura terap\u00e9utica y biblioterapia<\/strong><\/li>\n<\/ol>\n<p><strong>2.1. Or\u00edgenes y desarrollo de la escritura terap\u00e9utica<\/strong><\/p>\n<p>El concepto de escritura terap\u00e9utica tiene ra\u00edces antiguas en diversas tradiciones culturales que han reconocido el poder sanador de la palabra. Sin embargo, su sistematizaci\u00f3n como pr\u00e1ctica cl\u00ednica se desarrolla fundamentalmente en el siglo XX, con los trabajos pioneros de psic\u00f3logos y terapeutas que comenzaron a emplear la escritura como herramienta complementaria en procesos terap\u00e9uticos.<\/p>\n<p>El psic\u00f3logo social James Pennebaker desarroll\u00f3 en la d\u00e9cada de 1980 el concepto de &#8220;escritura expresiva&#8221;, demostrando mediante estudios emp\u00edricos que escribir sobre experiencias traum\u00e1ticas o emocionalmente significativas ten\u00eda efectos positivos medibles en la salud f\u00edsica y psicol\u00f3gica de las personas. Sus investigaciones mostraron que la escritura permit\u00eda organizar y dar sentido a experiencias ca\u00f3ticas, facilitando su integraci\u00f3n en la narrativa vital de la persona.<\/p>\n<p>La escritura terap\u00e9utica se distingue de la escritura literaria convencional por su intencionalidad: no se escribe primordialmente para producir un texto est\u00e9ticamente valioso que ser\u00e1 le\u00eddo por otros, sino como herramienta de autoconocimiento, elaboraci\u00f3n emocional y transformaci\u00f3n personal. Sin embargo, estas dimensiones no son excluyentes: un texto puede cumplir simult\u00e1neamente funciones terap\u00e9uticas y est\u00e9ticas.<\/p>\n<p><strong>2.2. La biblioterapia: definici\u00f3n y modalidades<\/strong><\/p>\n<p>La biblioterapia se define como el uso sistem\u00e1tico de la lectura con fines terap\u00e9uticos. Esta pr\u00e1ctica se basa en el reconocimiento de que los textos literarios pueden funcionar como espejos donde los lectores reconocen sus propias experiencias, como ventanas que permiten comprender experiencias ajenas, y como puertas que abren posibilidades de transformaci\u00f3n.<\/p>\n<p>La biblioterapia puede adoptar diferentes modalidades. La biblioterapia cl\u00ednica se desarrolla en contextos terap\u00e9uticos formales, guiada por profesionales de la salud mental, y emplea textos cuidadosamente seleccionados como parte de un proceso terap\u00e9utico estructurado. La biblioterapia de desarrollo, por su parte, se orienta a la prevenci\u00f3n y el crecimiento personal m\u00e1s que al tratamiento de patolog\u00edas espec\u00edficas.<\/p>\n<p>Un tercer tipo, la biblioterapia creativa, combina la lectura con la producci\u00f3n de textos propios, generando un espacio donde la persona puede tanto identificarse con experiencias narradas por otros como articular su propia experiencia mediante la escritura. Esta modalidad resulta especialmente relevante para el an\u00e1lisis de poemarios como <em>Renacida en mi calma<\/em>, que pueden funcionar simult\u00e1neamente como productos de un proceso de escritura terap\u00e9utica para la autora y como recursos biblioterap\u00e9uticos para los lectores.<\/p>\n<p>&nbsp;<\/p>\n<p>&nbsp;<\/p>\n<p><strong>2.3. Funciones terap\u00e9uticas de la escritura<\/strong><\/p>\n<p>La escritura terap\u00e9utica cumple diversas funciones psicol\u00f3gicas identificadas por la investigaci\u00f3n en este campo:<\/p>\n<p><strong>Funci\u00f3n de externalizaci\u00f3n<\/strong>: escribir permite sacar fuera lo que est\u00e1 dentro, objetivando experiencias subjetivas y haci\u00e9ndolas observables desde cierta distancia. Esta externalizaci\u00f3n facilita el procesamiento de emociones intensas que resultan abrumadoras cuando permanecen en el interior.<\/p>\n<p><strong>Funci\u00f3n de organizaci\u00f3n<\/strong>: la escritura impone cierta estructura al caos experiencial. Al narrar una experiencia, es necesario organizarla temporalmente, establecer relaciones causales y construir una trama coherente. Este proceso de organizaci\u00f3n narrativa contribuye a dar sentido a experiencias que inicialmente pueden parecer incomprensibles.<\/p>\n<p><strong>Funci\u00f3n de elaboraci\u00f3n<\/strong>: la escritura no es mera transcripci\u00f3n de experiencias previas, sino un proceso de elaboraci\u00f3n que transforma esas experiencias. Al escribir, se seleccionan unos aspectos y se omiten otros, se establecen conexiones que antes no exist\u00edan, se descubren significados ocultos.<\/p>\n<p><strong>Funci\u00f3n de autoconocimiento<\/strong>: el proceso de escritura puede revelar aspectos de uno mismo que permanec\u00edan ocultos. La palabra escrita permite acceder a dimensiones de la experiencia que no hab\u00edan sido plenamente conscientes.<\/p>\n<p><strong>Funci\u00f3n de transformaci\u00f3n identitaria<\/strong>: escribir sobre experiencias dolorosas y sobre procesos de superaci\u00f3n contribuye a la construcci\u00f3n de una nueva identidad. La persona que escribe sobre su dolor ya no es id\u00e9ntica a la persona que sufri\u00f3 ese dolor: el acto mismo de escritura marca una distancia y una transformaci\u00f3n.<\/p>\n<p><strong>2.4. La poes\u00eda como modalidad espec\u00edfica de escritura terap\u00e9utica<\/strong><\/p>\n<p>La poes\u00eda presenta caracter\u00edsticas espec\u00edficas que la hacen especialmente adecuada para funciones terap\u00e9uticas. La condensaci\u00f3n caracter\u00edstica del lenguaje po\u00e9tico permite expresar experiencias emocionales complejas de manera sint\u00e9tica y potente. La met\u00e1fora, recurso central de la poes\u00eda, permite nombrar experiencias para las cuales el lenguaje literal resulta insuficiente.<\/p>\n<p>El ritmo y la musicalidad de la poes\u00eda generan efectos som\u00e1ticos que contribuyen a su poder transformador. La poes\u00eda no solo se comprende intelectualmente, sino que se siente corporalmente, produciendo resonancias emocionales que pueden facilitar procesos de elaboraci\u00f3n psicol\u00f3gica.<\/p>\n<p>La brevedad relativa de los poemas los hace m\u00e1s manejables que textos narrativos extensos, tanto para la escritura como para la lectura. Una persona en situaci\u00f3n de crisis emocional puede encontrar m\u00e1s accesible escribir o leer un poema breve que enfrentar un texto narrativo extenso.<\/p>\n<p>Finalmente, la poes\u00eda ha gozado tradicionalmente de cierta legitimidad para expresar emociones intensas, desempe\u00f1\u00e1ndose como espacio cultural donde la vulnerabilidad y la intensidad emocional son no solo aceptables sino valoradas.<\/p>\n<ol start=\"3\">\n<li><strong> An\u00e1lisis de <em>Renacida en mi calma como escritura terap\u00e9utica<\/em><\/strong><\/li>\n<\/ol>\n<p><strong>3.1. La estructura procesual del poemario<\/strong><\/p>\n<p>Una de las caracter\u00edsticas fundamentales de <em>Renacida en mi calma<\/em> como expresi\u00f3n de escritura terap\u00e9utica es su estructura procesual. El poemario no presenta un estado emocional est\u00e1tico, sino que traza un itinerario completo desde la crisis inicial hasta la conquista de la serenidad, pasando por m\u00faltiples etapas intermedias.<\/p>\n<p>Esta estructura narrativa refleja el modelo caracter\u00edstico de las narrativas terap\u00e9uticas, que suelen organizarse en torno a tres momentos fundamentales: la situaci\u00f3n problem\u00e1tica inicial, el proceso de transformaci\u00f3n y el nuevo estado alcanzado. En <em>Renacida en mi calma<\/em>, estos tres momentos se despliegan a lo largo de las cinco secciones del libro.<\/p>\n<p>La primera secci\u00f3n, &#8220;Renacer&#8221;, establece el momento de toma de conciencia, cuando el sujeto l\u00edrico reconoce la necesidad de transformaci\u00f3n y decide emprender el camino. El poema inaugural, &#8220;Soy mi casa&#8221;, marca ese momento fundacional: &#8220;Soy el lugar donde descanso, \/ el refugio que tantas veces busqu\u00e9 afuera&#8221;. Esta declaraci\u00f3n implica un cambio de paradigma: dejar de buscar la validaci\u00f3n o el refugio en el exterior para encontrarlo en el propio interior.<\/p>\n<p>Las secciones intermedias \u2014&#8221;Ra\u00edces&#8221;, &#8220;Alas&#8221; y &#8220;Puentes&#8221;\u2014 desarrollan el proceso de transformaci\u00f3n, explorando diferentes dimensiones del trabajo de crecimiento personal: el anclaje en la propia verdad, la conquista de la libertad y el aprendizaje de v\u00ednculos sanos. Cada una de estas secciones aborda aspectos espec\u00edficos del proceso terap\u00e9utico que corresponden a tareas psicol\u00f3gicas identificadas por la literatura cl\u00ednica.<\/p>\n<p>La quinta secci\u00f3n, &#8220;Horizontes&#8221;, presenta el nuevo estado alcanzado, caracterizado por la serenidad, la confianza y la apertura hacia el futuro. Sin embargo, este final no se presenta como clausura definitiva, sino como punto de partida para nuevos procesos: &#8220;No hay final en este viaje, \/ solo expansi\u00f3n, \/ solo descubrimiento&#8221;. Esta concepci\u00f3n abierta del proceso resulta m\u00e1s realista y terap\u00e9uticamente m\u00e1s adecuada que narrativas de superaci\u00f3n que prometen soluciones definitivas.<\/p>\n<p><strong>3.2. La legitimaci\u00f3n de la vulnerabilidad<\/strong><\/p>\n<p>Un aspecto fundamental de <em>Renacida en mi calma<\/em> desde la perspectiva terap\u00e9utica es su legitimaci\u00f3n de la vulnerabilidad y las emociones dif\u00edciles. El poemario no propone una visi\u00f3n triunfalista del crecimiento personal que niega el dolor o la dificultad, sino que reconoce expl\u00edcitamente los momentos de fragilidad como parte leg\u00edtima de la experiencia humana.<\/p>\n<p>El poema &#8220;Los d\u00edas que no soy luz&#8221; aborda directamente esta dimensi\u00f3n: &#8220;Hay d\u00edas que no brillo, \/ que todo pesa m\u00e1s \/ y hasta mi sonrisa se esconde&#8221;. Esta validaci\u00f3n de los d\u00edas dif\u00edciles resulta terap\u00e9uticamente importante porque cuestiona las narrativas culturales que exigen una felicidad permanente y que patologizan el malestar emocional.<\/p>\n<p>La conclusi\u00f3n del poema refuerza esta legitimaci\u00f3n: &#8220;Porque el cansancio tambi\u00e9n habla, \/ y est\u00e1 bien detenerse, \/ est\u00e1 bien no poder&#8221;. Esta aceptaci\u00f3n de la limitaci\u00f3n y el cansancio se opone a los discursos de autoayuda que proponen una hiperactividad constante y que culpabilizan a las personas por no estar siempre en su mejor estado.<\/p>\n<p>Otro poema que trabaja esta dimensi\u00f3n es &#8220;Cuando me permito caer&#8221;, que establece el derecho a la fragilidad: &#8220;Hay d\u00edas que no puedo, \/ y est\u00e1 bien&#8221;. El acto de &#8220;permitirse&#8221; caer implica una autorizaci\u00f3n consciente, una decisi\u00f3n de no exigirse un rendimiento constante.<\/p>\n<p>Esta legitimaci\u00f3n de la vulnerabilidad cumple una funci\u00f3n terap\u00e9utica importante porque reduce la presi\u00f3n autoimpuesta y facilita la autocompasi\u00f3n, cualidades que la investigaci\u00f3n psicol\u00f3gica ha identificado como fundamentales para el bienestar emocional.<\/p>\n<p><strong>3.3. La resignificaci\u00f3n del dolor como fuente de conocimiento<\/strong><\/p>\n<p><em>Renacida en mi calma<\/em> desarrolla una estrategia terap\u00e9utica fundamental: la resignificaci\u00f3n del dolor como experiencia que, aunque dolorosa, puede convertirse en fuente de conocimiento y fortaleza. Esta resignificaci\u00f3n no implica una glorificaci\u00f3n del sufrimiento, sino un reconocimiento de que las experiencias dif\u00edciles pueden, retrospectivamente, integrarse en la propia narrativa vital como elementos constitutivos de la identidad.<\/p>\n<p>El poema &#8220;La cicatriz que florece&#8221; articula expl\u00edcitamente esta resignificaci\u00f3n: &#8220;Mi piel guarda marcas, \/ caminos que dolieron, \/ historias que quemaron \/ y me ense\u00f1aron a temer&#8221;. Las cicatrices son presentadas inicialmente en su dimensi\u00f3n dolorosa, sin negarla ni minimizarla.<\/p>\n<p>Sin embargo, el poema introduce una transformaci\u00f3n en la mirada: &#8220;Pero hoy miro esas cicatrices \/ y veo algo distinto: \/ flores que brotan en lo profundo, \/ ra\u00edces que se aferran a mi fuerza, \/ heridas que se vuelven lecciones, \/ dolor que se convierte en belleza&#8221;. Esta transformaci\u00f3n perceptiva es fundamental desde el punto de vista terap\u00e9utico: no cambia los hechos ocurridos, pero s\u00ed modifica el significado que se les atribuye.<\/p>\n<p>La met\u00e1fora de las flores que brotan de las cicatrices conecta con tradiciones culturales diversas que han empleado im\u00e1genes similares para expresar la idea de que el sufrimiento, cuando es elaborado, puede generar crecimiento. La est\u00e9tica japonesa del <em>kintsugi<\/em>, que repara cer\u00e1micas rotas con oro enfatizando las fracturas en lugar de ocultarlas, expresa una filosof\u00eda similar.<\/p>\n<p>Otro poema que desarrolla esta resignificaci\u00f3n es &#8220;El peso y la fuerza&#8221;: &#8220;He cargado piedras que no eran m\u00edas, \/ he sentido su peso en mis hombros, \/ y aun as\u00ed he seguido caminando, \/ aprendiendo a no quebrarme&#8221;. El poema reconoce la injusticia de cargar pesos ajenos, pero identifica en esa experiencia el desarrollo de una fortaleza que ahora forma parte del sujeto.<\/p>\n<p>&nbsp;<\/p>\n<p>&nbsp;<\/p>\n<p><strong>3.4. La construcci\u00f3n de una narrativa de agencia<\/strong><\/p>\n<p>Un aspecto terap\u00e9uticamente fundamental de <em>Renacida en mi calma<\/em> es la construcci\u00f3n de una narrativa de agencia personal. A lo largo del poemario, el sujeto l\u00edrico se presenta no como v\u00edctima pasiva de las circunstancias, sino como agente activo de su propia transformaci\u00f3n.<\/p>\n<p>Esta agencia se construye mediante dos estrategias discursivas principales. Por un lado, el uso recurrente de verbos de aprendizaje en primera persona: &#8220;He aprendido&#8221;, &#8220;Aprend\u00ed&#8221;, &#8220;He descubierto&#8221;. Estos verbos presentan al sujeto como protagonista activo de su proceso de conocimiento, no como receptor pasivo de ense\u00f1anzas externas.<\/p>\n<p>Por otro lado, la recurrencia de declaraciones afirmativas que establecen el estado actual del sujeto: &#8220;Soy mi casa&#8221;, &#8220;Soy luz en mis sombras&#8221;, &#8220;Soy fuerza en mis dudas&#8221;. Estas afirmaciones no describen un estado dado, sino que lo performan: el sujeto se constituye en el acto mismo de enunciaci\u00f3n.<\/p>\n<p>El poema &#8220;La primera vez que dije no&#8221; marca un momento crucial en la construcci\u00f3n de esta agencia: &#8220;Me temblaban las manos, \/ pero la voz sali\u00f3 firme&#8221;. El acto de decir &#8220;no&#8221;, de establecer l\u00edmites, constituye un hito fundamental en el proceso de conquistar autonom\u00eda.<\/p>\n<p>La conclusi\u00f3n del poema enfatiza la dimensi\u00f3n de elecci\u00f3n: &#8220;Ese &#8216;no&#8217; me doli\u00f3, \/ pero tambi\u00e9n me salv\u00f3: \/ era yo eligi\u00e9ndome \/ por primera vez&#8221;. El verbo &#8220;elegirse&#8221; resulta fundamental: el sujeto no es elegido por otros, sino que se elige a s\u00ed mismo, estableciendo sus propias prioridades.<\/p>\n<p>Esta construcci\u00f3n de agencia resulta terap\u00e9uticamente importante porque contrarresta narrativas de victimizaci\u00f3n que, aunque puedan ser comprensibles en ciertos contextos, tienden a perpetuar situaciones de impotencia cuando se vuelven identidades cristalizadas.<\/p>\n<p><strong>3.5. El autocuidado como pr\u00e1ctica y como derecho<\/strong><\/p>\n<p><em>Renacida en mi calma<\/em> articula una concepci\u00f3n del autocuidado no como lujo o indulgencia, sino como necesidad fundamental y derecho leg\u00edtimo. Esta reivindicaci\u00f3n resulta especialmente significativa en un contexto cultural que ha socializado a las mujeres en el cuidado de otros como prioridad absoluta, frecuentemente a costa del cuidado de s\u00ed mismas.<\/p>\n<p>El poema &#8220;Aprender a abrazarme&#8221; narra el proceso de conquista del autocuidado: &#8220;Aprender a abrazarme \/ no fue f\u00e1cil. \/ Al principio, mis brazos dudaban, \/ mi coraz\u00f3n temblaba, \/ mi mente buscaba excusas&#8221;. La dificultad inicial reconoce que el autocuidado no es algo espont\u00e1neo para quien ha sido socializado en la abnegaci\u00f3n, sino una pr\u00e1ctica que requiere aprendizaje.<\/p>\n<p>El poema contin\u00faa: &#8220;Pero poco a poco entend\u00ed \/ que el abrazo m\u00e1s necesario \/ no ven\u00eda de otros, \/ sino de m\u00ed misma&#8221;. Esta comprensi\u00f3n marca un punto de inflexi\u00f3n: el reconocimiento de que el autocuidado no es ego\u00edsmo, sino condici\u00f3n de posibilidad para establecer v\u00ednculos sanos con otros.<\/p>\n<p>La secci\u00f3n &#8220;Ra\u00edces&#8221; desarrolla ampliamente esta tem\u00e1tica del autocuidado, present\u00e1ndolo como pr\u00e1ctica cotidiana que requiere consciencia y dedicaci\u00f3n. El poema &#8220;Ra\u00edces de calma&#8221; describe una pr\u00e1ctica de autocentramiento que evoca t\u00e9cnicas de mindfulness o meditaci\u00f3n: &#8220;Me siento en el centro de m\u00ed misma, \/ cierro los ojos y siento \/ c\u00f3mo mis ra\u00edces se extienden&#8221;.<\/p>\n<p>Esta dimensi\u00f3n pr\u00e1ctica del autocuidado \u2014no solo como concepto abstracto sino como conjunto de pr\u00e1cticas concretas\u2014 conecta el poemario con las tradiciones de cuidado de s\u00ed que fil\u00f3sofos como Michel Foucault han rastreado en la antig\u00fcedad grecorromana y que han sido recuperadas por movimientos contempor\u00e1neos de bienestar y salud mental.<\/p>\n<p><strong>3.6. La funci\u00f3n de acompa\u00f1amiento del texto<\/strong><\/p>\n<p>M\u00e1s all\u00e1 de su funci\u00f3n como expresi\u00f3n de un proceso terap\u00e9utico personal de la autora, <em>Renacida en mi calma<\/em> cumple una funci\u00f3n de acompa\u00f1amiento para los lectores que atraviesan procesos similares. Esta funci\u00f3n de acompa\u00f1amiento constituye un aspecto fundamental de la biblioterapia.<\/p>\n<p>El lenguaje accesible y directo del poemario facilita la identificaci\u00f3n de los lectores con las experiencias narradas. La voz l\u00edrica no se presenta como excepcional o heroica, sino como una subjetividad com\u00fan que experimenta dificultades cotidianas, lo que reduce la distancia entre el texto y el lector.<\/p>\n<p>La estructura procesual del libro ofrece un mapa del proceso de crecimiento personal que puede servir como orientaci\u00f3n para lectores que se encuentran en diferentes etapas de su propio proceso. Un lector que se identifica con los poemas de la secci\u00f3n &#8220;Renacer&#8221; puede encontrar en las secciones posteriores una proyecci\u00f3n de posibilidades futuras.<\/p>\n<p>El tono sereno y afirmativo del poemario, sin negar las dificultades, genera un efecto de esperanza y posibilidad. Este equilibrio resulta terap\u00e9uticamente importante: un texto excesivamente optimista que negara el dolor resultar\u00eda inveros\u00edmil y poco \u00fatil, mientras que un texto centrado \u00fanicamente en el sufrimiento podr\u00eda reforzar estados de \u00e1nimo depresivos.<\/p>\n<ol start=\"4\">\n<li><strong> Dimensiones performativas y transformadoras del lenguaje po\u00e9tico<\/strong><\/li>\n<\/ol>\n<p><strong>4.1. Los actos de habla performativos en el poemario<\/strong><\/p>\n<p>Una dimensi\u00f3n fundamental de <em>Renacida en mi calma<\/em> desde la perspectiva terap\u00e9utica es su car\u00e1cter performativo. El fil\u00f3sofo del lenguaje J.L. Austin distingui\u00f3 entre enunciados constatativos, que describen estados de cosas, y enunciados performativos, que realizan acciones mediante el acto mismo de enunciaci\u00f3n. Numerosos poemas del libro funcionan performativamente, constituyendo realidades en el acto de nombrarlas.<\/p>\n<p>Las declaraciones identitarias que atraviesan el poemario \u2014&#8221;Soy mi casa&#8221;, &#8220;Soy luz en mis sombras&#8221;, &#8220;Soy fuerza en mis dudas&#8221;\u2014 no describen estados previos, sino que los instituyen. El sujeto l\u00edrico se constituye como casa, como luz, como fuerza en el acto mismo de afirmarlo.<\/p>\n<p>Esta dimensi\u00f3n performativa resulta terap\u00e9uticamente significativa porque sugiere que el lenguaje no solo representa la realidad, sino que tiene poder para transformarla. La persona que escribe o lee estos poemas y se identifica con ellos no solo est\u00e1 describiendo su estado, sino activamente constituy\u00e9ndose mediante el lenguaje.<\/p>\n<p>El poema &#8220;Renacida en mis silencios&#8221; trabaja expl\u00edcitamente esta dimensi\u00f3n performativa del lenguaje: &#8220;En el silencio descubr\u00ed mi voz&#8221;. La voz no preexiste al silencio, sino que emerge de \u00e9l; no es algo que se encuentra, sino algo que se crea en el proceso mismo de b\u00fasqueda.<\/p>\n<p><strong>4.2. La repetici\u00f3n como estrategia de consolidaci\u00f3n<\/strong><\/p>\n<p>La repetici\u00f3n de ciertos motivos, im\u00e1genes y estructuras sint\u00e1cticas a lo largo del poemario cumple una funci\u00f3n terap\u00e9utica de consolidaci\u00f3n. Desde la perspectiva de la psicolog\u00eda cognitiva, la repetici\u00f3n facilita la internalizaci\u00f3n de nuevos esquemas de pensamiento, contribuyendo a la transformaci\u00f3n de patrones mentales arraigados.<\/p>\n<p>Motivos como el silencio, la calma, el abrazo, las ra\u00edces, el vuelo, aparecen recurrentemente en diferentes poemas. Esta repetici\u00f3n crea un efecto acumulativo que refuerza los mensajes centrales del poemario.<\/p>\n<p>La estructura sint\u00e1ctica &#8220;He aprendido que&#8230;&#8221; se repite en m\u00faltiples poemas, estableciendo un patr\u00f3n que el lector puede internalizar. Esta estructura enfatiza la dimensi\u00f3n procesual del conocimiento: no se trata de verdades reveladas, sino de aprendizajes construidos gradualmente a trav\u00e9s de la experiencia.<\/p>\n<p>La repetici\u00f3n tambi\u00e9n genera un efecto r\u00edtmico que contribuye al impacto emocional del texto. El ritmo no es solo un elemento est\u00e9tico, sino que tiene efectos som\u00e1ticos que pueden facilitar estados de calma y receptividad.<\/p>\n<p><strong>4.3. La met\u00e1fora como herramienta de elaboraci\u00f3n simb\u00f3lica<\/strong><\/p>\n<p>Las met\u00e1foras constituyen un recurso central tanto de la poes\u00eda en general como de los procesos terap\u00e9uticos. La met\u00e1fora permite nombrar experiencias que resultan dif\u00edciles de expresar literalmente, ofreciendo un lenguaje simb\u00f3lico para abordar vivencias complejas.<\/p>\n<p><em>Renacida en mi calma<\/em> despliega un sistema metaf\u00f3rico coherente basado en elementos naturales y espaciales. Las met\u00e1foras de la casa, las ra\u00edces, las alas, los puentes y los horizontes ofrecen correlatos objetivos para experiencias subjetivas de refugio, anclaje, liberaci\u00f3n, conexi\u00f3n y apertura.<\/p>\n<p>Esta traducci\u00f3n de lo abstracto-emocional a lo concreto-espacial facilita la comprensi\u00f3n y el procesamiento de experiencias que, expresadas literalmente, podr\u00edan resultar abrumadoras o confusas. La met\u00e1fora crea una distancia saludable entre la experiencia vivida y su expresi\u00f3n simb\u00f3lica.<\/p>\n<p>Desde la perspectiva de la terapia narrativa, las met\u00e1foras permiten &#8220;externalizar&#8221; problemas, separ\u00e1ndolos de la identidad de la persona. Cuando el sujeto l\u00edrico habla de &#8220;la piel que dejo atr\u00e1s&#8221;, est\u00e1 creando una distancia entre su yo actual y estados anteriores, facilitando la transformaci\u00f3n identitaria.<\/p>\n<ol start=\"5\">\n<li><strong> El poemario en el contexto de la literatura de autoayuda<\/strong><\/li>\n<\/ol>\n<p><strong>5.1. Diferencias entre poes\u00eda terap\u00e9utica y literatura de autoayuda<\/strong><\/p>\n<p><em>Renacida en mi calma<\/em> se sit\u00faa en una zona fronteriza entre la poes\u00eda literaria y la literatura de autoayuda. Comparte con esta \u00faltima una intencionalidad pr\u00e1ctica \u2014ofrecer herramientas simb\u00f3licas para el crecimiento personal\u2014 pero se distingue por su elaboraci\u00f3n est\u00e9tica y por su rechazo de f\u00f3rmulas prescriptivas.<\/p>\n<p>La literatura de autoayuda tradicional suele adoptar un tono did\u00e1ctico, ofreciendo recetas o pasos a seguir para alcanzar objetivos espec\u00edficos. <em>Renacida en mi calma<\/em>, por el contrario, no prescribe ni ordena, sino que testimonia una experiencia singular que los lectores pueden o no compartir.<\/p>\n<p>El poemario evita el lenguaje imperativo caracter\u00edstico de muchos textos de autoayuda. No encontramos f\u00f3rmulas del tipo &#8220;debes amarte&#8221;, &#8220;tienes que perdonar&#8221; o &#8220;sigue estos pasos&#8221;. En su lugar, el libro emplea un lenguaje descriptivo que narra un proceso personal sin imponerlo como modelo universal.<\/p>\n<p>Esta distinci\u00f3n resulta importante porque los textos prescriptivos pueden generar culpa o frustraci\u00f3n cuando los lectores no logran seguir las indicaciones o alcanzar los resultados prometidos. Un texto testimonial, por el contrario, ofrece compa\u00f1\u00eda y posibilidad sin imponer exigencias.<\/p>\n<p><strong>5.2. La complejidad emocional frente al optimismo simplista<\/strong><\/p>\n<p>Otra diferencia significativa entre <em>Renacida en mi calma<\/em> y cierta literatura de autoayuda es el reconocimiento de la complejidad emocional y el rechazo del optimismo simplista. El poemario no promete soluciones m\u00e1gicas ni estados de felicidad permanente, sino que acepta la ambivalencia y la contradicci\u00f3n como partes constitutivas de la experiencia humana.<\/p>\n<p>Los poemas que reconocen los d\u00edas dif\u00edciles, el cansancio, la vulnerabilidad, introducen una complejidad ausente en textos de autoayuda que proponen narrativas excesivamente lineales de superaci\u00f3n. Esta complejidad resulta m\u00e1s realista y, parad\u00f3jicamente, m\u00e1s \u00fatil terap\u00e9uticamente que promesas irrealizables.<\/p>\n<p>El poemario mantiene tambi\u00e9n una consciencia de los l\u00edmites del trabajo personal. No todo puede resolverse mediante crecimiento individual; existen condicionantes estructurales, sociales y relacionales que exceden el control personal. Aunque el libro no desarrolla expl\u00edcitamente esta dimensi\u00f3n pol\u00edtica, su \u00e9nfasis en el autocuidado como necesidad m\u00e1s que como logro individual sugiere cierta consciencia de estos l\u00edmites.<\/p>\n<p><strong>5.3. El valor literario como dimensi\u00f3n irreductible<\/strong><\/p>\n<p>A pesar de su funci\u00f3n terap\u00e9utica, <em>Renacida en mi calma<\/em> mantiene una dimensi\u00f3n literaria irreductible. El cuidado en la elaboraci\u00f3n de las im\u00e1genes, la atenci\u00f3n al ritmo y la sonoridad, la construcci\u00f3n de una arquitectura simb\u00f3lica coherente, evidencian una preocupaci\u00f3n est\u00e9tica que trasciende la mera funcionalidad terap\u00e9utica.<\/p>\n<p>Esta dimensi\u00f3n literaria no es accesoria, sino fundamental para la eficacia del texto. Un poema funciona terap\u00e9uticamente no a pesar de su calidad est\u00e9tica, sino precisamente gracias a ella. La elaboraci\u00f3n formal del lenguaje po\u00e9tico es lo que le confiere su poder transformador, su capacidad de resonar en dimensiones profundas de la experiencia.<\/p>\n<p>La brevedad concentrada de los poemas, su densidad simb\u00f3lica, su apertura interpretativa, son cualidades espec\u00edficamente literarias que contribuyen a su potencial terap\u00e9utico. Un texto explicativo, discursivo, cerrado en su significado, tendr\u00eda menor capacidad de activar procesos de elaboraci\u00f3n personal en los lectores.<\/p>\n<ol start=\"6\">\n<li><strong> Conclusiones<\/strong><\/li>\n<\/ol>\n<p>El an\u00e1lisis de <em>Renacida en mi calma<\/em> como expresi\u00f3n de poes\u00eda terap\u00e9utica y escritura sanadora permite extraer varias conclusiones significativas sobre las relaciones entre literatura y bienestar emocional en la poes\u00eda contempor\u00e1nea.<\/p>\n<p>En primer lugar, el poemario constituye una manifestaci\u00f3n lograda de lo que podr\u00edamos denominar &#8220;poes\u00eda terap\u00e9utica&#8221;: textos que, sin renunciar a su condici\u00f3n est\u00e9tica, asumen expl\u00edcitamente funciones de acompa\u00f1amiento en procesos de crecimiento personal y sanaci\u00f3n emocional. Esta tendencia responde a una demanda social significativa de herramientas simb\u00f3licas para procesar las complejidades de la experiencia contempor\u00e1nea.<\/p>\n<p>En segundo lugar, <em>Renacida en mi calma<\/em> despliega estrategias discursivas espec\u00edficas que contribuyen a su eficacia terap\u00e9utica: una estructura procesual que traza un itinerario completo de transformaci\u00f3n, la legitimaci\u00f3n de la vulnerabilidad como parte del proceso, la resignificaci\u00f3n del dolor como fuente potencial de conocimiento, la construcci\u00f3n de narrativas de agencia personal y la reivindicaci\u00f3n del autocuidado como pr\u00e1ctica leg\u00edtima.<\/p>\n<p>En tercer lugar, el car\u00e1cter performativo del lenguaje po\u00e9tico en el poemario subraya la dimensi\u00f3n transformadora de la palabra. Los poemas no solo describen estados emocionales, sino que los instituyen, contribuyendo activamente a la construcci\u00f3n de la identidad del sujeto l\u00edrico y, potencialmente, de los lectores que se identifican con el texto.<\/p>\n<p>En cuarto lugar, el an\u00e1lisis revela la importancia de distinguir entre poes\u00eda terap\u00e9utica y literatura de autoayuda prescriptiva. Mientras esta \u00faltima tiende a ofrecer f\u00f3rmulas universales y soluciones simplificadas, la poes\u00eda terap\u00e9utica testimonia experiencias singulares, reconoce la complejidad emocional y respeta la autonom\u00eda interpretativa de los lectores.<\/p>\n<p>En quinto lugar, el estudio evidencia que la funci\u00f3n terap\u00e9utica de la poes\u00eda no es independiente de su calidad est\u00e9tica, sino que depende precisamente de ella. La elaboraci\u00f3n formal del lenguaje po\u00e9tico \u2014su densidad metaf\u00f3rica, su ritmo, su apertura interpretativa\u2014 es lo que le confiere su poder transformador.<\/p>\n<p>En sexto lugar, <em>Renacida en mi calma<\/em> puede funcionar tanto como expresi\u00f3n de un proceso de escritura terap\u00e9utica para la autora como recurso biblioterap\u00e9utico para los lectores. Esta doble dimensi\u00f3n \u2014escribir como forma de elaborar la propia experiencia y leer como forma de acompa\u00f1amiento\u2014 constituye una caracter\u00edstica fundamental de la poes\u00eda terap\u00e9utica.<\/p>\n<p>Finalmente, el an\u00e1lisis del poemario en clave terap\u00e9utica no agota su riqueza ni debe entenderse como reducci\u00f3n de su valor literario. La dimensi\u00f3n terap\u00e9utica coexiste con otras dimensiones \u2014est\u00e9tica, social, pol\u00edtica\u2014 que tambi\u00e9n merecen atenci\u00f3n cr\u00edtica. Sin embargo, reconocer y analizar esta funci\u00f3n terap\u00e9utica resulta fundamental para comprender un aspecto significativo de la poes\u00eda contempor\u00e1nea y de sus modos de relaci\u00f3n con los p\u00fablicos lectores actuales.<\/p>\n<p>Este estudio abre m\u00faltiples l\u00edneas de investigaci\u00f3n futuras. Ser\u00eda relevante realizar estudios de recepci\u00f3n emp\u00edricos para examinar c\u00f3mo los lectores reales experimentan el poemario y qu\u00e9 funciones cumple efectivamente en sus vidas. Asimismo, resultar\u00eda productivo comparar <em>Renacida en mi calma<\/em> con otros poemarios contempor\u00e1neos que asumen funciones similares, para identificar con mayor precisi\u00f3n las estrategias discursivas caracter\u00edsticas de esta tendencia. Finalmente, ser\u00eda valioso explorar las implicaciones \u00e9ticas y pol\u00edticas de la literatura terap\u00e9utica, atendiendo tanto a sus potencialidades emancipadoras como a sus posibles derivas individualistas que desv\u00eden la atenci\u00f3n de condicionantes estructurales del malestar contempor\u00e1neo.<\/p>\n<ol start=\"7\">\n<li><strong> An\u00e1lisis estil\u00edstico y recursos literarios espec\u00edficos<\/strong><\/li>\n<\/ol>\n<p><strong>7.1. La sintaxis de la sencillez: an\u00e1lisis ling\u00fc\u00edstico<\/strong><\/p>\n<p>Uno de los rasgos m\u00e1s distintivos de <em>Renacida en mi calma<\/em> es su sintaxis predominantemente sencilla, que privilegia oraciones breves y estructuras parat\u00e1cticas sobre construcciones subordinadas complejas. Esta opci\u00f3n estil\u00edstica no debe interpretarse como pobreza expresiva, sino como elecci\u00f3n consciente que busca la comunicaci\u00f3n directa y la accesibilidad lectora.<\/p>\n<p>El an\u00e1lisis cuantitativo de la longitud de los versos revela una preferencia por versos de entre 5 y 12 s\u00edlabas, evitando tanto el verso excesivamente breve (3-4 s\u00edlabas) como el verso extenso (m\u00e1s de 14 s\u00edlabas). Esta medida intermedia facilita la lectura fluida y la memorizaci\u00f3n, dos cualidades importantes para un poemario que busca acompa\u00f1ar procesos vitales prolongados.<\/p>\n<p>La estructura sint\u00e1ctica predominante es la siguiente: sujeto en primera persona + verbo de acci\u00f3n o estado + complementos breves. Ejemplo: &#8220;Me siento en el centro de m\u00ed misma&#8221;, &#8220;Soy el lugar donde descanso&#8221;, &#8220;He aprendido a habitarme&#8221;. Esta estructura refuerza la agencia del sujeto l\u00edrico y facilita la identificaci\u00f3n del lector mediante el uso consistente de la primera persona.<\/p>\n<p>El uso de la coordinaci\u00f3n copulativa (&#8220;y&#8221;) es frecuente, creando enumeraciones que acumulan im\u00e1genes y sensaciones sin jerarquizarlas mediante subordinaci\u00f3n. Ejemplo: &#8220;Soy las paredes que se sostienen \/ aunque el viento arrecie, \/ y las ventanas abiertas \/ para que entre la luz&#8221;. Esta t\u00e9cnica genera un ritmo acumulativo que enfatiza la abundancia de descubrimientos y transformaciones.<\/p>\n<p>El empleo de oraciones negativas para expresar aprendizajes resulta tambi\u00e9n significativo: &#8220;No necesito completarme con nadie&#8221;, &#8220;No todos los d\u00edas son claros&#8221;, &#8220;No hay final en este viaje&#8221;. Estas negaciones funcionan como correcciones de creencias o mandatos sociales previos, estableciendo nuevos marcos de comprensi\u00f3n.<\/p>\n<p><strong>7.2. El uso del tiempo verbal: presente, pasado y futuro<\/strong><\/p>\n<p>El an\u00e1lisis de los tiempos verbales en <em>Renacida en mi calma<\/em> revela una arquitectura temporal compleja que estructura la experiencia del crecimiento personal. El presente de indicativo domina el poemario, estableciendo el momento actual como espacio de enunciaci\u00f3n y de existencia. Ejemplos: &#8220;Soy mi casa&#8221;, &#8220;Me siento en el centro de m\u00ed misma&#8221;, &#8220;Hoy canto sin cadenas&#8221;.<\/p>\n<p>Este presente no es solo descriptivo, sino performativo: constituye la realidad que nombra. Cuando el sujeto l\u00edrico afirma &#8220;Soy mi casa&#8221;, no describe un estado previo sino que lo instituye en el acto de enunciaci\u00f3n.<\/p>\n<p>El pret\u00e9rito perfecto compuesto (&#8220;he aprendido&#8221;, &#8220;he descubierto&#8221;, &#8220;he cargado&#8221;) aparece recurrentemente para referirse a procesos de aprendizaje que conectan el pasado con el presente. Este tiempo verbal sugiere que las experiencias pasadas tienen relevancia actual, que el aprendizaje es un proceso continuado que permanece abierto.<\/p>\n<p>El pret\u00e9rito indefinido aparece en menor medida, reservado para momentos espec\u00edficos de transformaci\u00f3n: &#8220;Fue cuando dej\u00e9 de buscarme \/ en los ojos de otros&#8221;, &#8220;Ese d\u00eda descubr\u00ed \/ que no necesitaba permiso&#8221;. Estos momentos puntuales marcan hitos en la trayectoria del sujeto.<\/p>\n<p>El futuro es el tiempo menos frecuente, apareciendo principalmente en la \u00faltima secci\u00f3n (&#8220;Horizontes&#8221;) donde se proyecta la mirada hacia lo que vendr\u00e1. Sin embargo, incluso en esta secci\u00f3n, el presente domina: &#8220;Lo que viene no me asusta, \/ me inspira&#8221;. El futuro se experimenta desde el presente, no como proyecci\u00f3n ansiosa sino como apertura confiada.<\/p>\n<p><strong>7.3. El campo sem\u00e1ntico de la luz y la oscuridad<\/strong><\/p>\n<p><em>Renacida en mi calma<\/em> trabaja de manera sofisticada con el campo sem\u00e1ntico de la luz y la oscuridad, evitando la simplificaci\u00f3n de equiparar luz con bien y oscuridad con mal. El poemario reconoce la necesidad de ambos estados y explora sus complementariedades.<\/p>\n<p>Referencias a la luz aparecen en m\u00faltiples poemas: &#8220;ventanas abiertas \/ para que entre la luz&#8221;, &#8220;Soy luz en mis sombras&#8221;, &#8220;Los d\u00edas que no soy luz&#8221;. La luz se asocia con la claridad, el conocimiento, la energ\u00eda vital. Sin embargo, el poemario reconoce que no todos los d\u00edas pueden ser luminosos.<\/p>\n<p>Las referencias a la oscuridad, el silencio y la sombra no tienen connotaci\u00f3n exclusivamente negativa. El poema &#8220;Renacida en mis silencios&#8221; presenta el silencio como espacio de autodescubrimiento: &#8220;En el silencio descubr\u00ed mi voz&#8221;. El silencio y la penumbra son espacios de intimidad, de gestaci\u00f3n, de descanso necesario.<\/p>\n<p>La imagen del &#8220;Diciembre interior&#8221; resulta especialmente significativa: &#8220;Hay un diciembre dentro de m\u00ed, \/ un fr\u00edo que ya no me asusta, \/ porque he aprendido a encender mi propia luz&#8221;. El invierno interior no debe combatirse o negarse, sino habitarse con la confianza de que uno puede generar su propia luz interna.<\/p>\n<p>Esta sofisticaci\u00f3n en el tratamiento de luz y oscuridad evita el manique\u00edsmo y refleja una comprensi\u00f3n m\u00e1s madura de la experiencia emocional, donde la oscuridad no es enemiga sino parte constitutiva de los ciclos vitales.<\/p>\n<p><strong>7.4. La musicalidad: asonancias y aliteraciones<\/strong><\/p>\n<p>Aunque <em>Renacida en mi calma<\/em> emplea verso libre sin esquemas m\u00e9tricos o r\u00edmicos regulares, el poemario no renuncia a la musicalidad. La autora emplea recursos sonoros sutiles que generan cohesi\u00f3n f\u00f3nica sin resultar artificiosos.<\/p>\n<p>Las asonancias internas crean ecos sonoros que refuerzan las conexiones sem\u00e1nticas: &#8220;descanso \/ abrazo&#8221;, &#8220;silencios \/ cielo&#8221;, &#8220;calma \/ alma&#8221;. Estas resonancias sonoras no siguen patrones regulares pero aparecen con frecuencia suficiente para crear una textura f\u00f3nica reconocible.<\/p>\n<p>Las aliteraciones se emplean ocasionalmente para enfatizar ideas: &#8220;Soy fuerza en mis dudas, \/ completa en mi calma&#8221; (repetici\u00f3n del sonido \/k\/). La repetici\u00f3n de consonantes genera efectos r\u00edtmicos que refuerzan el contenido sem\u00e1ntico.<\/p>\n<p>El ritmo se construye tambi\u00e9n mediante la variaci\u00f3n en la longitud de los versos. Versos m\u00e1s breves alternan con versos m\u00e1s extensos, creando un ritmo respiratorio que mimetiza los ciclos de tensi\u00f3n y distensi\u00f3n emocional.<\/p>\n<p>La ausencia de puntuaci\u00f3n al final de la mayor\u00eda de los versos genera un efecto de continuidad, de flujo que invita a la lectura pausada y contemplativa. Los encabalgamientos suaves conectan versos sucesivos sin rupturas bruscas.<\/p>\n<ol start=\"8\">\n<li><strong> Intertextualidad y referencias literarias<\/strong><\/li>\n<\/ol>\n<p><strong>8.1. El di\u00e1logo con Mario Benedetti<\/strong><\/p>\n<p>La referencia m\u00e1s expl\u00edcita a otro autor en <em>Renacida en mi calma<\/em> aparece en el poema &#8220;Cuando me permito caer&#8221;, que menciona a Mario Benedetti: &#8220;Recuerdo a Benedetti, \/ la alegr\u00eda se defiende&#8221;. Esta cita alude al poema &#8220;Defensa de la alegr\u00eda&#8221; del poeta uruguayo, uno de los textos m\u00e1s emblem\u00e1ticos sobre la resistencia emocional frente a la adversidad.<\/p>\n<p>La elecci\u00f3n de Benedetti como referente no es casual. El poeta uruguayo cultiv\u00f3 una poes\u00eda accesible, de lenguaje directo, que abordaba experiencias cotidianas sin renunciar a la profundidad. Esta est\u00e9tica conecta directamente con la propuesta de Garc\u00eda Ramos.<\/p>\n<p>La frase &#8220;la alegr\u00eda se defiende&#8221; introduce una dimensi\u00f3n activa en la concepci\u00f3n de las emociones positivas. La alegr\u00eda no es un estado que simplemente acontece, sino algo que debe defenderse, cuidarse, cultivarse conscientemente frente a las adversidades. Esta concepci\u00f3n activa de la alegr\u00eda refuerza la narrativa de agencia que atraviesa todo el poemario.<\/p>\n<p>La incorporaci\u00f3n de esta cita en un momento de vulnerabilidad (&#8220;Cuando me permito caer&#8221;) resulta especialmente significativa. Sugiere que incluso en los momentos dif\u00edciles, cuando uno no puede m\u00e1s, existe la posibilidad de recuperaci\u00f3n, de volver &#8220;el doble de clara, \/ el doble de yo&#8221;.<\/p>\n<p><strong>8.2. Ecos de la tradici\u00f3n po\u00e9tica espa\u00f1ola<\/strong><\/p>\n<p>Aunque <em>Renacida en mi calma<\/em> no incluye referencias expl\u00edcitas a otros poetas espa\u00f1oles, pueden rastrearse ecos de diversas tradiciones po\u00e9ticas. El empleo de met\u00e1foras naturales conecta con una larga tradici\u00f3n de poes\u00eda espa\u00f1ola que ha encontrado en la naturaleza correlatos objetivos para estados emocionales.<\/p>\n<p>La concepci\u00f3n del poema como espacio de autodescubrimiento y autoconocimiento evoca la tradici\u00f3n de poes\u00eda reflexiva o meditativa que tiene exponentes significativos en la poes\u00eda espa\u00f1ola del siglo XX. Poetas como Luis Cernuda, Jos\u00e9 \u00c1ngel Valente o Clara Jan\u00e9s han explorado similares territorios de indagaci\u00f3n interior.<\/p>\n<p>El uso de un lenguaje coloquial y directo conecta con la tradici\u00f3n de la &#8220;poes\u00eda de la experiencia&#8221; que domin\u00f3 el panorama po\u00e9tico espa\u00f1ol en las d\u00e9cadas de 1980 y 1990. Sin embargo, Garc\u00eda Ramos no adopta el tono ir\u00f3nico o distanciado caracter\u00edstico de muchos poetas de esa corriente, prefiriendo un registro m\u00e1s sincero y emotivo.<\/p>\n<p><strong>8.3. Resonancias con la poes\u00eda hispanoamericana contempor\u00e1nea<\/strong><\/p>\n<p><em>Renacida en mi calma<\/em> comparte sensibilidades con corrientes de poes\u00eda hispanoamericana contempor\u00e1nea que han explorado tem\u00e1ticas similares de autoconocimiento y empoderamiento femenino. Poetas como Alejandra Pizarnik, Idea Vilari\u00f1o o contempor\u00e1neas como Cristina Peri Rossi han trabajado la construcci\u00f3n de subjetividades femeninas aut\u00f3nomas mediante el lenguaje po\u00e9tico.<\/p>\n<p>La espacializaci\u00f3n de la subjetividad que desarrolla Garc\u00eda Ramos conecta con tradiciones po\u00e9ticas hispanoamericanas que han empleado met\u00e1foras similares. El concepto de &#8220;entrar en una misma&#8221;, que la cr\u00edtica ha identificado en la poes\u00eda de Julia de Burgos, resuena en numerosos poemas de <em>Renacida en mi calma<\/em>.<\/p>\n<p>&nbsp;<\/p>\n<p>&nbsp;<\/p>\n<ol start=\"9\">\n<li><strong> Recepci\u00f3n potencial y p\u00fablicos lectores<\/strong><\/li>\n<\/ol>\n<p><strong>9.1. El p\u00fablico objetivo del poemario<\/strong><\/p>\n<p><em>Renacida en mi calma<\/em> est\u00e1 dirigido principalmente a un p\u00fablico lector joven y adulto, con especial \u00e9nfasis en lectoras mujeres que atraviesan procesos de construcci\u00f3n identitaria y b\u00fasqueda de autonom\u00eda emocional. La experiencia de la autora como mujer joven de \u00e1mbito rural que trabaja en el sector servicios la conecta con amplios sectores sociales.<\/p>\n<p>El lenguaje accesible y la tem\u00e1tica centrada en experiencias cotidianas facilitan la identificaci\u00f3n de lectores no especializados en poes\u00eda. El poemario puede funcionar como puerta de entrada a la lectura po\u00e9tica para personas que no tienen h\u00e1bito lector en este g\u00e9nero.<\/p>\n<p>Sin embargo, la elaboraci\u00f3n formal del texto y su inscripci\u00f3n en tradiciones po\u00e9ticas establecidas lo hacen tambi\u00e9n relevante para lectores m\u00e1s experimentados que valoran tanto la dimensi\u00f3n est\u00e9tica como la emocional.<\/p>\n<p><strong>9.2. Contextos de lectura y usos potenciales<\/strong><\/p>\n<p><em>Renacida en mi calma<\/em> puede emplearse en diversos contextos m\u00e1s all\u00e1 de la lectura individual privada. En contextos educativos, el poemario ofrece material accesible para trabajar poes\u00eda contempor\u00e1nea con estudiantes de secundaria o bachillerato. Los temas que aborda \u2014construcci\u00f3n de identidad, autoestima, relaciones sanas\u2014 resultan especialmente relevantes para adolescentes y j\u00f3venes adultos.<\/p>\n<p>En contextos terap\u00e9uticos o de grupos de apoyo, el poemario puede funcionar como recurso biblioterap\u00e9utico. Terapeutas que trabajan con clientes que atraviesan procesos de crecimiento personal o superaci\u00f3n de relaciones da\u00f1inas podr\u00edan emplear poemas seleccionados como material de reflexi\u00f3n.<\/p>\n<p>En talleres de escritura creativa o de desarrollo personal, los poemas pueden servir como modelos o inspiraci\u00f3n para que los participantes exploren sus propias experiencias mediante la escritura.<\/p>\n<p>En redes sociales, poemas individuales o fragmentos pueden circular ampliamente, conectando con p\u00fablicos que consumen poes\u00eda en formatos digitales breves. Esta circulaci\u00f3n digital puede generar comunidades de lectores que comparten experiencias similares.<\/p>\n<p><strong>9.3. La dimensi\u00f3n comunitaria de la lectura<\/strong><\/p>\n<p>Aunque la lectura de poes\u00eda suele concebirse como actividad solitaria, <em>Renacida en mi calma<\/em> tiene potencial para generar comunidades de lectura. El car\u00e1cter testimonial del poemario invita a los lectores a compartir sus propias experiencias, creando espacios de di\u00e1logo donde las vivencias individuales se reconocen como parte de experiencias colectivas.<\/p>\n<p>Clubes de lectura centrados en poes\u00eda contempor\u00e1nea podr\u00edan encontrar en este poemario material rico para discusi\u00f3n. Las preguntas que suscita \u2014sobre el amor propio, los l\u00edmites relacionales, el autocuidado, la construcci\u00f3n de identidad\u2014 son temas que resuenan en las experiencias de muchas personas y generan conversaciones significativas.<\/p>\n<p>La dimensi\u00f3n de g\u00e9nero del poemario \u2014su exploraci\u00f3n de experiencias espec\u00edficamente femeninas de construcci\u00f3n de autonom\u00eda\u2014 lo hace especialmente relevante para espacios de encuentro entre mujeres donde se comparten experiencias y estrategias de empoderamiento.<\/p>\n<p>&nbsp;<\/p>\n<ol start=\"10\">\n<li><strong> Dimensi\u00f3n editorial y de mercado literario<\/strong><\/li>\n<\/ol>\n<p><strong>10.1. Editorial Poes\u00eda eres t\u00fa y el panorama editorial espa\u00f1ol<\/strong><\/p>\n<p>La publicaci\u00f3n de <em>Renacida en mi calma<\/em> por Editorial Poes\u00eda eres t\u00fa sit\u00faa el poemario en un contexto editorial espec\u00edfico. Esta editorial, parte del Grupo Editorial P\u00e9rez-Ayala, se especializa en poes\u00eda contempor\u00e1nea y mantiene un cat\u00e1logo que incluye tanto autores consolidados como nuevas voces.<\/p>\n<p>El modelo editorial de Poes\u00eda eres t\u00fa representa una alternativa a las grandes editoriales generalistas que publican poes\u00eda de manera ocasional. Las editoriales especializadas en poes\u00eda cumplen una funci\u00f3n fundamental en el ecosistema literario espa\u00f1ol, manteniendo vivo un g\u00e9nero que no siempre tiene cabida en circuitos comerciales masivos.<\/p>\n<p>La apuesta editorial por autoras j\u00f3venes como Luc\u00eda Garc\u00eda Ramos evidencia la renovaci\u00f3n generacional que est\u00e1 experimentando la poes\u00eda espa\u00f1ola. Las nuevas voces aportan tem\u00e1ticas, sensibilidades y lenguajes que conectan con p\u00fablicos lectores contempor\u00e1neos.<\/p>\n<p><strong>10.2. El mercado de la poes\u00eda del autocuidado<\/strong><\/p>\n<p><em>Renacida en mi calma<\/em> se inscribe en un fen\u00f3meno editorial significativo: el auge de la poes\u00eda centrada en crecimiento personal y autocuidado. Este nicho de mercado ha experimentado un crecimiento notable en la \u00faltima d\u00e9cada, con cifras de ventas que sorprenden en un g\u00e9nero tradicionalmente minoritario.<\/p>\n<p>El \u00e9xito comercial de este tipo de poes\u00eda se explica por varios factores. En primer lugar, conecta con necesidades emocionales reales de amplios sectores de la poblaci\u00f3n que buscan herramientas simb\u00f3licas para procesar las complejidades de la vida contempor\u00e1nea. En segundo lugar, las redes sociales han democratizado el acceso a la poes\u00eda, permitiendo que lectores que no frecuentaban librer\u00edas descubran el g\u00e9nero.<\/p>\n<p>El dise\u00f1o de la cubierta de <em>Renacida en mi calma<\/em>, con su est\u00e9tica limpia y contempor\u00e1nea, se alinea con las tendencias del mercado actual de poes\u00eda dirigida a p\u00fablicos j\u00f3venes. La presentaci\u00f3n visual del libro forma parte integral de su estrategia de comunicaci\u00f3n con los lectores potenciales.<\/p>\n<p><strong>10.3. Estrategias de difusi\u00f3n y visibilidad<\/strong><\/p>\n<p>La difusi\u00f3n de poemarios como <em>Renacida en mi calma<\/em> depende cada vez m\u00e1s de estrategias digitales. Las redes sociales, especialmente Instagram, TikTok y plataformas similares, se han convertido en espacios fundamentales para la promoci\u00f3n de poes\u00eda contempor\u00e1nea.<\/p>\n<p>La autora puede emplear estas plataformas para compartir poemas individuales, conectar directamente con lectores, participar en conversaciones sobre los temas que aborda el poemario y construir una comunidad en torno a su obra. Esta relaci\u00f3n directa entre autores y lectores, sin intermediarios tradicionales, caracteriza el nuevo ecosistema literario digital.<\/p>\n<p>Las presentaciones de libros, tanto presenciales como virtuales, constituyen otro canal importante de difusi\u00f3n. Estos eventos permiten que la autora establezca contacto directo con lectores, lea poemas en voz alta y dialogue sobre los procesos creativos y vitales que dieron origen al poemario.<\/p>\n<p>La colaboraci\u00f3n con bookstagramers, booktubers y otros creadores de contenido literario en redes sociales puede amplificar significativamente el alcance del poemario. Estos mediadores culturales cumplen funciones de prescripci\u00f3n literaria cada vez m\u00e1s importantes en el ecosistema actual.<\/p>\n<ol start=\"11\">\n<li><strong> Propuestas did\u00e1cticas para el uso del poemario<\/strong><\/li>\n<\/ol>\n<p><strong>11.1. En educaci\u00f3n secundaria y bachillerato<\/strong><\/p>\n<p><em>Renacida en mi calma<\/em> ofrece m\u00faltiples posibilidades para su empleo en contextos educativos formales. El lenguaje accesible y las tem\u00e1ticas relevantes para adolescentes y j\u00f3venes lo hacen especialmente adecuado para niveles de educaci\u00f3n secundaria y bachillerato.<\/p>\n<p>Una propuesta did\u00e1ctica podr\u00eda organizarse en torno al an\u00e1lisis de las met\u00e1foras espaciales, solicitando a los estudiantes que identifiquen las diferentes met\u00e1foras (casa, ra\u00edces, puentes, horizontes) y reflexionen sobre qu\u00e9 aspectos de la experiencia representan. Esta actividad desarrolla competencias de comprensi\u00f3n lectora y an\u00e1lisis literario.<\/p>\n<p>Otra actividad productiva ser\u00eda la escritura creativa inspirada en el poemario. Los estudiantes podr\u00edan escribir sus propios poemas explorando experiencias personales de crecimiento, empleando las estructuras sint\u00e1cticas y recursos metaf\u00f3ricos que observan en <em>Renacida en mi calma<\/em> como modelos.<\/p>\n<p>El poemario puede tambi\u00e9n emplearse para trabajar educaci\u00f3n emocional, invitando a los estudiantes a reflexionar sobre temas como el autocuidado, el establecimiento de l\u00edmites en las relaciones, la gesti\u00f3n de emociones dif\u00edciles. La poes\u00eda ofrece un lenguaje menos directo que permite abordar estos temas sensibles con cierta mediaci\u00f3n simb\u00f3lica.<\/p>\n<p><strong>11.2. En talleres de escritura creativa<\/strong><\/p>\n<p>Para talleres de escritura creativa dirigidos a adultos, <em>Renacida en mi calma<\/em> puede funcionar como modelo de poes\u00eda accesible pero elaborada. Los participantes pueden analizar c\u00f3mo la autora logra transmitir emociones complejas mediante lenguaje sencillo, estudiando las t\u00e9cnicas espec\u00edficas que emplea.<\/p>\n<p>Ejercicios de escritura podr\u00edan incluir la creaci\u00f3n de poemas estructurados en torno a met\u00e1foras espaciales personales, explorando qu\u00e9 espacios (reales o imaginarios) han sido significativos en los procesos vitales de cada participante.<\/p>\n<p>Otro ejercicio productivo ser\u00eda trabajar con la estructura procesual del poemario, invitando a los participantes a mapear su propio proceso de crecimiento personal y traducirlo a una secuencia de poemas que trace ese itinerario.<\/p>\n<p><strong>11.3. En contextos de desarrollo personal y terap\u00e9uticos<\/strong><\/p>\n<p>En talleres de desarrollo personal o grupos de apoyo, <em>Renacida en mi calma<\/em> puede emplearse como recurso biblioterap\u00e9utico. La lectura compartida de poemas seleccionados puede servir como punto de partida para conversaciones sobre experiencias personales.<\/p>\n<p>Una metodolog\u00eda posible ser\u00eda la lectura de un poema seguida de un tiempo de reflexi\u00f3n silenciosa, despu\u00e9s del cual los participantes comparten (si lo desean) c\u00f3mo el poema resuena con sus propias experiencias. Este tipo de actividad genera espacios de validaci\u00f3n mutua y construcci\u00f3n comunitaria.<\/p>\n<p>En contextos terap\u00e9uticos individuales, terapeutas formados en biblioterapia podr\u00edan sugerir poemas espec\u00edficos a clientes que atraviesan procesos similares a los narrados en el poemario. La lectura del poema entre sesiones puede funcionar como herramienta de elaboraci\u00f3n continuada.<\/p>\n<p>&nbsp;<\/p>\n<ol start=\"12\">\n<li><strong> Comparaci\u00f3n con <em>Ama desde tus adentros: evoluci\u00f3n po\u00e9tica<\/em><\/strong><\/li>\n<\/ol>\n<p><strong>12.1. Del amor universal al amor propio<\/strong><\/p>\n<p>La comparaci\u00f3n entre los dos poemarios de Luc\u00eda Garc\u00eda Ramos revela una evoluci\u00f3n tem\u00e1tica significativa. Mientras que <em>Ama desde tus adentros<\/em> (2022) se dedicaba al &#8220;amor universal&#8221;, <em>Renacida en mi calma<\/em> (2025) se centra en &#8220;el amor propio y el crecimiento personal&#8221;.<\/p>\n<p>Esta evoluci\u00f3n desde el amor hacia otros al amor hacia una misma refleja un proceso vital de la autora y tambi\u00e9n una maduraci\u00f3n en su concepci\u00f3n del amor. El poemario de 2025 sugiere que el amor propio no es ego\u00edsmo o narcisismo, sino condici\u00f3n de posibilidad para amar genuinamente a otros.<\/p>\n<p>La secuencia de los dos poemarios propone un orden significativo: primero es necesario aprender a amarse a una misma para despu\u00e9s poder establecer v\u00ednculos de amor sanos con otros. Esta secuencia invierte el mandato cultural que ha socializado a las mujeres en el cuidado de otros como prioridad absoluta.<\/p>\n<p><strong>12.2. Evoluci\u00f3n estil\u00edstica y formal<\/strong><\/p>\n<p>Aunque no disponemos del texto completo de <em>Ama desde tus adentros<\/em>, la informaci\u00f3n sobre <em>Renacida en mi calma<\/em> sugiere una evoluci\u00f3n estil\u00edstica hacia mayor cohesi\u00f3n estructural. La organizaci\u00f3n en cinco secciones tem\u00e1ticas claramente definidas y la consistencia del sistema metaf\u00f3rico espacial evidencian una maduraci\u00f3n en la concepci\u00f3n arquitect\u00f3nica del poemario.<\/p>\n<p>Es probable que <em>Renacida en mi calma<\/em> represente tambi\u00e9n una evoluci\u00f3n en t\u00e9rminos de profundizaci\u00f3n tem\u00e1tica. El segundo poemario aborda dimensiones complejas del crecimiento personal (la gesti\u00f3n del dolor, la construcci\u00f3n de l\u00edmites, la integraci\u00f3n de la vulnerabilidad) que sugieren una exploraci\u00f3n m\u00e1s matizada de la experiencia emocional.<\/p>\n<p><strong>12.3. Proyecci\u00f3n futura de la obra<\/strong><\/p>\n<p>Los dos poemarios publicados establecen las bases de una obra po\u00e9tica en desarrollo. La trayectoria que dibujan \u2014del amor universal al amor propio\u2014 sugiere posibles direcciones futuras: quiz\u00e1s un tercer poemario que integre ambas dimensiones, explorando c\u00f3mo el amor propio conquistado permite nuevas formas de amor hacia otros.<\/p>\n<p>La consolidaci\u00f3n de una voz po\u00e9tica distintiva \u2014accesible pero no simplista, emocional pero no sensiblera, terap\u00e9utica pero no prescriptiva\u2014 posiciona a Luc\u00eda Garc\u00eda Ramos como una voz emergente significativa en el panorama de la poes\u00eda espa\u00f1ola contempor\u00e1nea.<\/p>\n<p><strong>Conclusi\u00f3n general de los estudios complementarios<\/strong><\/p>\n<p>Los aspectos complementarios analizados \u2014estil\u00edsticos, intertextuales, de recepci\u00f3n, editoriales, did\u00e1cticos y evolutivos\u2014 enriquecen la comprensi\u00f3n de <em>Renacida en mi calma<\/em> como artefacto literario complejo que opera simult\u00e1neamente en m\u00faltiples dimensiones.<\/p>\n<p>El an\u00e1lisis estil\u00edstico revela que la aparente sencillez del lenguaje esconde elecciones formales sofisticadas que contribuyen a la eficacia comunicativa y emocional del texto. La sintaxis directa, el uso estrat\u00e9gico de los tiempos verbales, el trabajo con campos sem\u00e1nticos y la musicalidad sutil configuran un estilo po\u00e9tico reconocible y efectivo.<\/p>\n<p>El an\u00e1lisis intertextual sit\u00faa el poemario en genealog\u00edas literarias espec\u00edficas, mostrando c\u00f3mo dialoga con tradiciones po\u00e9ticas espa\u00f1olas e hispanoamericanas. La referencia a Benedetti no es ornamental, sino que se\u00f1ala afinidades electivas con una concepci\u00f3n de la poes\u00eda como acompa\u00f1amiento vital.<\/p>\n<p>El an\u00e1lisis de recepci\u00f3n potencial y contextos de uso evidencia que <em>Renacida en mi calma<\/em> trasciende la lectura individual privada para ofrecer posibilidades de construcci\u00f3n comunitaria y de empleo en m\u00faltiples contextos educativos y terap\u00e9uticos.<\/p>\n<p>El an\u00e1lisis del contexto editorial sit\u00faa el poemario en un mercado espec\u00edfico \u2014el de la poes\u00eda del autocuidado\u2014 que ha experimentado crecimiento significativo y que responde a necesidades sociales reales. La comprensi\u00f3n de este contexto es fundamental para evaluar las condiciones de producci\u00f3n y circulaci\u00f3n de la obra.<\/p>\n<p>Las propuestas did\u00e1cticas demuestran que el poemario no solo tiene valor literario o terap\u00e9utico, sino tambi\u00e9n pedag\u00f3gico, ofreciendo material rico para el trabajo en diversos contextos educativos.<\/p>\n<p>Finalmente, la comparaci\u00f3n con el poemario anterior revela una trayectoria po\u00e9tica en desarrollo, marcada por una evoluci\u00f3n tem\u00e1tica del amor universal al amor propio que refleja procesos vitales de la autora y que proyecta posibles direcciones futuras.<\/p>\n<p>Estos estudios complementarios, junto con los an\u00e1lisis previos sobre amor propio, met\u00e1foras espaciales y poes\u00eda terap\u00e9utica, configuran una aproximaci\u00f3n multidimensional a <em>Renacida en mi calma<\/em> que reconoce su complejidad y su relevancia en el panorama de la poes\u00eda espa\u00f1ola contempor\u00e1nea.<\/p>\n<p>&nbsp;<\/p>\n","protected":false},"excerpt":{"rendered":"<p>Olivares Tom\u00e1s, Ana Mar\u00eda. \u00abPOES\u00cdA TERAP\u00c9UTICA Y ESCRITURA SANADORA: RENACIDA EN MI CALMA COMO EXPRESI\u00d3N DE LA LITERATURA COMO HERRAMIENTA DE SANACI\u00d3N EMOCIONAL\u00bb. Zenodo, 6 de diciembre de 2025. https:\/\/doi.org\/10.5281\/zenodo.17841840<\/p>\n","protected":false},"author":1,"featured_media":120,"comment_status":"closed","ping_status":"closed","sticky":false,"template":"","format":"standard","meta":{"_acf_changed":false,"footnotes":""},"categories":[4],"tags":[],"class_list":["post-131","post","type-post","status-publish","format-standard","has-post-thumbnail","hentry","category-renacida-en-mi-calma-academicos"],"acf":[],"yoast_head":"<!-- This site is optimized with the Yoast SEO Premium plugin v24.7 (Yoast SEO v27.4) - https:\/\/yoast.com\/product\/yoast-seo-premium-wordpress\/ -->\n<title>POES\u00cdA TERAP\u00c9UTICA Y ESCRITURA SANADORA: RENACIDA EN MI CALMA COMO EXPRESI\u00d3N DE LA LITERATURA COMO HERRAMIENTA DE SANACI\u00d3N EMOCIONAL - Luc\u00eda Garc\u00eda Ramos<\/title>\n<meta name=\"description\" content=\"Olivares Tom\u00e1s, Ana Mar\u00eda. \u00abPOES\u00cdA TERAP\u00c9UTICA Y ESCRITURA SANADORA: RENACIDA EN MI CALMA COMO EXPRESI\u00d3N DE LA LITERATURA COMO HERRAMIENTA DE SANACI\u00d3N EMOCIONAL\u00bb. Zenodo, 6 de diciembre de 2025. https:\/\/doi.org\/10.5281\/zenodo.17841840\" \/>\n<meta name=\"robots\" content=\"index, follow, max-snippet:-1, max-image-preview:large, max-video-preview:-1\" \/>\n<link rel=\"canonical\" href=\"https:\/\/nuestrosescritores.com\/luciagarciaramos\/2025\/12\/06\/poesia-terapeutica-y-escritura-sanadora-renacida-en-mi-calma-como-expresion-de-la-literatura-como-herramienta-de-sanacion-emocional\/\" \/>\n<meta property=\"og:locale\" content=\"es_ES\" \/>\n<meta property=\"og:type\" content=\"article\" \/>\n<meta property=\"og:title\" content=\"POES\u00cdA TERAP\u00c9UTICA Y ESCRITURA SANADORA: RENACIDA EN MI CALMA COMO EXPRESI\u00d3N DE LA LITERATURA COMO HERRAMIENTA DE SANACI\u00d3N EMOCIONAL\" \/>\n<meta property=\"og:description\" content=\"Olivares Tom\u00e1s, Ana Mar\u00eda. \u00abPOES\u00cdA TERAP\u00c9UTICA Y ESCRITURA SANADORA: RENACIDA EN MI CALMA COMO EXPRESI\u00d3N DE LA LITERATURA COMO HERRAMIENTA DE SANACI\u00d3N EMOCIONAL\u00bb. Zenodo, 6 de diciembre de 2025. https:\/\/doi.org\/10.5281\/zenodo.17841840\" \/>\n<meta property=\"og:url\" content=\"https:\/\/nuestrosescritores.com\/luciagarciaramos\/2025\/12\/06\/poesia-terapeutica-y-escritura-sanadora-renacida-en-mi-calma-como-expresion-de-la-literatura-como-herramienta-de-sanacion-emocional\/\" \/>\n<meta property=\"og:site_name\" content=\"Luc\u00eda Garc\u00eda Ramos\" \/>\n<meta property=\"article:published_time\" content=\"2025-12-06T17:26:31+00:00\" \/>\n<meta property=\"og:image\" content=\"https:\/\/nuestrosescritores.com\/luciagarciaramos\/wp-content\/uploads\/sites\/134\/2025\/12\/book2.png\" \/>\n\t<meta property=\"og:image:width\" content=\"839\" \/>\n\t<meta property=\"og:image:height\" content=\"794\" \/>\n\t<meta property=\"og:image:type\" content=\"image\/png\" \/>\n<meta name=\"author\" content=\"Javierpah\" \/>\n<meta name=\"twitter:card\" content=\"summary_large_image\" \/>\n<meta name=\"twitter:label1\" content=\"Escrito por\" \/>\n\t<meta name=\"twitter:data1\" content=\"Javierpah\" \/>\n\t<meta name=\"twitter:label2\" content=\"Tiempo de lectura\" \/>\n\t<meta name=\"twitter:data2\" content=\"36 minutos\" \/>\n<script type=\"application\/ld+json\" class=\"yoast-schema-graph\">{\"@context\":\"https:\\\/\\\/schema.org\",\"@graph\":[{\"@type\":\"Article\",\"@id\":\"https:\\\/\\\/nuestrosescritores.com\\\/luciagarciaramos\\\/2025\\\/12\\\/06\\\/poesia-terapeutica-y-escritura-sanadora-renacida-en-mi-calma-como-expresion-de-la-literatura-como-herramienta-de-sanacion-emocional\\\/#article\",\"isPartOf\":{\"@id\":\"https:\\\/\\\/nuestrosescritores.com\\\/luciagarciaramos\\\/2025\\\/12\\\/06\\\/poesia-terapeutica-y-escritura-sanadora-renacida-en-mi-calma-como-expresion-de-la-literatura-como-herramienta-de-sanacion-emocional\\\/\"},\"author\":{\"name\":\"Javierpah\",\"@id\":\"https:\\\/\\\/nuestrosescritores.com\\\/luciagarciaramos\\\/#\\\/schema\\\/person\\\/eeae205ced613630f5aac210989ea6eb\"},\"headline\":\"POES\u00cdA TERAP\u00c9UTICA Y ESCRITURA SANADORA: RENACIDA EN MI CALMA COMO EXPRESI\u00d3N DE LA LITERATURA COMO HERRAMIENTA DE SANACI\u00d3N EMOCIONAL\",\"datePublished\":\"2025-12-06T17:26:31+00:00\",\"mainEntityOfPage\":{\"@id\":\"https:\\\/\\\/nuestrosescritores.com\\\/luciagarciaramos\\\/2025\\\/12\\\/06\\\/poesia-terapeutica-y-escritura-sanadora-renacida-en-mi-calma-como-expresion-de-la-literatura-como-herramienta-de-sanacion-emocional\\\/\"},\"wordCount\":8527,\"image\":{\"@id\":\"https:\\\/\\\/nuestrosescritores.com\\\/luciagarciaramos\\\/2025\\\/12\\\/06\\\/poesia-terapeutica-y-escritura-sanadora-renacida-en-mi-calma-como-expresion-de-la-literatura-como-herramienta-de-sanacion-emocional\\\/#primaryimage\"},\"thumbnailUrl\":\"https:\\\/\\\/nuestrosescritores.com\\\/luciagarciaramos\\\/wp-content\\\/uploads\\\/sites\\\/134\\\/2025\\\/12\\\/book2.png\",\"articleSection\":[\"RENACIDA EN MI CALMA. ACADEMICOS.\"],\"inLanguage\":\"es\",\"copyrightYear\":\"2025\",\"copyrightHolder\":{\"@id\":\"https:\\\/\\\/nuestrosescritores.com\\\/#organization\"}},{\"@type\":\"WebPage\",\"@id\":\"https:\\\/\\\/nuestrosescritores.com\\\/luciagarciaramos\\\/2025\\\/12\\\/06\\\/poesia-terapeutica-y-escritura-sanadora-renacida-en-mi-calma-como-expresion-de-la-literatura-como-herramienta-de-sanacion-emocional\\\/\",\"url\":\"https:\\\/\\\/nuestrosescritores.com\\\/luciagarciaramos\\\/2025\\\/12\\\/06\\\/poesia-terapeutica-y-escritura-sanadora-renacida-en-mi-calma-como-expresion-de-la-literatura-como-herramienta-de-sanacion-emocional\\\/\",\"name\":\"POES\u00cdA TERAP\u00c9UTICA Y ESCRITURA SANADORA: RENACIDA EN MI CALMA COMO EXPRESI\u00d3N DE LA LITERATURA COMO HERRAMIENTA DE SANACI\u00d3N EMOCIONAL - Luc\u00eda Garc\u00eda Ramos\",\"isPartOf\":{\"@id\":\"https:\\\/\\\/nuestrosescritores.com\\\/luciagarciaramos\\\/#website\"},\"primaryImageOfPage\":{\"@id\":\"https:\\\/\\\/nuestrosescritores.com\\\/luciagarciaramos\\\/2025\\\/12\\\/06\\\/poesia-terapeutica-y-escritura-sanadora-renacida-en-mi-calma-como-expresion-de-la-literatura-como-herramienta-de-sanacion-emocional\\\/#primaryimage\"},\"image\":{\"@id\":\"https:\\\/\\\/nuestrosescritores.com\\\/luciagarciaramos\\\/2025\\\/12\\\/06\\\/poesia-terapeutica-y-escritura-sanadora-renacida-en-mi-calma-como-expresion-de-la-literatura-como-herramienta-de-sanacion-emocional\\\/#primaryimage\"},\"thumbnailUrl\":\"https:\\\/\\\/nuestrosescritores.com\\\/luciagarciaramos\\\/wp-content\\\/uploads\\\/sites\\\/134\\\/2025\\\/12\\\/book2.png\",\"datePublished\":\"2025-12-06T17:26:31+00:00\",\"author\":{\"@id\":\"https:\\\/\\\/nuestrosescritores.com\\\/luciagarciaramos\\\/#\\\/schema\\\/person\\\/eeae205ced613630f5aac210989ea6eb\"},\"description\":\"Olivares Tom\u00e1s, Ana Mar\u00eda. \u00abPOES\u00cdA TERAP\u00c9UTICA Y ESCRITURA SANADORA: RENACIDA EN MI CALMA COMO EXPRESI\u00d3N DE LA LITERATURA COMO HERRAMIENTA DE SANACI\u00d3N EMOCIONAL\u00bb. Zenodo, 6 de diciembre de 2025. https:\\\/\\\/doi.org\\\/10.5281\\\/zenodo.17841840\",\"breadcrumb\":{\"@id\":\"https:\\\/\\\/nuestrosescritores.com\\\/luciagarciaramos\\\/2025\\\/12\\\/06\\\/poesia-terapeutica-y-escritura-sanadora-renacida-en-mi-calma-como-expresion-de-la-literatura-como-herramienta-de-sanacion-emocional\\\/#breadcrumb\"},\"inLanguage\":\"es\",\"potentialAction\":[{\"@type\":\"ReadAction\",\"target\":[\"https:\\\/\\\/nuestrosescritores.com\\\/luciagarciaramos\\\/2025\\\/12\\\/06\\\/poesia-terapeutica-y-escritura-sanadora-renacida-en-mi-calma-como-expresion-de-la-literatura-como-herramienta-de-sanacion-emocional\\\/\"]}]},{\"@type\":\"ImageObject\",\"inLanguage\":\"es\",\"@id\":\"https:\\\/\\\/nuestrosescritores.com\\\/luciagarciaramos\\\/2025\\\/12\\\/06\\\/poesia-terapeutica-y-escritura-sanadora-renacida-en-mi-calma-como-expresion-de-la-literatura-como-herramienta-de-sanacion-emocional\\\/#primaryimage\",\"url\":\"https:\\\/\\\/nuestrosescritores.com\\\/luciagarciaramos\\\/wp-content\\\/uploads\\\/sites\\\/134\\\/2025\\\/12\\\/book2.png\",\"contentUrl\":\"https:\\\/\\\/nuestrosescritores.com\\\/luciagarciaramos\\\/wp-content\\\/uploads\\\/sites\\\/134\\\/2025\\\/12\\\/book2.png\",\"width\":839,\"height\":794},{\"@type\":\"BreadcrumbList\",\"@id\":\"https:\\\/\\\/nuestrosescritores.com\\\/luciagarciaramos\\\/2025\\\/12\\\/06\\\/poesia-terapeutica-y-escritura-sanadora-renacida-en-mi-calma-como-expresion-de-la-literatura-como-herramienta-de-sanacion-emocional\\\/#breadcrumb\",\"itemListElement\":[{\"@type\":\"ListItem\",\"position\":1,\"name\":\"Portada\",\"item\":\"https:\\\/\\\/nuestrosescritores.com\\\/luciagarciaramos\\\/\"},{\"@type\":\"ListItem\",\"position\":2,\"name\":\"POES\u00cdA TERAP\u00c9UTICA Y ESCRITURA SANADORA: RENACIDA EN MI CALMA COMO EXPRESI\u00d3N DE LA LITERATURA COMO HERRAMIENTA DE SANACI\u00d3N EMOCIONAL\"}]},{\"@type\":\"WebSite\",\"@id\":\"https:\\\/\\\/nuestrosescritores.com\\\/luciagarciaramos\\\/#website\",\"url\":\"https:\\\/\\\/nuestrosescritores.com\\\/luciagarciaramos\\\/\",\"name\":\"Nuestros escritores\",\"description\":\"Escritora\",\"potentialAction\":[{\"@type\":\"SearchAction\",\"target\":{\"@type\":\"EntryPoint\",\"urlTemplate\":\"https:\\\/\\\/nuestrosescritores.com\\\/luciagarciaramos\\\/?s={search_term_string}\"},\"query-input\":{\"@type\":\"PropertyValueSpecification\",\"valueRequired\":true,\"valueName\":\"search_term_string\"}}],\"inLanguage\":\"es\"},{\"@type\":\"Person\",\"@id\":\"https:\\\/\\\/nuestrosescritores.com\\\/luciagarciaramos\\\/#\\\/schema\\\/person\\\/eeae205ced613630f5aac210989ea6eb\",\"name\":\"Javierpah\",\"image\":{\"@type\":\"ImageObject\",\"inLanguage\":\"es\",\"@id\":\"https:\\\/\\\/secure.gravatar.com\\\/avatar\\\/1cb55a5bd8d6824519e46b552e84b03575857cc9c4d6333824d2f95d82129f50?s=96&d=mm&r=g\",\"url\":\"https:\\\/\\\/secure.gravatar.com\\\/avatar\\\/1cb55a5bd8d6824519e46b552e84b03575857cc9c4d6333824d2f95d82129f50?s=96&d=mm&r=g\",\"contentUrl\":\"https:\\\/\\\/secure.gravatar.com\\\/avatar\\\/1cb55a5bd8d6824519e46b552e84b03575857cc9c4d6333824d2f95d82129f50?s=96&d=mm&r=g\",\"caption\":\"Javierpah\"}}]}<\/script>\n<!-- \/ Yoast SEO Premium plugin. -->","yoast_head_json":{"title":"POES\u00cdA TERAP\u00c9UTICA Y ESCRITURA SANADORA: RENACIDA EN MI CALMA COMO EXPRESI\u00d3N DE LA LITERATURA COMO HERRAMIENTA DE SANACI\u00d3N EMOCIONAL - Luc\u00eda Garc\u00eda Ramos","description":"Olivares Tom\u00e1s, Ana Mar\u00eda. \u00abPOES\u00cdA TERAP\u00c9UTICA Y ESCRITURA SANADORA: RENACIDA EN MI CALMA COMO EXPRESI\u00d3N DE LA LITERATURA COMO HERRAMIENTA DE SANACI\u00d3N EMOCIONAL\u00bb. Zenodo, 6 de diciembre de 2025. https:\/\/doi.org\/10.5281\/zenodo.17841840","robots":{"index":"index","follow":"follow","max-snippet":"max-snippet:-1","max-image-preview":"max-image-preview:large","max-video-preview":"max-video-preview:-1"},"canonical":"https:\/\/nuestrosescritores.com\/luciagarciaramos\/2025\/12\/06\/poesia-terapeutica-y-escritura-sanadora-renacida-en-mi-calma-como-expresion-de-la-literatura-como-herramienta-de-sanacion-emocional\/","og_locale":"es_ES","og_type":"article","og_title":"POES\u00cdA TERAP\u00c9UTICA Y ESCRITURA SANADORA: RENACIDA EN MI CALMA COMO EXPRESI\u00d3N DE LA LITERATURA COMO HERRAMIENTA DE SANACI\u00d3N EMOCIONAL","og_description":"Olivares Tom\u00e1s, Ana Mar\u00eda. \u00abPOES\u00cdA TERAP\u00c9UTICA Y ESCRITURA SANADORA: RENACIDA EN MI CALMA COMO EXPRESI\u00d3N DE LA LITERATURA COMO HERRAMIENTA DE SANACI\u00d3N EMOCIONAL\u00bb. Zenodo, 6 de diciembre de 2025. https:\/\/doi.org\/10.5281\/zenodo.17841840","og_url":"https:\/\/nuestrosescritores.com\/luciagarciaramos\/2025\/12\/06\/poesia-terapeutica-y-escritura-sanadora-renacida-en-mi-calma-como-expresion-de-la-literatura-como-herramienta-de-sanacion-emocional\/","og_site_name":"Luc\u00eda Garc\u00eda Ramos","article_published_time":"2025-12-06T17:26:31+00:00","og_image":[{"width":839,"height":794,"url":"https:\/\/nuestrosescritores.com\/luciagarciaramos\/wp-content\/uploads\/sites\/134\/2025\/12\/book2.png","type":"image\/png"}],"author":"Javierpah","twitter_card":"summary_large_image","twitter_misc":{"Escrito por":"Javierpah","Tiempo de lectura":"36 minutos"},"schema":{"@context":"https:\/\/schema.org","@graph":[{"@type":"Article","@id":"https:\/\/nuestrosescritores.com\/luciagarciaramos\/2025\/12\/06\/poesia-terapeutica-y-escritura-sanadora-renacida-en-mi-calma-como-expresion-de-la-literatura-como-herramienta-de-sanacion-emocional\/#article","isPartOf":{"@id":"https:\/\/nuestrosescritores.com\/luciagarciaramos\/2025\/12\/06\/poesia-terapeutica-y-escritura-sanadora-renacida-en-mi-calma-como-expresion-de-la-literatura-como-herramienta-de-sanacion-emocional\/"},"author":{"name":"Javierpah","@id":"https:\/\/nuestrosescritores.com\/luciagarciaramos\/#\/schema\/person\/eeae205ced613630f5aac210989ea6eb"},"headline":"POES\u00cdA TERAP\u00c9UTICA Y ESCRITURA SANADORA: RENACIDA EN MI CALMA COMO EXPRESI\u00d3N DE LA LITERATURA COMO HERRAMIENTA DE SANACI\u00d3N EMOCIONAL","datePublished":"2025-12-06T17:26:31+00:00","mainEntityOfPage":{"@id":"https:\/\/nuestrosescritores.com\/luciagarciaramos\/2025\/12\/06\/poesia-terapeutica-y-escritura-sanadora-renacida-en-mi-calma-como-expresion-de-la-literatura-como-herramienta-de-sanacion-emocional\/"},"wordCount":8527,"image":{"@id":"https:\/\/nuestrosescritores.com\/luciagarciaramos\/2025\/12\/06\/poesia-terapeutica-y-escritura-sanadora-renacida-en-mi-calma-como-expresion-de-la-literatura-como-herramienta-de-sanacion-emocional\/#primaryimage"},"thumbnailUrl":"https:\/\/nuestrosescritores.com\/luciagarciaramos\/wp-content\/uploads\/sites\/134\/2025\/12\/book2.png","articleSection":["RENACIDA EN MI CALMA. ACADEMICOS."],"inLanguage":"es","copyrightYear":"2025","copyrightHolder":{"@id":"https:\/\/nuestrosescritores.com\/#organization"}},{"@type":"WebPage","@id":"https:\/\/nuestrosescritores.com\/luciagarciaramos\/2025\/12\/06\/poesia-terapeutica-y-escritura-sanadora-renacida-en-mi-calma-como-expresion-de-la-literatura-como-herramienta-de-sanacion-emocional\/","url":"https:\/\/nuestrosescritores.com\/luciagarciaramos\/2025\/12\/06\/poesia-terapeutica-y-escritura-sanadora-renacida-en-mi-calma-como-expresion-de-la-literatura-como-herramienta-de-sanacion-emocional\/","name":"POES\u00cdA TERAP\u00c9UTICA Y ESCRITURA SANADORA: RENACIDA EN MI CALMA COMO EXPRESI\u00d3N DE LA LITERATURA COMO HERRAMIENTA DE SANACI\u00d3N EMOCIONAL - Luc\u00eda Garc\u00eda Ramos","isPartOf":{"@id":"https:\/\/nuestrosescritores.com\/luciagarciaramos\/#website"},"primaryImageOfPage":{"@id":"https:\/\/nuestrosescritores.com\/luciagarciaramos\/2025\/12\/06\/poesia-terapeutica-y-escritura-sanadora-renacida-en-mi-calma-como-expresion-de-la-literatura-como-herramienta-de-sanacion-emocional\/#primaryimage"},"image":{"@id":"https:\/\/nuestrosescritores.com\/luciagarciaramos\/2025\/12\/06\/poesia-terapeutica-y-escritura-sanadora-renacida-en-mi-calma-como-expresion-de-la-literatura-como-herramienta-de-sanacion-emocional\/#primaryimage"},"thumbnailUrl":"https:\/\/nuestrosescritores.com\/luciagarciaramos\/wp-content\/uploads\/sites\/134\/2025\/12\/book2.png","datePublished":"2025-12-06T17:26:31+00:00","author":{"@id":"https:\/\/nuestrosescritores.com\/luciagarciaramos\/#\/schema\/person\/eeae205ced613630f5aac210989ea6eb"},"description":"Olivares Tom\u00e1s, Ana Mar\u00eda. \u00abPOES\u00cdA TERAP\u00c9UTICA Y ESCRITURA SANADORA: RENACIDA EN MI CALMA COMO EXPRESI\u00d3N DE LA LITERATURA COMO HERRAMIENTA DE SANACI\u00d3N EMOCIONAL\u00bb. Zenodo, 6 de diciembre de 2025. https:\/\/doi.org\/10.5281\/zenodo.17841840","breadcrumb":{"@id":"https:\/\/nuestrosescritores.com\/luciagarciaramos\/2025\/12\/06\/poesia-terapeutica-y-escritura-sanadora-renacida-en-mi-calma-como-expresion-de-la-literatura-como-herramienta-de-sanacion-emocional\/#breadcrumb"},"inLanguage":"es","potentialAction":[{"@type":"ReadAction","target":["https:\/\/nuestrosescritores.com\/luciagarciaramos\/2025\/12\/06\/poesia-terapeutica-y-escritura-sanadora-renacida-en-mi-calma-como-expresion-de-la-literatura-como-herramienta-de-sanacion-emocional\/"]}]},{"@type":"ImageObject","inLanguage":"es","@id":"https:\/\/nuestrosescritores.com\/luciagarciaramos\/2025\/12\/06\/poesia-terapeutica-y-escritura-sanadora-renacida-en-mi-calma-como-expresion-de-la-literatura-como-herramienta-de-sanacion-emocional\/#primaryimage","url":"https:\/\/nuestrosescritores.com\/luciagarciaramos\/wp-content\/uploads\/sites\/134\/2025\/12\/book2.png","contentUrl":"https:\/\/nuestrosescritores.com\/luciagarciaramos\/wp-content\/uploads\/sites\/134\/2025\/12\/book2.png","width":839,"height":794},{"@type":"BreadcrumbList","@id":"https:\/\/nuestrosescritores.com\/luciagarciaramos\/2025\/12\/06\/poesia-terapeutica-y-escritura-sanadora-renacida-en-mi-calma-como-expresion-de-la-literatura-como-herramienta-de-sanacion-emocional\/#breadcrumb","itemListElement":[{"@type":"ListItem","position":1,"name":"Portada","item":"https:\/\/nuestrosescritores.com\/luciagarciaramos\/"},{"@type":"ListItem","position":2,"name":"POES\u00cdA TERAP\u00c9UTICA Y ESCRITURA SANADORA: RENACIDA EN MI CALMA COMO EXPRESI\u00d3N DE LA LITERATURA COMO HERRAMIENTA DE SANACI\u00d3N EMOCIONAL"}]},{"@type":"WebSite","@id":"https:\/\/nuestrosescritores.com\/luciagarciaramos\/#website","url":"https:\/\/nuestrosescritores.com\/luciagarciaramos\/","name":"Nuestros escritores","description":"Escritora","potentialAction":[{"@type":"SearchAction","target":{"@type":"EntryPoint","urlTemplate":"https:\/\/nuestrosescritores.com\/luciagarciaramos\/?s={search_term_string}"},"query-input":{"@type":"PropertyValueSpecification","valueRequired":true,"valueName":"search_term_string"}}],"inLanguage":"es"},{"@type":"Person","@id":"https:\/\/nuestrosescritores.com\/luciagarciaramos\/#\/schema\/person\/eeae205ced613630f5aac210989ea6eb","name":"Javierpah","image":{"@type":"ImageObject","inLanguage":"es","@id":"https:\/\/secure.gravatar.com\/avatar\/1cb55a5bd8d6824519e46b552e84b03575857cc9c4d6333824d2f95d82129f50?s=96&d=mm&r=g","url":"https:\/\/secure.gravatar.com\/avatar\/1cb55a5bd8d6824519e46b552e84b03575857cc9c4d6333824d2f95d82129f50?s=96&d=mm&r=g","contentUrl":"https:\/\/secure.gravatar.com\/avatar\/1cb55a5bd8d6824519e46b552e84b03575857cc9c4d6333824d2f95d82129f50?s=96&d=mm&r=g","caption":"Javierpah"}}]}},"_links":{"self":[{"href":"https:\/\/nuestrosescritores.com\/luciagarciaramos\/wp-json\/wp\/v2\/posts\/131","targetHints":{"allow":["GET"]}}],"collection":[{"href":"https:\/\/nuestrosescritores.com\/luciagarciaramos\/wp-json\/wp\/v2\/posts"}],"about":[{"href":"https:\/\/nuestrosescritores.com\/luciagarciaramos\/wp-json\/wp\/v2\/types\/post"}],"author":[{"embeddable":true,"href":"https:\/\/nuestrosescritores.com\/luciagarciaramos\/wp-json\/wp\/v2\/users\/1"}],"replies":[{"embeddable":true,"href":"https:\/\/nuestrosescritores.com\/luciagarciaramos\/wp-json\/wp\/v2\/comments?post=131"}],"version-history":[{"count":0,"href":"https:\/\/nuestrosescritores.com\/luciagarciaramos\/wp-json\/wp\/v2\/posts\/131\/revisions"}],"wp:featuredmedia":[{"embeddable":true,"href":"https:\/\/nuestrosescritores.com\/luciagarciaramos\/wp-json\/wp\/v2\/media\/120"}],"wp:attachment":[{"href":"https:\/\/nuestrosescritores.com\/luciagarciaramos\/wp-json\/wp\/v2\/media?parent=131"}],"wp:term":[{"taxonomy":"category","embeddable":true,"href":"https:\/\/nuestrosescritores.com\/luciagarciaramos\/wp-json\/wp\/v2\/categories?post=131"},{"taxonomy":"post_tag","embeddable":true,"href":"https:\/\/nuestrosescritores.com\/luciagarciaramos\/wp-json\/wp\/v2\/tags?post=131"}],"curies":[{"name":"wp","href":"https:\/\/api.w.org\/{rel}","templated":true}]}}