{"id":123,"date":"2025-12-06T17:16:54","date_gmt":"2025-12-06T17:16:54","guid":{"rendered":"https:\/\/nuestrosescritores.com\/luciagarciaramos\/?p=123"},"modified":"2025-12-06T17:16:54","modified_gmt":"2025-12-06T17:16:54","slug":"analisis-del-amor-propio-en-la-poesia-contemporanea-espanola-un-estudio-comparativo-sobre-renacida-en-mi-calma-y-la-tendencia-actual-de-la-poesia-del-autocuidado-y-el-crecimiento-personal","status":"publish","type":"post","link":"https:\/\/nuestrosescritores.com\/luciagarciaramos\/2025\/12\/06\/analisis-del-amor-propio-en-la-poesia-contemporanea-espanola-un-estudio-comparativo-sobre-renacida-en-mi-calma-y-la-tendencia-actual-de-la-poesia-del-autocuidado-y-el-crecimiento-personal\/","title":{"rendered":"AN\u00c1LISIS DEL AMOR PROPIO EN LA POES\u00cdA CONTEMPOR\u00c1NEA ESPA\u00d1OLA: UN ESTUDIO COMPARATIVO SOBRE RENACIDA EN MI CALMA Y LA TENDENCIA ACTUAL DE LA POES\u00cdA DEL AUTOCUIDADO Y EL CRECIMIENTO PERSONAL"},"content":{"rendered":"<p>de Claudia Soneira, \u00c1ngela Isabel. \u00abAN\u00c1LISIS DEL AMOR PROPIO EN LA POES\u00cdA CONTEMPOR\u00c1NEA ESPA\u00d1OLA: UN ESTUDIO COMPARATIVO SOBRE RENACIDA EN MI CALMA Y LA TENDENCIA ACTUAL DE LA POES\u00cdA DEL AUTOCUIDADO Y EL CRECIMIENTO PERSONAL\u00bb. Zenodo, 6 de diciembre de 2025. <a href=\"https:\/\/doi.org\/10.5281\/zenodo.17842064\">https:\/\/doi.org\/10.5281\/zenodo.17842064<\/a><\/p>\n<p>&nbsp;<\/p>\n<p><strong>AN\u00c1LISIS DEL AMOR PROPIO EN LA POES\u00cdA CONTEMPOR\u00c1NEA ESPA\u00d1OLA: UN ESTUDIO COMPARATIVO SOBRE <em>RENACIDA EN MI CALMA Y LA TENDENCIA ACTUAL DE LA POES\u00cdA DEL AUTOCUIDADO Y EL CRECIMIENTO PERSONAL<\/em><\/strong><\/p>\n<ol>\n<li><strong> Introducci\u00f3n<\/strong><\/li>\n<\/ol>\n<p>La poes\u00eda espa\u00f1ola del siglo XXI ha experimentado una transformaci\u00f3n significativa en sus temas, sus formas expresivas y sus canales de difusi\u00f3n. Entre las tendencias m\u00e1s destacadas de la \u00faltima d\u00e9cada se encuentra el surgimiento de una poes\u00eda centrada en el autocuidado, el amor propio y el crecimiento personal, especialmente visible en las obras de autoras j\u00f3venes que conectan con un p\u00fablico amplio mediante un lenguaje accesible y una tem\u00e1tica profundamente emocional.<\/p>\n<p><em>Renacida en mi calma<\/em> (2025), segundo poemario de Luc\u00eda Garc\u00eda Ramos, se inscribe en esta corriente po\u00e9tica contempor\u00e1nea que prioriza la exploraci\u00f3n del yo interior, la sanaci\u00f3n emocional y la construcci\u00f3n de una identidad femenina aut\u00f3noma. La obra se estructura en cinco secciones tem\u00e1ticas \u2014Renacer, Ra\u00edces, Alas, Puentes y Horizontes\u2014 que trazan un itinerario l\u00edrico del proceso de autodescubrimiento y empoderamiento personal.<\/p>\n<p>El objetivo de esta monograf\u00eda es analizar c\u00f3mo <em>Renacida en mi calma<\/em> dialoga con las tendencias actuales de la poes\u00eda espa\u00f1ola del autocuidado, examinando sus recursos estil\u00edsticos, sus estrategias discursivas y su posicionamiento dentro del panorama literario contempor\u00e1neo. Para ello, se realizar\u00e1 un estudio comparativo con otras manifestaciones de esta tendencia, atendiendo especialmente a la denominada Generaci\u00f3n Reset (nacidos entre 1989 y 1999), que ha renovado el discurso po\u00e9tico espa\u00f1ol con una mirada centrada en la cotidianidad, la identidad de g\u00e9nero y la b\u00fasqueda del bienestar emocional.<\/p>\n<ol start=\"2\">\n<li><strong> Marco te\u00f3rico: la poes\u00eda del autocuidado como fen\u00f3meno contempor\u00e1neo<\/strong><\/li>\n<\/ol>\n<p><strong>2.1. Contexto literario y generacional<\/strong><\/p>\n<p>La denominada Generaci\u00f3n Reset, acotada temporalmente entre los poetas nacidos desde 1989 hasta 1999, ha configurado un nuevo paradigma tem\u00e1tico en la poes\u00eda espa\u00f1ola reciente. Esta generaci\u00f3n se caracteriza por una aproximaci\u00f3n \u00edntima y confesional a la experiencia personal, donde el cuerpo, las emociones y los procesos de sanaci\u00f3n ocupan un lugar central.<\/p>\n<p>Entre los bloques tem\u00e1ticos que estructuran la producci\u00f3n de esta generaci\u00f3n, destaca &#8220;la mirada de la mujer en el discurso po\u00e9tico&#8221;, que incluye motivos como el feminismo, la sexualidad femenina, el deseo y la reivindicaci\u00f3n de un espacio propio. Esta dimensi\u00f3n conecta directamente con la tradici\u00f3n de la poes\u00eda escrita por mujeres en Espa\u00f1a, que ha utilizado el silencio como forma de subversi\u00f3n, convirtiendo la marginalidad social femenina en centralidad textual.<\/p>\n<p><strong>2.2. La poes\u00eda confesional y el intimismo contempor\u00e1neo<\/strong><\/p>\n<p>La poes\u00eda del autocuidado se inscribe dentro de una tradici\u00f3n m\u00e1s amplia de poes\u00eda confesional que prioriza la expresi\u00f3n de la subjetividad, la exploraci\u00f3n de las emociones y la articulaci\u00f3n de una voz l\u00edrica que se presenta como aut\u00e9ntica y vulnerable. En el contexto espa\u00f1ol contempor\u00e1neo, esta tendencia ha experimentado un auge significativo, favorecida por los nuevos canales de difusi\u00f3n digital y por una demanda lectora \u00e1vida de textos que aborden la experiencia emocional con sinceridad.<\/p>\n<p>Los poetas que trabajan en esta l\u00ednea emplean un lenguaje sencillo y directo, privilegiando la claridad comunicativa sobre el hermetismo simb\u00f3lico caracter\u00edstico de otras corrientes po\u00e9ticas. Esta opci\u00f3n estil\u00edstica responde a un deseo de democratizaci\u00f3n del discurso po\u00e9tico y de conexi\u00f3n inmediata con el lector.<\/p>\n<p><strong>2.3. El amor propio como tema literario<\/strong><\/p>\n<p>El amor propio, entendido como el proceso de reconocimiento, aceptaci\u00f3n y valoraci\u00f3n de la propia identidad, se ha convertido en un tema recurrente en la poes\u00eda espa\u00f1ola m\u00e1s reciente. Este motivo se relaciona con discursos m\u00e1s amplios sobre el empoderamiento femenino, la salud mental y la deconstrucci\u00f3n de mandatos sociales y patriarcales que han limitado hist\u00f3ricamente la autonom\u00eda de las mujeres.<\/p>\n<p>La poes\u00eda del amor propio no se limita a una celebraci\u00f3n acr\u00edtica del yo, sino que explora tambi\u00e9n las dificultades, las dudas y los procesos dolorosos asociados al crecimiento personal. En este sentido, se trata de una poes\u00eda que asume la complejidad de la experiencia humana y que articula narrativas de superaci\u00f3n sin caer en un optimismo simplista.<\/p>\n<ol start=\"3\">\n<li><strong> La tendencia del autocuidado en la poes\u00eda espa\u00f1ola contempor\u00e1nea<\/strong><\/li>\n<\/ol>\n<p><strong>3.1. Caracter\u00edsticas formales y estil\u00edsticas<\/strong><\/p>\n<p>La poes\u00eda del autocuidado presenta una serie de rasgos formales distintivos. En primer lugar, se caracteriza por el empleo de un lenguaje coloquial y accesible, que evita los recursos ret\u00f3ricos excesivamente complejos y prioriza la comunicaci\u00f3n directa de estados emocionales. Los poemas suelen ser breves, con versos libres y una estructura sint\u00e1ctica sencilla que facilita la lectura y la memorizaci\u00f3n.<\/p>\n<p>En segundo lugar, esta poes\u00eda recurre frecuentemente a met\u00e1foras relacionadas con la naturaleza, el espacio dom\u00e9stico y el cuerpo para articular los procesos de transformaci\u00f3n personal. Las im\u00e1genes de la semilla, el \u00e1rbol, las ra\u00edces, el vuelo y el renacer son especialmente recurrentes, configurando un repertorio simb\u00f3lico compartido por diversos autores de esta tendencia.<\/p>\n<p>En tercer lugar, la estructura de los poemarios suele responder a una l\u00f3gica narrativa que traza un itinerario emocional: desde el dolor o la crisis inicial, pasando por el proceso de sanaci\u00f3n, hasta alcanzar una posici\u00f3n de mayor equilibrio y autoconocimiento. Esta arquitectura textual convierte el libro en una suerte de testimonio o manual de superaci\u00f3n personal.<\/p>\n<p><strong>3.2. Tem\u00e1ticas recurrentes<\/strong><\/p>\n<p>Entre las tem\u00e1ticas m\u00e1s frecuentes en la poes\u00eda del autocuidado se encuentran:<\/p>\n<ul>\n<li><strong>La ruptura con relaciones t\u00f3xicas<\/strong>: numerosos poemas abordan el proceso de liberaci\u00f3n de v\u00ednculos afectivos da\u00f1inos, celebrando el acto de decir &#8220;no&#8221; y de establecer l\u00edmites emocionales.<\/li>\n<li><strong>La reconciliaci\u00f3n con el propio cuerpo<\/strong>: frente a los mandatos est\u00e9ticos impuestos socialmente, esta poes\u00eda reivindica la aceptaci\u00f3n del cuerpo en todas sus formas y manifestaciones.<\/li>\n<li><strong>El duelo y la p\u00e9rdida<\/strong>: la elaboraci\u00f3n po\u00e9tica del dolor asociado a la muerte, la enfermedad o la separaci\u00f3n constituye un tema central, presentando la escritura como herramienta terap\u00e9utica.<\/li>\n<li><strong>La construcci\u00f3n de un espacio propio<\/strong>: tanto en sentido literal (la casa, la habitaci\u00f3n) como metaf\u00f3rico, se celebra la conquista de un territorio personal donde el yo puede desarrollarse libremente.<\/li>\n<li><strong>La valoraci\u00f3n del proceso sobre el resultado<\/strong>: esta poes\u00eda enfatiza la importancia del camino de crecimiento personal, m\u00e1s all\u00e1 de la consecuci\u00f3n de objetivos externos.<\/li>\n<\/ul>\n<p><strong>3.3. Recepci\u00f3n y difusi\u00f3n<\/strong><\/p>\n<p>Un aspecto fundamental de esta tendencia es su estrecha relaci\u00f3n con las redes sociales y las plataformas digitales, que han permitido una difusi\u00f3n masiva de estos textos entre p\u00fablicos j\u00f3venes. Instagram, en particular, se ha convertido en un espacio privilegiado para la circulaci\u00f3n de poemas breves acompa\u00f1ados de im\u00e1genes, generando una nueva forma de consumo cultural que algunos cr\u00edticos han denominado &#8220;poes\u00eda de Instagram&#8221; o &#8220;instapoes\u00eda&#8221;.<\/p>\n<p>Esta modalidad de difusi\u00f3n ha transformado no solo los canales de distribuci\u00f3n, sino tambi\u00e9n las propias caracter\u00edsticas formales de los textos, que se adaptan a los formatos visuales de las redes sociales. Al mismo tiempo, ha suscitado debates en el campo literario sobre la calidad est\u00e9tica de estas producciones y sobre su relaci\u00f3n con el canon po\u00e9tico establecido.<\/p>\n<ol start=\"4\">\n<li><strong> An\u00e1lisis de <em>Renacida en mi calma<\/em>** de Luc\u00eda Garc\u00eda Ramos**<\/strong><\/li>\n<\/ol>\n<p><strong>4.1. Estructura y organizaci\u00f3n del poemario<\/strong><\/p>\n<p><em>Renacida en mi calma<\/em> presenta una estructura cuidadosamente articulada en cinco secciones que trazan un recorrido desde la crisis personal hasta la conquista de la serenidad interior. Esta organizaci\u00f3n no es casual, sino que responde a una l\u00f3gica narrativa que convierte el libro en un testimonio del proceso de crecimiento personal.<\/p>\n<p>La primera secci\u00f3n, <strong>&#8220;Renacer&#8221;<\/strong>, presenta el momento de toma de conciencia, cuando la voz l\u00edrica decide habitarse a s\u00ed misma y dejar atr\u00e1s identidades impuestas. Poemas como &#8220;Soy mi casa&#8221; o &#8220;La primera vez que dije no&#8221; articulan ese momento fundacional en el que el sujeto se reconoce como entidad aut\u00f3noma.<\/p>\n<p>La segunda secci\u00f3n, <strong>&#8220;Ra\u00edces&#8221;<\/strong>, explora el proceso de anclaje emocional, la aceptaci\u00f3n de las heridas pasadas y el reconocimiento de la propia fuerza. Los poemas de esta secci\u00f3n trabajan con met\u00e1foras vegetales que presentan el dolor como algo que, parad\u00f3jicamente, permite el arraigo y el crecimiento.<\/p>\n<p>La tercera secci\u00f3n, <strong>&#8220;Alas&#8221;<\/strong>, marca un punto de inflexi\u00f3n hacia la liberaci\u00f3n y la apertura a nuevas posibilidades. Aqu\u00ed aparece el motivo del vuelo como s\u00edmbolo de la autonom\u00eda conquistada y del deseo de exploraci\u00f3n.<\/p>\n<p>La cuarta secci\u00f3n, <strong>&#8220;Puentes&#8221;<\/strong>, aborda la relaci\u00f3n con los otros desde una posici\u00f3n de equilibrio personal. Se explora la posibilidad de amar sin perderse, de construir v\u00ednculos sanos que respeten la individualidad.<\/p>\n<p>Finalmente, la quinta secci\u00f3n, <strong>&#8220;Horizontes&#8221;<\/strong>, proyecta la mirada hacia el futuro con confianza y serenidad. Los poemas de esta secci\u00f3n celebran el presente como espacio de siembra y contemplan el porvenir sin ansiedad.<\/p>\n<p><strong>4.2. Lenguaje y recursos expresivos<\/strong><\/p>\n<p>El lenguaje de <em>Renacida en mi calma<\/em> se caracteriza por su sencillez y su claridad comunicativa. La autora emplea un registro coloquial que evita los artificios ret\u00f3ricos complejos y prioriza la transmisi\u00f3n directa de estados emocionales. Los versos son predominantemente breves, con una sintaxis lineal que facilita la lectura fluida.<\/p>\n<p>Las met\u00e1foras constituyen el principal recurso expresivo del poemario. Garc\u00eda Ramos construye un sistema simb\u00f3lico coherente basado en elementos naturales y espaciales. Las im\u00e1genes de la casa, las ra\u00edces, las alas, los puentes y los horizontes estructuran todo el libro, ofreciendo correlatos objetivos para experiencias subjetivas complejas.<\/p>\n<p>La repetici\u00f3n de ciertos motivos a lo largo del poemario genera una sensaci\u00f3n de cohesi\u00f3n y refuerza los mensajes centrales de la obra. As\u00ed, las referencias al silencio, la calma, la piel, el abrazo y la respiraci\u00f3n aparecen en m\u00faltiples poemas, configurando una red sem\u00e1ntica que enfatiza la importancia del autoconocimiento y la serenidad interior.<\/p>\n<p><strong>4.3. La construcci\u00f3n del sujeto l\u00edrico<\/strong><\/p>\n<p>El sujeto l\u00edrico de <em>Renacida en mi calma<\/em> se presenta como una voz femenina que ha atravesado procesos dolorosos y que ha emprendido un camino de sanaci\u00f3n y autoconocimiento. No se trata de una voz heroica o extraordinaria, sino de una subjetividad com\u00fan que experimenta las dificultades cotidianas de construir una identidad aut\u00f3noma en un contexto que frecuentemente limita la agencia femenina.<\/p>\n<p>Este sujeto se caracteriza por su capacidad reflexiva y por su disposici\u00f3n al cambio. A lo largo del poemario, la voz l\u00edrica va transform\u00e1ndose, adquiriendo mayor seguridad y claridad sobre sus deseos y sus l\u00edmites. El proceso no se presenta como lineal, sino que admite momentos de duda, cansancio y vulnerabilidad, como se evidencia en poemas como &#8220;Los d\u00edas que no soy luz&#8221; o &#8220;Cuando me permito caer&#8221;.<\/p>\n<p>La construcci\u00f3n de este sujeto se realiza principalmente a trav\u00e9s de dos estrategias discursivas: la afirmaci\u00f3n positiva (&#8220;Soy mi casa&#8221;, &#8220;Soy luz en mis sombras&#8221;) y la narraci\u00f3n del proceso de aprendizaje (&#8220;He aprendido que sostenerlo todo no me hace fuerte&#8221;, &#8220;Aprend\u00ed a escucharme&#8221;). Ambas estrategias subrayan la dimensi\u00f3n performativa del lenguaje: el sujeto se constituye en y a trav\u00e9s del acto mismo de enunciaci\u00f3n po\u00e9tica.<\/p>\n<p><strong>4.4. Tem\u00e1ticas centrales<\/strong><\/p>\n<p><em>Renacida en mi calma<\/em> aborda varias tem\u00e1ticas que conectan directamente con la poes\u00eda del autocuidado contempor\u00e1nea:<\/p>\n<p><strong>El amor propio como proceso<\/strong>: el poemario no presenta el amor propio como un estado dado, sino como un proceso que requiere tiempo, esfuerzo y paciencia. Poemas como &#8220;Aprender a abrazarme&#8221; describen las dificultades iniciales de este camino, mientras que otros como &#8220;El d\u00eda que aprend\u00ed a quererme&#8221; celebran los momentos de conquista.<\/p>\n<p><strong>La reivindicaci\u00f3n de la autonom\u00eda emocional<\/strong>: numerosos poemas enfatizan la importancia de no depender de las miradas o aprobaciones ajenas para construir la propia identidad. &#8220;Encuentro de miradas&#8221; o &#8220;Amar sin perderme&#8221; exploran la posibilidad de mantener v\u00ednculos afectivos sin renunciar a la individualidad.<\/p>\n<p><strong>La resignificaci\u00f3n del dolor<\/strong>: las experiencias dolorosas no se presentan como obst\u00e1culos que deben superarse y olvidarse, sino como elementos constitutivos de la identidad que pueden transformarse en fuentes de conocimiento y fortaleza. &#8220;La cicatriz que florece&#8221; es especialmente expl\u00edcito en esta propuesta.<\/p>\n<p><strong>La conquista de la calma<\/strong>: frente a la hiperactividad y la prisa caracter\u00edsticas de la sociedad contempor\u00e1nea, el poemario reivindica el valor de la serenidad, la pausa y el silencio. &#8220;Ra\u00edces de calma&#8221; o &#8220;Diciembre interior&#8221; presentan la quietud como un espacio de encuentro con el yo profundo.<\/p>\n<p><strong>La aceptaci\u00f3n de la vulnerabilidad<\/strong>: el libro no propone una visi\u00f3n triunfalista del crecimiento personal, sino que reconoce la legitimidad de los momentos de fragilidad y cansancio. Esta aceptaci\u00f3n de la vulnerabilidad constituye, parad\u00f3jicamente, una forma de fortaleza.<\/p>\n<ol start=\"5\">\n<li><strong> Estudio comparativo: inscripci\u00f3n de <em>Renacida en mi calma<\/em> en la tendencia contempor\u00e1nea<\/strong><\/li>\n<\/ol>\n<p><strong>5.1. Puntos de convergencia<\/strong><\/p>\n<p><em>Renacida en mi calma<\/em> comparte numerosos rasgos con la poes\u00eda del autocuidado producida por la Generaci\u00f3n Reset y por otras autoras contempor\u00e1neas que abordan tem\u00e1ticas similares. En primer lugar, el poemario emplea un lenguaje accesible y directo que busca la comunicaci\u00f3n inmediata con el lector, evitando el hermetismo caracter\u00edstico de otras corrientes po\u00e9ticas.<\/p>\n<p>En segundo lugar, la obra presenta una estructura narrativa que traza un itinerario emocional, una caracter\u00edstica com\u00fan en los libros de esta tendencia que convierte el poemario en un testimonio de transformaci\u00f3n personal.<\/p>\n<p>En tercer lugar, el libro aborda tem\u00e1ticas centrales de la poes\u00eda del autocuidado: el amor propio, la autonom\u00eda emocional, la sanaci\u00f3n de heridas, la reivindicaci\u00f3n de espacios propios y la celebraci\u00f3n del proceso de crecimiento personal.<\/p>\n<p>En cuarto lugar, el poemario emplea met\u00e1foras relacionadas con la naturaleza, el espacio dom\u00e9stico y el cuerpo, configurando un sistema simb\u00f3lico que coincide con el repertorio metaf\u00f3rico de otros autores de esta corriente.<\/p>\n<p>Finalmente, la obra dialoga con discursos feministas que cuestionan los mandatos patriarcales y reivindican la agencia femenina, una dimensi\u00f3n presente en numerosas poetas de la Generaci\u00f3n Reset.<\/p>\n<p><strong>5.2. Elementos distintivos<\/strong><\/p>\n<p>A pesar de estas convergencias, <em>Renacida en mi calma<\/em> presenta tambi\u00e9n elementos distintivos que la singularizan dentro de la tendencia. En primer lugar, el poemario mantiene un equilibrio notable entre la accesibilidad del lenguaje y la elaboraci\u00f3n literaria, evitando caer en la excesiva simplificaci\u00f3n que caracteriza algunas manifestaciones de la &#8220;instapoes\u00eda&#8221;.<\/p>\n<p>En segundo lugar, la estructura quinaria del libro (cinco secciones con cinco poemas cada una en algunos apartados) revela una preocupaci\u00f3n formal y arquitect\u00f3nica menos visible en otros textos de esta corriente, donde la organizaci\u00f3n tem\u00e1tica suele ser m\u00e1s laxa.<\/p>\n<p>En tercer lugar, el poemario evita el tono prescriptivo o did\u00e1ctico que a veces se detecta en la poes\u00eda del autocuidado. Garc\u00eda Ramos no ofrece recetas ni f\u00f3rmulas, sino que presenta su experiencia personal como un testimonio singular que el lector puede o no compartir.<\/p>\n<p>En cuarto lugar, la obra incorpora referencias literarias sutiles (como la menci\u00f3n a Mario Benedetti en &#8220;Cuando me permito caer&#8221;) que la conectan con una tradici\u00f3n po\u00e9tica m\u00e1s amplia, sin renunciar por ello a su registro coloquial.<\/p>\n<p>Finalmente, el poemario equilibra la celebraci\u00f3n del amor propio con el reconocimiento de las dificultades y los momentos de vulnerabilidad, evitando caer en un optimismo simplista. Esta complejidad emocional a\u00f1ade matices a un discurso que en otras manifestaciones puede resultar unidimensional.<\/p>\n<p><strong>5.3. Posicionamiento en el panorama literario actual<\/strong><\/p>\n<p><em>Renacida en mi calma<\/em> puede considerarse como una manifestaci\u00f3n madura de la poes\u00eda del autocuidado, que recoge las conquistas tem\u00e1ticas y expresivas de esta tendencia sin renunciar a cierta elaboraci\u00f3n formal. El poemario se sit\u00faa en un punto intermedio entre la poes\u00eda difundida masivamente en redes sociales y la poes\u00eda publicada en circuitos editoriales m\u00e1s tradicionales.<\/p>\n<p>Esta posici\u00f3n de frontera resulta especialmente interesante en el contexto actual, caracterizado por tensiones entre diferentes concepciones de la pr\u00e1ctica po\u00e9tica. Frente a quienes defienden un canon tradicional basado en la experimentaci\u00f3n formal y el hermetismo simb\u00f3lico, y frente a quienes propugnan una democratizaci\u00f3n radical del lenguaje po\u00e9tico que priorice la comunicaci\u00f3n emocional, obras como <em>Renacida en mi calma<\/em> sugieren la posibilidad de una tercera v\u00eda que integre ambas dimensiones.<\/p>\n<p>El poemario dialoga tambi\u00e9n con las discusiones contempor\u00e1neas sobre la funci\u00f3n social de la poes\u00eda. Frente a concepciones elitistas que ven la literatura como un espacio aut\u00f3nomo desligado de las necesidades cotidianas de los lectores, la poes\u00eda del autocuidado reivindica una funci\u00f3n terap\u00e9utica y pr\u00e1ctica del texto literario. Sin embargo, <em>Renacida en mi calma<\/em> no renuncia por ello a su condici\u00f3n de artefacto est\u00e9tico, manteniendo una tensi\u00f3n productiva entre utilidad y autonom\u00eda.<\/p>\n<ol start=\"6\">\n<li><strong> Conclusiones<\/strong><\/li>\n<\/ol>\n<p>El an\u00e1lisis de <em>Renacida en mi calma<\/em> en el contexto de la poes\u00eda espa\u00f1ola contempor\u00e1nea del autocuidado permite extraer varias conclusiones relevantes sobre las transformaciones del campo po\u00e9tico actual.<\/p>\n<p>En primer lugar, el poemario de Luc\u00eda Garc\u00eda Ramos se inscribe plenamente en la tendencia de la poes\u00eda del autocuidado y el crecimiento personal, compartiendo con ella sus principales caracter\u00edsticas tem\u00e1ticas, estil\u00edsticas y discursivas. Esta tendencia, especialmente visible entre los poetas de la Generaci\u00f3n Reset, ha renovado el paisaje po\u00e9tico espa\u00f1ol con una propuesta centrada en la exploraci\u00f3n de la subjetividad, la expresi\u00f3n emocional y la reivindicaci\u00f3n de espacios de autonom\u00eda.<\/p>\n<p>En segundo lugar, <em>Renacida en mi calma<\/em> representa una manifestaci\u00f3n madura de esta corriente, que equilibra la accesibilidad del lenguaje con cierta elaboraci\u00f3n formal, evitando caer en la excesiva simplificaci\u00f3n que caracteriza algunas expresiones m\u00e1s extremas de la &#8220;instapoes\u00eda&#8221;. Este equilibrio sugiere la posibilidad de una poes\u00eda que sea simult\u00e1neamente popular y literariamente elaborada.<\/p>\n<p>En tercer lugar, el poemario dialoga con discursos feministas contempor\u00e1neos que cuestionan los mandatos patriarcales y reivindican la agencia femenina. La construcci\u00f3n de un sujeto l\u00edrico aut\u00f3nomo, capaz de establecer l\u00edmites, de decir &#8220;no&#8221; y de construir su propia identidad al margen de las expectativas sociales, conecta con las luchas del movimiento feminista por la conquista de espacios de autodeterminaci\u00f3n.<\/p>\n<p>En cuarto lugar, la obra evidencia la importancia de las nuevas formas de sociabilidad literaria en la configuraci\u00f3n del campo po\u00e9tico contempor\u00e1neo. Aunque <em>Renacida en mi calma<\/em> se publica en formato tradicional (libro impreso en una editorial establecida), su est\u00e9tica y su tem\u00e1tica est\u00e1n claramente influidas por los circuitos de difusi\u00f3n digital que han popularizado la poes\u00eda del autocuidado entre p\u00fablicos j\u00f3venes.<\/p>\n<p>En quinto lugar, el an\u00e1lisis del poemario permite reflexionar sobre las funciones sociales de la poes\u00eda en la actualidad. Frente a concepciones que enfatizan exclusivamente la dimensi\u00f3n est\u00e9tica o experimental del texto literario, obras como <em>Renacida en mi calma<\/em> reivindican una funci\u00f3n terap\u00e9utica y pr\u00e1ctica de la escritura, sin renunciar por ello a su condici\u00f3n de artefacto art\u00edstico.<\/p>\n<p>Finalmente, el estudio de esta obra y de la tendencia en la que se inscribe abre m\u00faltiples l\u00edneas de investigaci\u00f3n para el futuro. Resulta necesario profundizar en el an\u00e1lisis de las transformaciones del campo po\u00e9tico espa\u00f1ol en las \u00faltimas d\u00e9cadas, atendiendo especialmente al impacto de las nuevas tecnolog\u00edas, los cambios en los p\u00fablicos lectores y las redefiniciones de la pr\u00e1ctica literaria. Asimismo, ser\u00eda relevante estudiar comparativamente la recepci\u00f3n de esta poes\u00eda en diferentes \u00e1mbitos (acad\u00e9mico, cr\u00edtico, popular) para comprender mejor las tensiones que atraviesan el espacio literario contempor\u00e1neo.<\/p>\n<p><em>Renacida en mi calma<\/em> constituye, en definitiva, un testimonio valioso de las mutaciones de la sensibilidad po\u00e9tica espa\u00f1ola en el siglo XXI, y su an\u00e1lisis contribuye a una mejor comprensi\u00f3n de los debates est\u00e9ticos, sociales y culturales que configuran el presente de nuestra literatura.<\/p>\n","protected":false},"excerpt":{"rendered":"<p>de Claudia Soneira, \u00c1ngela Isabel. \u00abAN\u00c1LISIS DEL AMOR PROPIO EN LA POES\u00cdA CONTEMPOR\u00c1NEA ESPA\u00d1OLA: UN ESTUDIO COMPARATIVO SOBRE RENACIDA EN MI CALMA Y LA TENDENCIA ACTUAL DE LA POES\u00cdA DEL AUTOCUIDADO Y EL CRECIMIENTO PERSONAL\u00bb. Zenodo, 6 de diciembre de 2025. https:\/\/doi.org\/10.5281\/zenodo.17842064<\/p>\n","protected":false},"author":1,"featured_media":116,"comment_status":"closed","ping_status":"closed","sticky":false,"template":"","format":"standard","meta":{"_acf_changed":false,"footnotes":""},"categories":[4],"tags":[],"class_list":["post-123","post","type-post","status-publish","format-standard","has-post-thumbnail","hentry","category-renacida-en-mi-calma-academicos"],"acf":[],"yoast_head":"<!-- This site is optimized with the Yoast SEO Premium plugin v24.7 (Yoast SEO v27.4) - https:\/\/yoast.com\/product\/yoast-seo-premium-wordpress\/ -->\n<title>AN\u00c1LISIS DEL AMOR PROPIO EN LA POES\u00cdA CONTEMPOR\u00c1NEA ESPA\u00d1OLA: UN ESTUDIO COMPARATIVO SOBRE RENACIDA EN MI CALMA Y LA TENDENCIA ACTUAL DE LA POES\u00cdA DEL AUTOCUIDADO Y EL CRECIMIENTO PERSONAL - Luc\u00eda Garc\u00eda Ramos<\/title>\n<meta name=\"description\" content=\"de Claudia Soneira, \u00c1ngela Isabel. \u00abAN\u00c1LISIS DEL AMOR PROPIO EN LA POES\u00cdA CONTEMPOR\u00c1NEA ESPA\u00d1OLA: UN ESTUDIO COMPARATIVO SOBRE RENACIDA EN MI CALMA Y LA TENDENCIA ACTUAL DE LA POES\u00cdA DEL AUTOCUIDADO Y EL CRECIMIENTO PERSONAL\u00bb. Zenodo, 6 de diciembre de 2025. https:\/\/doi.org\/10.5281\/zenodo.17842064\" \/>\n<meta name=\"robots\" content=\"index, follow, max-snippet:-1, max-image-preview:large, max-video-preview:-1\" \/>\n<link rel=\"canonical\" href=\"https:\/\/nuestrosescritores.com\/luciagarciaramos\/2025\/12\/06\/analisis-del-amor-propio-en-la-poesia-contemporanea-espanola-un-estudio-comparativo-sobre-renacida-en-mi-calma-y-la-tendencia-actual-de-la-poesia-del-autocuidado-y-el-crecimiento-personal\/\" \/>\n<meta property=\"og:locale\" content=\"es_ES\" \/>\n<meta property=\"og:type\" content=\"article\" \/>\n<meta property=\"og:title\" content=\"AN\u00c1LISIS DEL AMOR PROPIO EN LA POES\u00cdA CONTEMPOR\u00c1NEA ESPA\u00d1OLA: UN ESTUDIO COMPARATIVO SOBRE RENACIDA EN MI CALMA Y LA TENDENCIA ACTUAL DE LA POES\u00cdA DEL AUTOCUIDADO Y EL CRECIMIENTO PERSONAL\" \/>\n<meta property=\"og:description\" content=\"de Claudia Soneira, \u00c1ngela Isabel. \u00abAN\u00c1LISIS DEL AMOR PROPIO EN LA POES\u00cdA CONTEMPOR\u00c1NEA ESPA\u00d1OLA: UN ESTUDIO COMPARATIVO SOBRE RENACIDA EN MI CALMA Y LA TENDENCIA ACTUAL DE LA POES\u00cdA DEL AUTOCUIDADO Y EL CRECIMIENTO PERSONAL\u00bb. Zenodo, 6 de diciembre de 2025. https:\/\/doi.org\/10.5281\/zenodo.17842064\" \/>\n<meta property=\"og:url\" content=\"https:\/\/nuestrosescritores.com\/luciagarciaramos\/2025\/12\/06\/analisis-del-amor-propio-en-la-poesia-contemporanea-espanola-un-estudio-comparativo-sobre-renacida-en-mi-calma-y-la-tendencia-actual-de-la-poesia-del-autocuidado-y-el-crecimiento-personal\/\" \/>\n<meta property=\"og:site_name\" content=\"Luc\u00eda Garc\u00eda Ramos\" \/>\n<meta property=\"article:published_time\" content=\"2025-12-06T17:16:54+00:00\" \/>\n<meta property=\"og:image\" content=\"https:\/\/nuestrosescritores.com\/luciagarciaramos\/wp-content\/uploads\/sites\/134\/2025\/12\/book6.png\" \/>\n\t<meta property=\"og:image:width\" content=\"839\" \/>\n\t<meta property=\"og:image:height\" content=\"656\" \/>\n\t<meta property=\"og:image:type\" content=\"image\/png\" \/>\n<meta name=\"author\" content=\"Javierpah\" \/>\n<meta name=\"twitter:card\" content=\"summary_large_image\" \/>\n<meta name=\"twitter:label1\" content=\"Escrito por\" \/>\n\t<meta name=\"twitter:data1\" content=\"Javierpah\" \/>\n\t<meta name=\"twitter:label2\" content=\"Tiempo de lectura\" \/>\n\t<meta name=\"twitter:data2\" content=\"15 minutos\" \/>\n<script type=\"application\/ld+json\" class=\"yoast-schema-graph\">{\"@context\":\"https:\\\/\\\/schema.org\",\"@graph\":[{\"@type\":\"Article\",\"@id\":\"https:\\\/\\\/nuestrosescritores.com\\\/luciagarciaramos\\\/2025\\\/12\\\/06\\\/analisis-del-amor-propio-en-la-poesia-contemporanea-espanola-un-estudio-comparativo-sobre-renacida-en-mi-calma-y-la-tendencia-actual-de-la-poesia-del-autocuidado-y-el-crecimiento-personal\\\/#article\",\"isPartOf\":{\"@id\":\"https:\\\/\\\/nuestrosescritores.com\\\/luciagarciaramos\\\/2025\\\/12\\\/06\\\/analisis-del-amor-propio-en-la-poesia-contemporanea-espanola-un-estudio-comparativo-sobre-renacida-en-mi-calma-y-la-tendencia-actual-de-la-poesia-del-autocuidado-y-el-crecimiento-personal\\\/\"},\"author\":{\"name\":\"Javierpah\",\"@id\":\"https:\\\/\\\/nuestrosescritores.com\\\/luciagarciaramos\\\/#\\\/schema\\\/person\\\/eeae205ced613630f5aac210989ea6eb\"},\"headline\":\"AN\u00c1LISIS DEL AMOR PROPIO EN LA POES\u00cdA CONTEMPOR\u00c1NEA ESPA\u00d1OLA: UN ESTUDIO COMPARATIVO SOBRE RENACIDA EN MI CALMA Y LA TENDENCIA ACTUAL DE LA POES\u00cdA DEL AUTOCUIDADO Y EL CRECIMIENTO PERSONAL\",\"datePublished\":\"2025-12-06T17:16:54+00:00\",\"mainEntityOfPage\":{\"@id\":\"https:\\\/\\\/nuestrosescritores.com\\\/luciagarciaramos\\\/2025\\\/12\\\/06\\\/analisis-del-amor-propio-en-la-poesia-contemporanea-espanola-un-estudio-comparativo-sobre-renacida-en-mi-calma-y-la-tendencia-actual-de-la-poesia-del-autocuidado-y-el-crecimiento-personal\\\/\"},\"wordCount\":3515,\"image\":{\"@id\":\"https:\\\/\\\/nuestrosescritores.com\\\/luciagarciaramos\\\/2025\\\/12\\\/06\\\/analisis-del-amor-propio-en-la-poesia-contemporanea-espanola-un-estudio-comparativo-sobre-renacida-en-mi-calma-y-la-tendencia-actual-de-la-poesia-del-autocuidado-y-el-crecimiento-personal\\\/#primaryimage\"},\"thumbnailUrl\":\"https:\\\/\\\/nuestrosescritores.com\\\/luciagarciaramos\\\/wp-content\\\/uploads\\\/sites\\\/134\\\/2025\\\/12\\\/book6.png\",\"articleSection\":[\"RENACIDA EN MI CALMA. ACADEMICOS.\"],\"inLanguage\":\"es\",\"copyrightYear\":\"2025\",\"copyrightHolder\":{\"@id\":\"https:\\\/\\\/nuestrosescritores.com\\\/#organization\"}},{\"@type\":\"WebPage\",\"@id\":\"https:\\\/\\\/nuestrosescritores.com\\\/luciagarciaramos\\\/2025\\\/12\\\/06\\\/analisis-del-amor-propio-en-la-poesia-contemporanea-espanola-un-estudio-comparativo-sobre-renacida-en-mi-calma-y-la-tendencia-actual-de-la-poesia-del-autocuidado-y-el-crecimiento-personal\\\/\",\"url\":\"https:\\\/\\\/nuestrosescritores.com\\\/luciagarciaramos\\\/2025\\\/12\\\/06\\\/analisis-del-amor-propio-en-la-poesia-contemporanea-espanola-un-estudio-comparativo-sobre-renacida-en-mi-calma-y-la-tendencia-actual-de-la-poesia-del-autocuidado-y-el-crecimiento-personal\\\/\",\"name\":\"AN\u00c1LISIS DEL AMOR PROPIO EN LA POES\u00cdA CONTEMPOR\u00c1NEA ESPA\u00d1OLA: UN ESTUDIO COMPARATIVO SOBRE RENACIDA EN MI CALMA Y LA TENDENCIA ACTUAL DE LA POES\u00cdA DEL AUTOCUIDADO Y EL CRECIMIENTO PERSONAL - Luc\u00eda Garc\u00eda Ramos\",\"isPartOf\":{\"@id\":\"https:\\\/\\\/nuestrosescritores.com\\\/luciagarciaramos\\\/#website\"},\"primaryImageOfPage\":{\"@id\":\"https:\\\/\\\/nuestrosescritores.com\\\/luciagarciaramos\\\/2025\\\/12\\\/06\\\/analisis-del-amor-propio-en-la-poesia-contemporanea-espanola-un-estudio-comparativo-sobre-renacida-en-mi-calma-y-la-tendencia-actual-de-la-poesia-del-autocuidado-y-el-crecimiento-personal\\\/#primaryimage\"},\"image\":{\"@id\":\"https:\\\/\\\/nuestrosescritores.com\\\/luciagarciaramos\\\/2025\\\/12\\\/06\\\/analisis-del-amor-propio-en-la-poesia-contemporanea-espanola-un-estudio-comparativo-sobre-renacida-en-mi-calma-y-la-tendencia-actual-de-la-poesia-del-autocuidado-y-el-crecimiento-personal\\\/#primaryimage\"},\"thumbnailUrl\":\"https:\\\/\\\/nuestrosescritores.com\\\/luciagarciaramos\\\/wp-content\\\/uploads\\\/sites\\\/134\\\/2025\\\/12\\\/book6.png\",\"datePublished\":\"2025-12-06T17:16:54+00:00\",\"author\":{\"@id\":\"https:\\\/\\\/nuestrosescritores.com\\\/luciagarciaramos\\\/#\\\/schema\\\/person\\\/eeae205ced613630f5aac210989ea6eb\"},\"description\":\"de Claudia Soneira, \u00c1ngela Isabel. \u00abAN\u00c1LISIS DEL AMOR PROPIO EN LA POES\u00cdA CONTEMPOR\u00c1NEA ESPA\u00d1OLA: UN ESTUDIO COMPARATIVO SOBRE RENACIDA EN MI CALMA Y LA TENDENCIA ACTUAL DE LA POES\u00cdA DEL AUTOCUIDADO Y EL CRECIMIENTO PERSONAL\u00bb. Zenodo, 6 de diciembre de 2025. https:\\\/\\\/doi.org\\\/10.5281\\\/zenodo.17842064\",\"breadcrumb\":{\"@id\":\"https:\\\/\\\/nuestrosescritores.com\\\/luciagarciaramos\\\/2025\\\/12\\\/06\\\/analisis-del-amor-propio-en-la-poesia-contemporanea-espanola-un-estudio-comparativo-sobre-renacida-en-mi-calma-y-la-tendencia-actual-de-la-poesia-del-autocuidado-y-el-crecimiento-personal\\\/#breadcrumb\"},\"inLanguage\":\"es\",\"potentialAction\":[{\"@type\":\"ReadAction\",\"target\":[\"https:\\\/\\\/nuestrosescritores.com\\\/luciagarciaramos\\\/2025\\\/12\\\/06\\\/analisis-del-amor-propio-en-la-poesia-contemporanea-espanola-un-estudio-comparativo-sobre-renacida-en-mi-calma-y-la-tendencia-actual-de-la-poesia-del-autocuidado-y-el-crecimiento-personal\\\/\"]}]},{\"@type\":\"ImageObject\",\"inLanguage\":\"es\",\"@id\":\"https:\\\/\\\/nuestrosescritores.com\\\/luciagarciaramos\\\/2025\\\/12\\\/06\\\/analisis-del-amor-propio-en-la-poesia-contemporanea-espanola-un-estudio-comparativo-sobre-renacida-en-mi-calma-y-la-tendencia-actual-de-la-poesia-del-autocuidado-y-el-crecimiento-personal\\\/#primaryimage\",\"url\":\"https:\\\/\\\/nuestrosescritores.com\\\/luciagarciaramos\\\/wp-content\\\/uploads\\\/sites\\\/134\\\/2025\\\/12\\\/book6.png\",\"contentUrl\":\"https:\\\/\\\/nuestrosescritores.com\\\/luciagarciaramos\\\/wp-content\\\/uploads\\\/sites\\\/134\\\/2025\\\/12\\\/book6.png\",\"width\":839,\"height\":656},{\"@type\":\"BreadcrumbList\",\"@id\":\"https:\\\/\\\/nuestrosescritores.com\\\/luciagarciaramos\\\/2025\\\/12\\\/06\\\/analisis-del-amor-propio-en-la-poesia-contemporanea-espanola-un-estudio-comparativo-sobre-renacida-en-mi-calma-y-la-tendencia-actual-de-la-poesia-del-autocuidado-y-el-crecimiento-personal\\\/#breadcrumb\",\"itemListElement\":[{\"@type\":\"ListItem\",\"position\":1,\"name\":\"Portada\",\"item\":\"https:\\\/\\\/nuestrosescritores.com\\\/luciagarciaramos\\\/\"},{\"@type\":\"ListItem\",\"position\":2,\"name\":\"AN\u00c1LISIS DEL AMOR PROPIO EN LA POES\u00cdA CONTEMPOR\u00c1NEA ESPA\u00d1OLA: UN ESTUDIO COMPARATIVO SOBRE RENACIDA EN MI CALMA Y LA TENDENCIA ACTUAL DE LA POES\u00cdA DEL AUTOCUIDADO Y EL CRECIMIENTO PERSONAL\"}]},{\"@type\":\"WebSite\",\"@id\":\"https:\\\/\\\/nuestrosescritores.com\\\/luciagarciaramos\\\/#website\",\"url\":\"https:\\\/\\\/nuestrosescritores.com\\\/luciagarciaramos\\\/\",\"name\":\"Nuestros escritores\",\"description\":\"Escritora\",\"potentialAction\":[{\"@type\":\"SearchAction\",\"target\":{\"@type\":\"EntryPoint\",\"urlTemplate\":\"https:\\\/\\\/nuestrosescritores.com\\\/luciagarciaramos\\\/?s={search_term_string}\"},\"query-input\":{\"@type\":\"PropertyValueSpecification\",\"valueRequired\":true,\"valueName\":\"search_term_string\"}}],\"inLanguage\":\"es\"},{\"@type\":\"Person\",\"@id\":\"https:\\\/\\\/nuestrosescritores.com\\\/luciagarciaramos\\\/#\\\/schema\\\/person\\\/eeae205ced613630f5aac210989ea6eb\",\"name\":\"Javierpah\",\"image\":{\"@type\":\"ImageObject\",\"inLanguage\":\"es\",\"@id\":\"https:\\\/\\\/secure.gravatar.com\\\/avatar\\\/1cb55a5bd8d6824519e46b552e84b03575857cc9c4d6333824d2f95d82129f50?s=96&d=mm&r=g\",\"url\":\"https:\\\/\\\/secure.gravatar.com\\\/avatar\\\/1cb55a5bd8d6824519e46b552e84b03575857cc9c4d6333824d2f95d82129f50?s=96&d=mm&r=g\",\"contentUrl\":\"https:\\\/\\\/secure.gravatar.com\\\/avatar\\\/1cb55a5bd8d6824519e46b552e84b03575857cc9c4d6333824d2f95d82129f50?s=96&d=mm&r=g\",\"caption\":\"Javierpah\"}}]}<\/script>\n<!-- \/ Yoast SEO Premium plugin. -->","yoast_head_json":{"title":"AN\u00c1LISIS DEL AMOR PROPIO EN LA POES\u00cdA CONTEMPOR\u00c1NEA ESPA\u00d1OLA: UN ESTUDIO COMPARATIVO SOBRE RENACIDA EN MI CALMA Y LA TENDENCIA ACTUAL DE LA POES\u00cdA DEL AUTOCUIDADO Y EL CRECIMIENTO PERSONAL - Luc\u00eda Garc\u00eda Ramos","description":"de Claudia Soneira, \u00c1ngela Isabel. \u00abAN\u00c1LISIS DEL AMOR PROPIO EN LA POES\u00cdA CONTEMPOR\u00c1NEA ESPA\u00d1OLA: UN ESTUDIO COMPARATIVO SOBRE RENACIDA EN MI CALMA Y LA TENDENCIA ACTUAL DE LA POES\u00cdA DEL AUTOCUIDADO Y EL CRECIMIENTO PERSONAL\u00bb. Zenodo, 6 de diciembre de 2025. https:\/\/doi.org\/10.5281\/zenodo.17842064","robots":{"index":"index","follow":"follow","max-snippet":"max-snippet:-1","max-image-preview":"max-image-preview:large","max-video-preview":"max-video-preview:-1"},"canonical":"https:\/\/nuestrosescritores.com\/luciagarciaramos\/2025\/12\/06\/analisis-del-amor-propio-en-la-poesia-contemporanea-espanola-un-estudio-comparativo-sobre-renacida-en-mi-calma-y-la-tendencia-actual-de-la-poesia-del-autocuidado-y-el-crecimiento-personal\/","og_locale":"es_ES","og_type":"article","og_title":"AN\u00c1LISIS DEL AMOR PROPIO EN LA POES\u00cdA CONTEMPOR\u00c1NEA ESPA\u00d1OLA: UN ESTUDIO COMPARATIVO SOBRE RENACIDA EN MI CALMA Y LA TENDENCIA ACTUAL DE LA POES\u00cdA DEL AUTOCUIDADO Y EL CRECIMIENTO PERSONAL","og_description":"de Claudia Soneira, \u00c1ngela Isabel. \u00abAN\u00c1LISIS DEL AMOR PROPIO EN LA POES\u00cdA CONTEMPOR\u00c1NEA ESPA\u00d1OLA: UN ESTUDIO COMPARATIVO SOBRE RENACIDA EN MI CALMA Y LA TENDENCIA ACTUAL DE LA POES\u00cdA DEL AUTOCUIDADO Y EL CRECIMIENTO PERSONAL\u00bb. Zenodo, 6 de diciembre de 2025. https:\/\/doi.org\/10.5281\/zenodo.17842064","og_url":"https:\/\/nuestrosescritores.com\/luciagarciaramos\/2025\/12\/06\/analisis-del-amor-propio-en-la-poesia-contemporanea-espanola-un-estudio-comparativo-sobre-renacida-en-mi-calma-y-la-tendencia-actual-de-la-poesia-del-autocuidado-y-el-crecimiento-personal\/","og_site_name":"Luc\u00eda Garc\u00eda Ramos","article_published_time":"2025-12-06T17:16:54+00:00","og_image":[{"width":839,"height":656,"url":"https:\/\/nuestrosescritores.com\/luciagarciaramos\/wp-content\/uploads\/sites\/134\/2025\/12\/book6.png","type":"image\/png"}],"author":"Javierpah","twitter_card":"summary_large_image","twitter_misc":{"Escrito por":"Javierpah","Tiempo de lectura":"15 minutos"},"schema":{"@context":"https:\/\/schema.org","@graph":[{"@type":"Article","@id":"https:\/\/nuestrosescritores.com\/luciagarciaramos\/2025\/12\/06\/analisis-del-amor-propio-en-la-poesia-contemporanea-espanola-un-estudio-comparativo-sobre-renacida-en-mi-calma-y-la-tendencia-actual-de-la-poesia-del-autocuidado-y-el-crecimiento-personal\/#article","isPartOf":{"@id":"https:\/\/nuestrosescritores.com\/luciagarciaramos\/2025\/12\/06\/analisis-del-amor-propio-en-la-poesia-contemporanea-espanola-un-estudio-comparativo-sobre-renacida-en-mi-calma-y-la-tendencia-actual-de-la-poesia-del-autocuidado-y-el-crecimiento-personal\/"},"author":{"name":"Javierpah","@id":"https:\/\/nuestrosescritores.com\/luciagarciaramos\/#\/schema\/person\/eeae205ced613630f5aac210989ea6eb"},"headline":"AN\u00c1LISIS DEL AMOR PROPIO EN LA POES\u00cdA CONTEMPOR\u00c1NEA ESPA\u00d1OLA: UN ESTUDIO COMPARATIVO SOBRE RENACIDA EN MI CALMA Y LA TENDENCIA ACTUAL DE LA POES\u00cdA DEL AUTOCUIDADO Y EL CRECIMIENTO PERSONAL","datePublished":"2025-12-06T17:16:54+00:00","mainEntityOfPage":{"@id":"https:\/\/nuestrosescritores.com\/luciagarciaramos\/2025\/12\/06\/analisis-del-amor-propio-en-la-poesia-contemporanea-espanola-un-estudio-comparativo-sobre-renacida-en-mi-calma-y-la-tendencia-actual-de-la-poesia-del-autocuidado-y-el-crecimiento-personal\/"},"wordCount":3515,"image":{"@id":"https:\/\/nuestrosescritores.com\/luciagarciaramos\/2025\/12\/06\/analisis-del-amor-propio-en-la-poesia-contemporanea-espanola-un-estudio-comparativo-sobre-renacida-en-mi-calma-y-la-tendencia-actual-de-la-poesia-del-autocuidado-y-el-crecimiento-personal\/#primaryimage"},"thumbnailUrl":"https:\/\/nuestrosescritores.com\/luciagarciaramos\/wp-content\/uploads\/sites\/134\/2025\/12\/book6.png","articleSection":["RENACIDA EN MI CALMA. ACADEMICOS."],"inLanguage":"es","copyrightYear":"2025","copyrightHolder":{"@id":"https:\/\/nuestrosescritores.com\/#organization"}},{"@type":"WebPage","@id":"https:\/\/nuestrosescritores.com\/luciagarciaramos\/2025\/12\/06\/analisis-del-amor-propio-en-la-poesia-contemporanea-espanola-un-estudio-comparativo-sobre-renacida-en-mi-calma-y-la-tendencia-actual-de-la-poesia-del-autocuidado-y-el-crecimiento-personal\/","url":"https:\/\/nuestrosescritores.com\/luciagarciaramos\/2025\/12\/06\/analisis-del-amor-propio-en-la-poesia-contemporanea-espanola-un-estudio-comparativo-sobre-renacida-en-mi-calma-y-la-tendencia-actual-de-la-poesia-del-autocuidado-y-el-crecimiento-personal\/","name":"AN\u00c1LISIS DEL AMOR PROPIO EN LA POES\u00cdA CONTEMPOR\u00c1NEA ESPA\u00d1OLA: UN ESTUDIO COMPARATIVO SOBRE RENACIDA EN MI CALMA Y LA TENDENCIA ACTUAL DE LA POES\u00cdA DEL AUTOCUIDADO Y EL CRECIMIENTO PERSONAL - Luc\u00eda Garc\u00eda Ramos","isPartOf":{"@id":"https:\/\/nuestrosescritores.com\/luciagarciaramos\/#website"},"primaryImageOfPage":{"@id":"https:\/\/nuestrosescritores.com\/luciagarciaramos\/2025\/12\/06\/analisis-del-amor-propio-en-la-poesia-contemporanea-espanola-un-estudio-comparativo-sobre-renacida-en-mi-calma-y-la-tendencia-actual-de-la-poesia-del-autocuidado-y-el-crecimiento-personal\/#primaryimage"},"image":{"@id":"https:\/\/nuestrosescritores.com\/luciagarciaramos\/2025\/12\/06\/analisis-del-amor-propio-en-la-poesia-contemporanea-espanola-un-estudio-comparativo-sobre-renacida-en-mi-calma-y-la-tendencia-actual-de-la-poesia-del-autocuidado-y-el-crecimiento-personal\/#primaryimage"},"thumbnailUrl":"https:\/\/nuestrosescritores.com\/luciagarciaramos\/wp-content\/uploads\/sites\/134\/2025\/12\/book6.png","datePublished":"2025-12-06T17:16:54+00:00","author":{"@id":"https:\/\/nuestrosescritores.com\/luciagarciaramos\/#\/schema\/person\/eeae205ced613630f5aac210989ea6eb"},"description":"de Claudia Soneira, \u00c1ngela Isabel. \u00abAN\u00c1LISIS DEL AMOR PROPIO EN LA POES\u00cdA CONTEMPOR\u00c1NEA ESPA\u00d1OLA: UN ESTUDIO COMPARATIVO SOBRE RENACIDA EN MI CALMA Y LA TENDENCIA ACTUAL DE LA POES\u00cdA DEL AUTOCUIDADO Y EL CRECIMIENTO PERSONAL\u00bb. Zenodo, 6 de diciembre de 2025. https:\/\/doi.org\/10.5281\/zenodo.17842064","breadcrumb":{"@id":"https:\/\/nuestrosescritores.com\/luciagarciaramos\/2025\/12\/06\/analisis-del-amor-propio-en-la-poesia-contemporanea-espanola-un-estudio-comparativo-sobre-renacida-en-mi-calma-y-la-tendencia-actual-de-la-poesia-del-autocuidado-y-el-crecimiento-personal\/#breadcrumb"},"inLanguage":"es","potentialAction":[{"@type":"ReadAction","target":["https:\/\/nuestrosescritores.com\/luciagarciaramos\/2025\/12\/06\/analisis-del-amor-propio-en-la-poesia-contemporanea-espanola-un-estudio-comparativo-sobre-renacida-en-mi-calma-y-la-tendencia-actual-de-la-poesia-del-autocuidado-y-el-crecimiento-personal\/"]}]},{"@type":"ImageObject","inLanguage":"es","@id":"https:\/\/nuestrosescritores.com\/luciagarciaramos\/2025\/12\/06\/analisis-del-amor-propio-en-la-poesia-contemporanea-espanola-un-estudio-comparativo-sobre-renacida-en-mi-calma-y-la-tendencia-actual-de-la-poesia-del-autocuidado-y-el-crecimiento-personal\/#primaryimage","url":"https:\/\/nuestrosescritores.com\/luciagarciaramos\/wp-content\/uploads\/sites\/134\/2025\/12\/book6.png","contentUrl":"https:\/\/nuestrosescritores.com\/luciagarciaramos\/wp-content\/uploads\/sites\/134\/2025\/12\/book6.png","width":839,"height":656},{"@type":"BreadcrumbList","@id":"https:\/\/nuestrosescritores.com\/luciagarciaramos\/2025\/12\/06\/analisis-del-amor-propio-en-la-poesia-contemporanea-espanola-un-estudio-comparativo-sobre-renacida-en-mi-calma-y-la-tendencia-actual-de-la-poesia-del-autocuidado-y-el-crecimiento-personal\/#breadcrumb","itemListElement":[{"@type":"ListItem","position":1,"name":"Portada","item":"https:\/\/nuestrosescritores.com\/luciagarciaramos\/"},{"@type":"ListItem","position":2,"name":"AN\u00c1LISIS DEL AMOR PROPIO EN LA POES\u00cdA CONTEMPOR\u00c1NEA ESPA\u00d1OLA: UN ESTUDIO COMPARATIVO SOBRE RENACIDA EN MI CALMA Y LA TENDENCIA ACTUAL DE LA POES\u00cdA DEL AUTOCUIDADO Y EL CRECIMIENTO PERSONAL"}]},{"@type":"WebSite","@id":"https:\/\/nuestrosescritores.com\/luciagarciaramos\/#website","url":"https:\/\/nuestrosescritores.com\/luciagarciaramos\/","name":"Nuestros escritores","description":"Escritora","potentialAction":[{"@type":"SearchAction","target":{"@type":"EntryPoint","urlTemplate":"https:\/\/nuestrosescritores.com\/luciagarciaramos\/?s={search_term_string}"},"query-input":{"@type":"PropertyValueSpecification","valueRequired":true,"valueName":"search_term_string"}}],"inLanguage":"es"},{"@type":"Person","@id":"https:\/\/nuestrosescritores.com\/luciagarciaramos\/#\/schema\/person\/eeae205ced613630f5aac210989ea6eb","name":"Javierpah","image":{"@type":"ImageObject","inLanguage":"es","@id":"https:\/\/secure.gravatar.com\/avatar\/1cb55a5bd8d6824519e46b552e84b03575857cc9c4d6333824d2f95d82129f50?s=96&d=mm&r=g","url":"https:\/\/secure.gravatar.com\/avatar\/1cb55a5bd8d6824519e46b552e84b03575857cc9c4d6333824d2f95d82129f50?s=96&d=mm&r=g","contentUrl":"https:\/\/secure.gravatar.com\/avatar\/1cb55a5bd8d6824519e46b552e84b03575857cc9c4d6333824d2f95d82129f50?s=96&d=mm&r=g","caption":"Javierpah"}}]}},"_links":{"self":[{"href":"https:\/\/nuestrosescritores.com\/luciagarciaramos\/wp-json\/wp\/v2\/posts\/123","targetHints":{"allow":["GET"]}}],"collection":[{"href":"https:\/\/nuestrosescritores.com\/luciagarciaramos\/wp-json\/wp\/v2\/posts"}],"about":[{"href":"https:\/\/nuestrosescritores.com\/luciagarciaramos\/wp-json\/wp\/v2\/types\/post"}],"author":[{"embeddable":true,"href":"https:\/\/nuestrosescritores.com\/luciagarciaramos\/wp-json\/wp\/v2\/users\/1"}],"replies":[{"embeddable":true,"href":"https:\/\/nuestrosescritores.com\/luciagarciaramos\/wp-json\/wp\/v2\/comments?post=123"}],"version-history":[{"count":0,"href":"https:\/\/nuestrosescritores.com\/luciagarciaramos\/wp-json\/wp\/v2\/posts\/123\/revisions"}],"wp:featuredmedia":[{"embeddable":true,"href":"https:\/\/nuestrosescritores.com\/luciagarciaramos\/wp-json\/wp\/v2\/media\/116"}],"wp:attachment":[{"href":"https:\/\/nuestrosescritores.com\/luciagarciaramos\/wp-json\/wp\/v2\/media?parent=123"}],"wp:term":[{"taxonomy":"category","embeddable":true,"href":"https:\/\/nuestrosescritores.com\/luciagarciaramos\/wp-json\/wp\/v2\/categories?post=123"},{"taxonomy":"post_tag","embeddable":true,"href":"https:\/\/nuestrosescritores.com\/luciagarciaramos\/wp-json\/wp\/v2\/tags?post=123"}],"curies":[{"name":"wp","href":"https:\/\/api.w.org\/{rel}","templated":true}]}}