{"id":114,"date":"2025-12-06T17:13:42","date_gmt":"2025-12-06T17:13:42","guid":{"rendered":"https:\/\/nuestrosescritores.com\/luciagarciaramos\/?p=114"},"modified":"2025-12-06T17:14:18","modified_gmt":"2025-12-06T17:14:18","slug":"intertextualidad-analisis-de-la-referencia-a-mario-benedetti-la-alegria-se-defiende-y-otras-posibles-influencias-literarias","status":"publish","type":"post","link":"https:\/\/nuestrosescritores.com\/luciagarciaramos\/2025\/12\/06\/intertextualidad-analisis-de-la-referencia-a-mario-benedetti-la-alegria-se-defiende-y-otras-posibles-influencias-literarias\/","title":{"rendered":"INTERTEXTUALIDAD: AN\u00c1LISIS DE LA REFERENCIA A MARIO BENEDETTI (&#8220;LA ALEGR\u00cdA SE DEFIENDE&#8221;) Y OTRAS POSIBLES INFLUENCIAS LITERARIAS"},"content":{"rendered":"<blockquote><p>de Claudia Soneira, \u00c1ngela Isabel. \u00abINTERTEXTUALIDAD: AN\u00c1LISIS DE LA REFERENCIA A MARIO BENEDETTI (&#8220;LA ALEGR\u00cdA SE DEFIENDE&#8221;) Y OTRAS POSIBLES INFLUENCIAS LITERARIAS\u00bb. Zenodo, 6 de diciembre de 2025. <a href=\"https:\/\/doi.org\/10.5281\/zenodo.17842132\">https:\/\/doi.org\/10.5281\/zenodo.17842132<\/a><\/p><\/blockquote>\n<p><strong>INTERTEXTUALIDAD: AN\u00c1LISIS DE LA REFERENCIA A MARIO BENEDETTI (&#8220;LA ALEGR\u00cdA SE DEFIENDE&#8221;) Y OTRAS POSIBLES INFLUENCIAS LITERARIAS<\/strong><\/p>\n<ol>\n<li><strong> Introducci\u00f3n<\/strong><\/li>\n<\/ol>\n<p>La intertextualidad, concepto desarrollado por Julia Kristeva a partir de las nociones bajtinianas de dialogismo, constituye uno de los fen\u00f3menos fundamentales de la creaci\u00f3n literaria. Todo texto se construye como mosaico de citas, como absorci\u00f3n y transformaci\u00f3n de otros textos, estableciendo di\u00e1logos expl\u00edcitos o impl\u00edcitos con la tradici\u00f3n literaria precedente. El an\u00e1lisis de las relaciones intertextuales permite comprender c\u00f3mo un texto se posiciona en el campo literario, qu\u00e9 tradiciones reivindica, qu\u00e9 modelos adopta o rechaza, qu\u00e9 comunidades de lectores convoca.<\/p>\n<p>La obra po\u00e9tica de Luc\u00eda Garc\u00eda Ramos, espec\u00edficamente\u00a0<em>Renacida en mi calma<\/em>\u00a0(2025), presenta una caracter\u00edstica singular en relaci\u00f3n con la intertextualidad: su relativa ausencia. Frente a tradiciones po\u00e9ticas que hacen del di\u00e1logo con otros textos un elemento constitutivo de su escritura, Garc\u00eda Ramos construye una po\u00e9tica caracterizada por la autonom\u00eda referencial y la renuncia a la erudici\u00f3n literaria.<\/p>\n<p>Sin embargo, existe una excepci\u00f3n significativa: la referencia expl\u00edcita a Mario Benedetti en el poema &#8220;Cuando me permito caer&#8221;. Esta \u00fanica referencia literaria del poemario adquiere, por su singularidad, un valor especial que merece an\u00e1lisis detallado. La menci\u00f3n &#8220;Recuerdo a Benedetti, \/ la alegr\u00eda se defiende&#8221; no es ornamental sino estrat\u00e9gica, estableciendo una filiaci\u00f3n est\u00e9tica y \u00e9tica que ilumina aspectos fundamentales del proyecto po\u00e9tico de Garc\u00eda Ramos.<\/p>\n<p>El objetivo de este estudio es analizar exhaustivamente esta referencia a Benedetti, contextualiz\u00e1ndola en la obra del poeta uruguayo y examinando sus implicaciones para la comprensi\u00f3n de\u00a0<em>Renacida en mi calma<\/em>. Adem\u00e1s, se explorar\u00e1n otras posibles influencias literarias \u2014expl\u00edcitas o impl\u00edcitas\u2014 que pueden rastrearse en la po\u00e9tica de Garc\u00eda Ramos, examinando c\u00f3mo su obra dialoga con diferentes tradiciones de la poes\u00eda espa\u00f1ola e hispanoamericana contempor\u00e1nea.<\/p>\n<ol start=\"2\">\n<li><strong> Marco te\u00f3rico: conceptos de intertextualidad<\/strong><\/li>\n<\/ol>\n<p><strong>2.1. Intertextualidad expl\u00edcita e impl\u00edcita<\/strong><\/p>\n<p>Los estudios literarios distinguen entre diferentes tipos de relaciones intertextuales. La intertextualidad expl\u00edcita se manifiesta mediante citas directas, menciones de autores o t\u00edtulos, ep\u00edgrafes, referencias nominales. Este tipo de intertextualidad es f\u00e1cilmente identificable por los lectores y cumple funciones de posicionamiento cultural y literario.<\/p>\n<p>La intertextualidad impl\u00edcita, por el contrario, opera mediante alusiones, ecos estil\u00edsticos, resonancias tem\u00e1ticas o estructurales que no se hacen expl\u00edcitas pero que lectores familiarizados con la tradici\u00f3n pueden reconocer. Este tipo de intertextualidad requiere mayor competencia literaria para su identificaci\u00f3n.<\/p>\n<p>En\u00a0<em>Renacida en mi calma<\/em>, la intertextualidad expl\u00edcita se limita a la menci\u00f3n de Benedetti. Sin embargo, pueden rastrearse intertextualidades impl\u00edcitas con diversas tradiciones po\u00e9ticas que se analizar\u00e1n en las secciones siguientes.<\/p>\n<p><strong>2.2. La cita como acto de filiaci\u00f3n literaria<\/strong><\/p>\n<p>Cuando un poeta cita expl\u00edcitamente a otro autor, no solo recupera un fragmento textual sino que realiza un acto de filiaci\u00f3n, estableciendo una genealog\u00eda literaria. La cita declara: &#8220;estos son mis maestros&#8221;, &#8220;esta es mi tradici\u00f3n&#8221;, &#8220;estos son los valores est\u00e9ticos que comparto&#8221;.<\/p>\n<p>En el caso de la referencia a Benedetti en\u00a0<em>Renacida en mi calma<\/em>, la cita cumple precisamente esta funci\u00f3n de filiaci\u00f3n. Al elegir a Benedetti como \u00fanico autor mencionado, Garc\u00eda Ramos establece una l\u00ednea de descendencia literaria espec\u00edfica que la conecta con una tradici\u00f3n de poes\u00eda accesible, emotiva y comprometida con la comunicaci\u00f3n directa.<\/p>\n<p><strong>2.3. Ausencia de intertextualidad como opci\u00f3n est\u00e9tica<\/strong><\/p>\n<p>La relativa ausencia de referencias literarias en la obra de Garc\u00eda Ramos constituye tambi\u00e9n una opci\u00f3n est\u00e9tica significativa. Esta ausencia se inscribe en una tradici\u00f3n de poes\u00eda que privilegia la experiencia directa sobre la mediaci\u00f3n cultural, la sinceridad sobre la erudici\u00f3n, la accesibilidad sobre la sofisticaci\u00f3n.<\/p>\n<p>Esta opci\u00f3n marca una diferencia con poetas como Luis Garc\u00eda Montero, cuya obra est\u00e1 poblada de referencias a Baudelaire, Lorca, Gil de Biedma y otros autores. Donde Garc\u00eda Montero construye su poes\u00eda mediante el di\u00e1logo erudito con la tradici\u00f3n, Garc\u00eda Ramos construye la suya mediante la expresi\u00f3n directa de experiencias emocionales.<\/p>\n<ol start=\"3\">\n<li><strong> An\u00e1lisis de la referencia a Mario Benedetti<\/strong><\/li>\n<\/ol>\n<p><strong>3.1. Contextualizaci\u00f3n: qui\u00e9n es Mario Benedetti<\/strong><\/p>\n<p>Mario Benedetti (1920-2009) fue uno de los poetas y narradores uruguayos m\u00e1s importantes del siglo XX. Su obra se caracteriza por un lenguaje coloquial y accesible, por la exploraci\u00f3n de temas cotidianos y por un compromiso pol\u00edtico y social expl\u00edcito.<\/p>\n<p>La poes\u00eda de Benedetti se distingue por su rechazo del hermetismo y la oscuridad simb\u00f3lica. Cultiva un registro conversacional que conecta con p\u00fablicos amplios, abordando experiencias reconocibles: el amor, la soledad, el exilio, la resistencia pol\u00edtica.<\/p>\n<p>Esta opci\u00f3n est\u00e9tica por la claridad y la accesibilidad lo convirti\u00f3 en uno de los poetas m\u00e1s le\u00eddos del \u00e1mbito hispanohablante, aunque a veces fue criticado desde c\u00edrculos acad\u00e9micos que valoraban m\u00e1s la experimentaci\u00f3n formal y la complejidad. Su obra demuestra que la sencillez expresiva no es incompatible con la profundidad conceptual.<\/p>\n<p>El compromiso pol\u00edtico de Benedetti se intensific\u00f3 durante las dictaduras militares que afectaron al Cono Sur en las d\u00e9cadas de 1960 a 1980. Su poes\u00eda del exilio constituye un testimonio fundamental de esa experiencia hist\u00f3rica.<\/p>\n<p><strong>3.2. El poema &#8220;Defensa de la alegr\u00eda&#8221;<\/strong><\/p>\n<p>El verso que cita Garc\u00eda Ramos \u2014&#8221;la alegr\u00eda se defiende&#8221;\u2014 proviene de uno de los poemas m\u00e1s emblem\u00e1ticos de Benedetti, titulado &#8220;Defensa de la alegr\u00eda&#8221;. Este poema pertenece al libro\u00a0<em>Poemas de otros<\/em>\u00a0(1974), escrito durante el exilio del poeta.<\/p>\n<p>El poema despliega una serie de versos que comienzan con la f\u00f3rmula &#8220;Defender la alegr\u00eda&#8221; seguida de una adversativa que presenta las circunstancias dif\u00edciles en las cuales debe defenderse. La estructura anaf\u00f3rica crea un efecto acumulativo que enfatiza la idea central: la alegr\u00eda no es un estado que simplemente acontece, sino algo que debe defenderse activamente frente a m\u00faltiples adversidades.<\/p>\n<p>El concepto central del poema \u2014la alegr\u00eda como conquista activa m\u00e1s que como don pasivo\u2014 resulta especialmente significativo en el contexto hist\u00f3rico de su escritura. Durante la dictadura uruguaya, cuando las libertades estaban suspendidas y la represi\u00f3n era cotidiana, defender la alegr\u00eda constitu\u00eda un acto de resistencia pol\u00edtica.<\/p>\n<p>El poema no niega el dolor o la dificultad, pero afirma la posibilidad y la necesidad de mantener espacios de alegr\u00eda como forma de resistencia y como afirmaci\u00f3n de la dignidad humana. Esta concepci\u00f3n de la alegr\u00eda como defensa activa conecta directamente con temas centrales de\u00a0<em>Renacida en mi calma<\/em>.<\/p>\n<p><strong>3.3. La referencia en el contexto de\u00a0<em>Renacida en mi calma<\/em><\/strong><\/p>\n<p>La menci\u00f3n a Benedetti aparece en el poema &#8220;Cuando me permito caer&#8221;, \u00faltimo poema del poemario. El poema aborda momentos de vulnerabilidad: &#8220;Hay d\u00edas que no puedo, \/ y est\u00e1 bien&#8221;. La voz l\u00edrica legitima la posibilidad de caer, de no poder sostener la fortaleza todo el tiempo.<\/p>\n<p>Es precisamente en este contexto de vulnerabilidad donde aparece la referencia: &#8220;Pero cuando toco fondo, \/ recuerdo a Benedetti, \/ la alegr\u00eda se defiende&#8221;. La cita funciona como recordatorio de que incluso en los momentos de ca\u00edda, existe la posibilidad de recuperaci\u00f3n activa.<\/p>\n<p>El poema contin\u00faa: &#8220;Y me levanto, \/ no de golpe, \/ pero vuelvo, \/ el doble de clara, \/ el doble de yo&#8221;. Esta formulaci\u00f3n sugiere que los momentos de ca\u00edda, lejos de constituir fracasos definitivos, pueden ser oportunidades de reconstituci\u00f3n m\u00e1s profunda.<\/p>\n<p>La ubicaci\u00f3n de esta referencia al final del poemario resulta estrat\u00e9gica. Tras cuatro secciones que han explorado el proceso de crecimiento personal, el poemario concluye reconociendo que el proceso no elimina la vulnerabilidad. La alegr\u00eda conquistada a lo largo del libro no es estado permanente sino pr\u00e1ctica que requiere defensa activa.<\/p>\n<p><strong>3.4. Significado de la elecci\u00f3n de Benedetti<\/strong><\/p>\n<p>La elecci\u00f3n de Benedetti como \u00fanico autor mencionado en el poemario tiene m\u00faltiples implicaciones. En primer lugar, establece una filiaci\u00f3n con una tradici\u00f3n de poes\u00eda accesible y comunicativa. Garc\u00eda Ramos se posiciona en la l\u00ednea de poetas que han privilegiado la claridad sobre el hermetismo, el compromiso emocional sobre el juego intelectual.<\/p>\n<p>En segundo lugar, la referencia conecta con la tradici\u00f3n de poes\u00eda pol\u00edticamente comprometida que Benedetti representa. Aunque\u00a0<em>Renacida en mi calma<\/em>\u00a0no es un poemario expl\u00edcitamente pol\u00edtico, la defensa del amor propio y la autonom\u00eda emocional tienen dimensiones pol\u00edticas, especialmente cuando se refieren a experiencias de mujeres.<\/p>\n<p>En tercer lugar, la cita vincula el poemario con la poes\u00eda hispanoamericana. Garc\u00eda Ramos trasciende el marco exclusivamente espa\u00f1ol para conectar con tradiciones po\u00e9ticas del continente americano.<\/p>\n<p>En cuarto lugar, la elecci\u00f3n de Benedetti \u2014poeta ampliamente conocido\u2014 facilita la identificaci\u00f3n de lectores no especializados. A diferencia de referencias a poetas m\u00e1s herm\u00e9ticos u oscuros que requerir\u00edan conocimiento especializado, la menci\u00f3n de Benedetti resulta accesible para p\u00fablicos amplios.<\/p>\n<p><strong>3.5. La funci\u00f3n de la cita en la econom\u00eda del poemario<\/strong><\/p>\n<p>La referencia a Benedetti cumple funciones espec\u00edficas en la econom\u00eda global del poemario. Funciona como validaci\u00f3n externa de la experiencia narrada: no solo la voz l\u00edrica ha descubierto que la alegr\u00eda debe defenderse, sino que esta es una verdad reconocida por la tradici\u00f3n po\u00e9tica.<\/p>\n<p>La cita introduce tambi\u00e9n una voz ajena en un poemario fundamentalmente monol\u00f3gico. Esta apertura al otro, aunque m\u00ednima, resulta significativa: sugiere que el trabajo de crecimiento personal no ocurre en aislamiento total sino en di\u00e1logo con tradiciones culturales.<\/p>\n<p>La referencia funciona adem\u00e1s como recurso de autoridad. Al momento de mayor vulnerabilidad expresada en el poemario, la voz l\u00edrica acude a una autoridad po\u00e9tica reconocida para sostener su convicci\u00f3n. Esta estrategia ret\u00f3rica refuerza el mensaje sin romper el tono conversacional que caracteriza la obra.<\/p>\n<ol start=\"4\">\n<li><strong> Otras influencias literarias impl\u00edcitas<\/strong><\/li>\n<\/ol>\n<p><strong>4.1. La poes\u00eda de la experiencia espa\u00f1ola<\/strong><\/p>\n<p>Aunque no hay referencias expl\u00edcitas,\u00a0<em>Renacida en mi calma<\/em>\u00a0muestra claras afinidades con la denominada &#8220;poes\u00eda de la experiencia&#8221; que domin\u00f3 el panorama espa\u00f1ol en las d\u00e9cadas de 1980 y 1990. Esta corriente, asociada a poetas como Luis Garc\u00eda Montero, Felipe Ben\u00edtez Reyes o Javier Egea, reivindica el uso de lenguaje coloquial, la exploraci\u00f3n de experiencias cotidianas y la claridad comunicativa.<\/p>\n<p>Garc\u00eda Ramos comparte con esta tradici\u00f3n el compromiso con la accesibilidad y el rechazo del hermetismo. Su uso de un tono conversacional, de im\u00e1genes reconocibles y de referencias a experiencias comunes la conecta con esta corriente.<\/p>\n<p>Sin embargo, existen diferencias significativas. La poes\u00eda de la experiencia can\u00f3nica mantiene una relaci\u00f3n consciente con la tradici\u00f3n literaria, empleando referencias intertextuales frecuentes. Garc\u00eda Montero, por ejemplo, construye su poes\u00eda mediante el di\u00e1logo expl\u00edcito con Baudelaire, Alberti, Lorca y Gil de Biedma.<\/p>\n<p>Garc\u00eda Ramos, por el contrario, prescinde de estas referencias. Su poes\u00eda no dialoga expl\u00edcitamente con la tradici\u00f3n literaria sino que se concentra en la expresi\u00f3n directa de experiencias emocionales. Esta diferencia sugiere que Garc\u00eda Ramos representa una radicalizaci\u00f3n del compromiso con la accesibilidad que caracterizaba a la poes\u00eda de la experiencia.<\/p>\n<p>&nbsp;<\/p>\n<p>&nbsp;<\/p>\n<p><strong>4.2. La instapoes\u00eda y la poes\u00eda de redes sociales<\/strong><\/p>\n<p>Una influencia m\u00e1s evidente, especialmente en el primer poemario de Garc\u00eda Ramos, es la denominada &#8220;instapoes\u00eda&#8221; o poes\u00eda de redes sociales. Esta corriente, popularizada por poetas como Rupi Kaur, Amanda Lovelace o Lang Leav en el \u00e1mbito angl\u00f3fono, se caracteriza por poemas muy breves, lenguaje extremadamente simple y temas emocionales universales.<\/p>\n<p><em>Ama desde tus adentros<\/em>\u00a0(2022) muestra claras afinidades con esta est\u00e9tica. Los poemas son brev\u00edsimos (3-8 versos), el lenguaje es coloquial radical, no hay referencias culturales complejas. La forma de los poemas parece pensada para su circulaci\u00f3n en formatos digitales breves.<\/p>\n<p><em>Renacida en mi calma<\/em>\u00a0muestra una evoluci\u00f3n significativa respecto a este modelo. Los poemas son m\u00e1s extensos, el lenguaje m\u00e1s elaborado, la estructura m\u00e1s arquitect\u00f3nica. Sin embargo, mantiene caracter\u00edsticas fundamentales de la instapoes\u00eda: accesibilidad radical, temas de autocuidado y crecimiento personal, ausencia de experimentaci\u00f3n formal.<\/p>\n<p>Esta doble filiaci\u00f3n \u2014con la poes\u00eda de la experiencia espa\u00f1ola y con la instapoes\u00eda global\u2014 resulta significativa. Garc\u00eda Ramos se sit\u00faa en una zona de intersecci\u00f3n entre tradiciones po\u00e9ticas establecidas y fen\u00f3menos emergentes vinculados a nuevas formas de producci\u00f3n y circulaci\u00f3n literaria.<\/p>\n<p><strong>4.3. La poes\u00eda hispanoamericana de lenguaje coloquial<\/strong><\/p>\n<p>La referencia a Benedetti conecta el poemario con una tradici\u00f3n m\u00e1s amplia de poes\u00eda hispanoamericana de lenguaje coloquial. Esta tradici\u00f3n incluye a poetas como Nicanor Parra con su &#8220;antipoes\u00eda&#8221;, Idea Vilari\u00f1o con su exploraci\u00f3n de la soledad y el desamor, o Claribel Alegr\u00eda con su poes\u00eda de ra\u00edces y memoria.<\/p>\n<p>Estos poetas comparten el rechazo de la grandilocuencia ret\u00f3rica y el compromiso con un lenguaje cercano al habla cotidiana. La antipoes\u00eda de Parra, por ejemplo, propone &#8220;bajar la poes\u00eda del Olimpo&#8221; para conectarla con experiencias comunes.<\/p>\n<p>Aunque Garc\u00eda Ramos no menciona expl\u00edcitamente a estos poetas, su opci\u00f3n est\u00e9tica la conecta con esta tradici\u00f3n hispanoamericana. El uso de un registro conversacional, la renuncia a la ornamentaci\u00f3n ret\u00f3rica, el anclaje en experiencias reconocibles, son caracter\u00edsticas que comparte con estos autores.<\/p>\n<p><strong>4.4. La poes\u00eda espa\u00f1ola escrita por mujeres<\/strong><\/p>\n<p><em>Renacida en mi calma<\/em>\u00a0se inscribe tambi\u00e9n en tradiciones espec\u00edficas de poes\u00eda espa\u00f1ola contempor\u00e1nea escrita por mujeres que han explorado temas de identidad femenina, autonom\u00eda y empoderamiento. Aunque no hay referencias expl\u00edcitas, pueden rastrearse afinidades tem\u00e1ticas y conceptuales con diversas poetas contempor\u00e1neas.<\/p>\n<p>La exploraci\u00f3n de la construcci\u00f3n de una identidad aut\u00f3noma conecta con trabajos de poetas como Olvido Garc\u00eda Vald\u00e9s, Ada Salas o Julieta Valero. El tratamiento del amor propio y las relaciones interpersonales desde una perspectiva feminista resuena con obras de Elena Medel o Est\u00edbaliz Espinosa.<\/p>\n<p>El uso de met\u00e1foras espaciales para articular la subjetividad femenina tiene precedentes en la poes\u00eda hispanoamericana de autoras como Julia de Burgos. La conceptualizaci\u00f3n del cuerpo y la identidad como espacios habitables aparece en m\u00faltiples tradiciones de escritura de mujeres.<\/p>\n<p>Estas afinidades no implican necesariamente influencia directa, pero sit\u00faan el poemario en un contexto m\u00e1s amplio de producci\u00f3n po\u00e9tica femenina contempor\u00e1nea que ha hecho del cuestionamiento de roles de g\u00e9nero tradicionales y de la conquista de autonom\u00eda temas centrales.<\/p>\n<p><strong>4.5. La tradici\u00f3n de Antonio Machado<\/strong><\/p>\n<p>Una influencia impl\u00edcita pero significativa puede rastrearse en la tradici\u00f3n de Antonio Machado, poeta que cultiv\u00f3 un lenguaje sencillo capaz de expresar reflexiones filos\u00f3ficas profundas. Aunque Garc\u00eda Ramos no menciona a Machado, su opci\u00f3n por la claridad y su capacidad de condensar ideas complejas en formulaciones simples la conectan con esta tradici\u00f3n.<\/p>\n<p>Versos de\u00a0<em>Renacida en mi calma<\/em>\u00a0como &#8220;Soy mi casa&#8221;, &#8220;He aprendido a habitarme&#8221; o &#8220;No hay final en este viaje, \/ solo expansi\u00f3n&#8221; comparten con Machado la capacidad de crear formulaciones memorables que condensan reflexiones complejas en lenguaje accesible.<\/p>\n<p>La concepci\u00f3n del camino como met\u00e1fora del proceso vital, central en Machado (&#8220;se hace camino al andar&#8221;), resuena en la estructura procesual de\u00a0<em>Renacida en mi calma<\/em>. Ambos poetas comparten la idea de que la identidad no es algo dado sino algo que se construye mediante el proceso mismo de vivir.<\/p>\n<ol start=\"5\">\n<li><strong> Ausencia de referencias: significado y consecuencias<\/strong><\/li>\n<\/ol>\n<p><strong>5.1. La apuesta por la experiencia directa<\/strong><\/p>\n<p>La relativa ausencia de referencias literarias en\u00a0<em>Renacida en mi calma<\/em>\u00a0constituye una opci\u00f3n est\u00e9tica que privilegia la experiencia directa sobre la mediaci\u00f3n cultural. El poemario se presenta como expresi\u00f3n de una experiencia vital m\u00e1s que como di\u00e1logo con textos previos.<\/p>\n<p>Esta opci\u00f3n responde a una concepci\u00f3n espec\u00edfica de la poes\u00eda. Frente a tradiciones que entienden la escritura como reescritura, como trabajo sobre materiales culturales previos, Garc\u00eda Ramos parece entender la poes\u00eda como expresi\u00f3n de vivencias que pueden comunicarse directamente sin necesidad de mediaci\u00f3n erudita.<\/p>\n<p>Esta concepci\u00f3n conecta con nociones rom\u00e1nticas de autenticidad y sinceridad. El valor del texto no reside en su capacidad de dialogar ingeniosamente con la tradici\u00f3n sino en su capacidad de testimoniar genuinamente una experiencia.<\/p>\n<p><strong>5.2. La democratizaci\u00f3n del acceso<\/strong><\/p>\n<p>La ausencia de referencias culturales complejas tiene consecuencias importantes para la accesibilidad del poemario. Un lector sin formaci\u00f3n literaria especializada puede leer y comprender\u00a0<em>Renacida en mi calma<\/em>\u00a0sin obst\u00e1culos.<\/p>\n<p>Esta democratizaci\u00f3n del acceso responde a objetivos espec\u00edficos. Si el poemario aspira a acompa\u00f1ar emocionalmente a lectores que atraviesan procesos de crecimiento personal, la presencia de referencias eruditas constituir\u00eda una barrera. La renuncia a la erudici\u00f3n facilita la funci\u00f3n terap\u00e9utica del texto.<\/p>\n<p>Esta opci\u00f3n tiene implicaciones pol\u00edticas. La poes\u00eda que requiere capital cultural espec\u00edfico para su comprensi\u00f3n excluye a sectores amplios de la poblaci\u00f3n. La poes\u00eda accesible, por el contrario, democratiza el acceso al g\u00e9nero.<\/p>\n<p><strong>5.3. Limitaciones de la ausencia de intertextualidad<\/strong><\/p>\n<p>Sin embargo, la ausencia de intertextualidad tiene tambi\u00e9n limitaciones. El di\u00e1logo con la tradici\u00f3n literaria permite crear efectos de sentido complejos, establecer contrastes, generar iron\u00edas. La ausencia de este di\u00e1logo limita las posibilidades expresivas.<\/p>\n<p>La poes\u00eda que dialoga expl\u00edcitamente con la tradici\u00f3n puede crear capas m\u00faltiples de significaci\u00f3n accesibles a diferentes niveles de lectura. Un lector puede disfrutar el texto en un primer nivel sin captar las referencias, mientras que un lector m\u00e1s especializado puede acceder a significados adicionales.<\/p>\n<p>Garc\u00eda Ramos renuncia a estas posibilidades en favor de la comunicaci\u00f3n directa. Esta renuncia es coherente con sus objetivos pero marca tambi\u00e9n los l\u00edmites de su propuesta.<\/p>\n<p><strong>5.4. La evoluci\u00f3n entre poemarios<\/strong><\/p>\n<p>La comparaci\u00f3n entre\u00a0<em>Ama desde tus adentros<\/em>\u00a0(2022) y\u00a0<em>Renacida en mi calma<\/em>\u00a0(2025) revela una evoluci\u00f3n en el tratamiento de la intertextualidad. El primer poemario carec\u00eda totalmente de referencias literarias. El segundo introduce la menci\u00f3n a Benedetti.<\/p>\n<p>Esta evoluci\u00f3n sugiere que Garc\u00eda Ramos est\u00e1 incorporando progresivamente elementos de di\u00e1logo con la tradici\u00f3n sin renunciar a su compromiso fundamental con la accesibilidad. La referencia a Benedetti \u2014poeta ampliamente conocido\u2014 permite establecer filiaci\u00f3n literaria sin crear barreras de acceso.<\/p>\n<p>Futuros trabajos podr\u00edan continuar esta evoluci\u00f3n, incorporando referencias adicionales pero seleccionando siempre autores reconocibles que no requieran conocimientos especializados. Esta estrategia permitir\u00eda enriquecer la dimensi\u00f3n intertextual sin comprometer la accesibilidad.<\/p>\n<ol start=\"6\">\n<li><strong> La singularidad de la referencia a Benedetti<\/strong><\/li>\n<\/ol>\n<p><strong>6.1. Por qu\u00e9 Benedetti y no otros<\/strong><\/p>\n<p>La elecci\u00f3n de Benedetti como \u00fanico autor mencionado no es casual. Benedetti re\u00fane caracter\u00edsticas que lo hacen particularmente id\u00f3neo para los objetivos de Garc\u00eda Ramos.<\/p>\n<p>En primer lugar, es un poeta ampliamente conocido en el \u00e1mbito hispanohablante. Su obra ha alcanzado difusi\u00f3n masiva, siendo le\u00eddo tanto por p\u00fablicos especializados como por lectores ocasionales de poes\u00eda. Esta amplitud de p\u00fablicos garantiza que la referencia sea reconocible.<\/p>\n<p>En segundo lugar, Benedetti representa una tradici\u00f3n de claridad y accesibilidad que conecta directamente con el proyecto po\u00e9tico de Garc\u00eda Ramos. Mencionar a Benedetti es declarar: &#8220;pertenezco a esta tradici\u00f3n de poes\u00eda clara y comunicativa&#8221;.<\/p>\n<p>En tercer lugar, Benedetti es un poeta comprometido social y pol\u00edticamente. Esta dimensi\u00f3n de compromiso resuena con las implicaciones pol\u00edticas del amor propio y la autonom\u00eda emocional que explora\u00a0<em>Renacida en mi calma<\/em>.<\/p>\n<p>En cuarto lugar, el poema espec\u00edfico citado \u2014&#8221;Defensa de la alegr\u00eda&#8221;\u2014 articula una idea central para el poemario: la alegr\u00eda como conquista activa que debe defenderse. Esta resonancia tem\u00e1tica hace especialmente pertinente la referencia.<\/p>\n<p><strong>6.2. Comparaci\u00f3n con otros poetas posibles<\/strong><\/p>\n<p>Es instructivo considerar qu\u00e9 otros poetas podr\u00edan haber sido mencionados y por qu\u00e9 no lo fueron. Una referencia a Antonio Machado habr\u00eda conectado con la tradici\u00f3n espa\u00f1ola de claridad pero quiz\u00e1s habr\u00eda parecido demasiado can\u00f3nica o distante temporalmente.<\/p>\n<p>Una referencia a Luis Garc\u00eda Montero habr\u00eda establecido filiaci\u00f3n con la poes\u00eda de la experiencia espa\u00f1ola pero habr\u00eda requerido conocimiento de un poeta menos universalmente conocido que Benedetti.<\/p>\n<p>Una referencia a Rupi Kaur o Amanda Lovelace habr\u00eda conectado con la tradici\u00f3n de instapoes\u00eda pero habr\u00eda situado el poemario exclusivamente en esa corriente, que frecuentemente es criticada por su simpleza.<\/p>\n<p>Una referencia a poetas herm\u00e9ticos como Jos\u00e9 \u00c1ngel Valente o Antonio Gamoneda habr\u00eda resultado contradictoria con el proyecto de accesibilidad de Garc\u00eda Ramos.<\/p>\n<p>Benedetti emerge como elecci\u00f3n \u00f3ptima: suficientemente prestigioso para validar culturalmente el poemario, suficientemente accesible para no crear barreras, suficientemente cercano est\u00e9ticamente para establecer filiaci\u00f3n genuina.<\/p>\n<p><strong>6.3. La referencia como gesto minimalista<\/strong><\/p>\n<p>La estrategia de incluir una \u00fanica referencia literaria puede entenderse como gesto minimalista. Donde otros poetas podr\u00edan poblar sus textos de m\u00faltiples referencias, Garc\u00eda Ramos se limita a una sola.<\/p>\n<p>Este minimalismo intertextual resulta coherente con la est\u00e9tica general del poemario. As\u00ed como el lenguaje es sencillo, las met\u00e1foras accesibles y la sintaxis lineal, tambi\u00e9n la dimensi\u00f3n intertextual se mantiene m\u00ednima.<\/p>\n<p>Sin embargo, este minimalismo no debe confundirse con pobreza. La referencia a Benedetti est\u00e1 estrat\u00e9gicamente situada, cuidadosamente seleccionada y funcionalmente integrada en el poema donde aparece. No es referencia gratuita sino elemento compositivo significativo.<\/p>\n<ol start=\"7\">\n<li><strong> Conclusiones<\/strong><\/li>\n<\/ol>\n<p><strong>7.1. S\u00edntesis del an\u00e1lisis intertextual<\/strong><\/p>\n<p>El an\u00e1lisis de la dimensi\u00f3n intertextual de\u00a0<em>Renacida en mi calma<\/em>\u00a0revela una opci\u00f3n est\u00e9tica caracterizada por el minimalismo referencial. El poemario incluye una \u00fanica referencia literaria expl\u00edcita \u2014la menci\u00f3n a Mario Benedetti\u2014 y prescinde de las m\u00faltiples alusiones, citas y di\u00e1logos con la tradici\u00f3n que caracterizan a otras corrientes po\u00e9ticas contempor\u00e1neas.<\/p>\n<p>Esta opci\u00f3n por la autonom\u00eda referencial responde a objetivos espec\u00edficos: facilitar la accesibilidad, privilegiar la experiencia directa sobre la mediaci\u00f3n erudita, democratizar el acceso a la poes\u00eda. La ausencia de referencias culturales complejas permite que lectores sin formaci\u00f3n literaria especializada puedan leer y comprender el poemario sin obst\u00e1culos.<\/p>\n<p>La referencia a Benedetti, precisamente por su singularidad, adquiere valor especial. Establece una filiaci\u00f3n con una tradici\u00f3n de poes\u00eda accesible y comunicativa, valida culturalmente el proyecto po\u00e9tico y conecta tem\u00e1ticamente con ideas centrales del poemario.<\/p>\n<p>Pueden rastrearse tambi\u00e9n influencias impl\u00edcitas de diversas tradiciones: la poes\u00eda de la experiencia espa\u00f1ola, la instapoes\u00eda, la poes\u00eda hispanoamericana de lenguaje coloquial, la tradici\u00f3n de Antonio Machado. Estas influencias sit\u00faan el poemario en un contexto literario m\u00e1s amplio sin requerir conocimiento especializado de los lectores.<\/p>\n<p><strong>7.2. Valoraci\u00f3n de la estrategia intertextual<\/strong><\/p>\n<p>La estrategia intertextual de Garc\u00eda Ramos debe valorarse en funci\u00f3n de sus propios objetivos. Si el objetivo fuera producir poes\u00eda que dialogara erud\u00edtamente con la tradici\u00f3n literaria, la ausencia de referencias constituir\u00eda una limitaci\u00f3n. Pero si el objetivo es acompa\u00f1ar emocionalmente a lectores en procesos de crecimiento personal mediante un lenguaje accesible, la estrategia resulta adecuada.<\/p>\n<p>La referencia a Benedetti ejemplifica c\u00f3mo pueden incorporarse elementos intertextuales sin comprometer la accesibilidad. La elecci\u00f3n de un poeta ampliamente conocido, la cita de una frase reconocible y la integraci\u00f3n funcional de la referencia en el poema demuestran que intertextualidad y accesibilidad no son necesariamente incompatibles.<\/p>\n<p>La evoluci\u00f3n entre\u00a0<em>Ama desde tus adentros<\/em>\u00a0(sin referencias) y\u00a0<em>Renacida en mi calma<\/em>\u00a0(con una referencia) sugiere que Garc\u00eda Ramos est\u00e1 explorando formas de enriquecer su poes\u00eda sin renunciar a sus principios fundamentales.<\/p>\n<p><strong>7.3. Proyecci\u00f3n futura<\/strong><\/p>\n<p>La trayectoria de Garc\u00eda Ramos sugiere que futuros trabajos podr\u00edan incorporar referencias adicionales manteniendo el principio de accesibilidad. La estrategia consistir\u00eda en seleccionar autores reconocibles, integrar las referencias funcionalmente y evitar la erudici\u00f3n ostentosa.<\/p>\n<p>Posibles referencias futuras podr\u00edan incluir a poetas como Gloria Fuertes (poeta espa\u00f1ola de lenguaje accesible), Pablo Neruda (poeta ampliamente conocido), o figuras contempor\u00e1neas que trabajan en l\u00edneas similares. Lo importante ser\u00eda mantener el criterio de reconocibilidad y pertinencia tem\u00e1tica.<\/p>\n<p>Esta incorporaci\u00f3n progresiva de elementos intertextuales podr\u00eda enriquecer la poes\u00eda de Garc\u00eda Ramos sin alienar a su p\u00fablico fundamental, demostrando que la poes\u00eda accesible puede dialogar con la tradici\u00f3n literaria de formas no excluyentes.<\/p>\n<p><strong>7.4. Significado en el contexto literario contempor\u00e1neo<\/strong><\/p>\n<p>La estrategia intertextual de Garc\u00eda Ramos resulta significativa en el contexto de debates contempor\u00e1neos sobre elitismo y democratizaci\u00f3n cultural. Su obra demuestra que es posible construir una propuesta po\u00e9tica que privilegie la accesibilidad sin renunciar completamente al di\u00e1logo con la tradici\u00f3n literaria.<\/p>\n<p>La referencia a Benedetti establece tambi\u00e9n un puente entre tradiciones po\u00e9ticas espa\u00f1olas e hispanoamericanas, conectando con una comunidad de lectores m\u00e1s amplia que la exclusivamente peninsular.<\/p>\n<p>El poemario contribuye a visibilizar formas de producci\u00f3n y circulaci\u00f3n po\u00e9tica alternativas a los circuitos acad\u00e9micos tradicionales, demostrando que la poes\u00eda puede alcanzar p\u00fablicos amplios mediante estrategias de accesibilidad sin comprometer su dignidad literaria.<\/p>\n<p>En definitiva, el an\u00e1lisis intertextual de\u00a0<em>Renacida en mi calma<\/em>\u00a0revela una propuesta po\u00e9tica que opta estrat\u00e9gicamente por el minimalismo referencial como forma de democratizar el acceso a la poes\u00eda, manteniendo sin embargo un di\u00e1logo significativo con tradiciones literarias que valoran la claridad, la comunicaci\u00f3n y el compromiso con experiencias compartibles.<\/p>\n<p>An\u00e1lisis cr\u00edtico realizado para el estudio acad\u00e9mico de\u00a0<em>Renacida en mi calma<\/em>\u00a0(2025) de Luc\u00eda Garc\u00eda Ramos.<\/p>\n<p><strong>Fecha:<\/strong>\u00a0Diciembre de 2025<\/p>\n<p><strong>Este estudio ha sido elaborado como contribuci\u00f3n al an\u00e1lisis de la intertextualidad en la poes\u00eda espa\u00f1ola contempor\u00e1nea y al estudio de las estrategias de accesibilidad en la producci\u00f3n po\u00e9tica del siglo XXI.<\/strong><\/p>\n<p>&nbsp;<\/p>\n","protected":false},"excerpt":{"rendered":"<p>de Claudia Soneira, \u00c1ngela Isabel. \u00abINTERTEXTUALIDAD: AN\u00c1LISIS DE LA REFERENCIA A MARIO BENEDETTI (&#8220;LA ALEGR\u00cdA SE DEFIENDE&#8221;) Y OTRAS POSIBLES INFLUENCIAS LITERARIAS\u00bb. Zenodo, 6 de diciembre de 2025. https:\/\/doi.org\/10.5281\/zenodo.17842132<\/p>\n","protected":false},"author":1,"featured_media":115,"comment_status":"closed","ping_status":"closed","sticky":false,"template":"","format":"standard","meta":{"_acf_changed":false,"footnotes":""},"categories":[4],"tags":[],"class_list":["post-114","post","type-post","status-publish","format-standard","has-post-thumbnail","hentry","category-renacida-en-mi-calma-academicos"],"acf":[],"yoast_head":"<!-- This site is optimized with the Yoast SEO Premium plugin v24.7 (Yoast SEO v27.4) - https:\/\/yoast.com\/product\/yoast-seo-premium-wordpress\/ -->\n<title>INTERTEXTUALIDAD: AN\u00c1LISIS DE LA REFERENCIA A MARIO BENEDETTI (&quot;LA ALEGR\u00cdA SE DEFIENDE&quot;) Y OTRAS POSIBLES INFLUENCIAS LITERARIAS - Luc\u00eda Garc\u00eda Ramos<\/title>\n<meta name=\"description\" content=\"de Claudia Soneira, \u00c1ngela Isabel. \u00abINTERTEXTUALIDAD: AN\u00c1LISIS DE LA REFERENCIA A MARIO BENEDETTI (&quot;LA ALEGR\u00cdA SE DEFIENDE&quot;) Y OTRAS POSIBLES INFLUENCIAS LITERARIAS\u00bb. Zenodo, 6 de diciembre de 2025. https:\/\/doi.org\/10.5281\/zenodo.17842132\" \/>\n<meta name=\"robots\" content=\"index, follow, max-snippet:-1, max-image-preview:large, max-video-preview:-1\" \/>\n<link rel=\"canonical\" href=\"https:\/\/nuestrosescritores.com\/luciagarciaramos\/2025\/12\/06\/intertextualidad-analisis-de-la-referencia-a-mario-benedetti-la-alegria-se-defiende-y-otras-posibles-influencias-literarias\/\" \/>\n<meta property=\"og:locale\" content=\"es_ES\" \/>\n<meta property=\"og:type\" content=\"article\" \/>\n<meta property=\"og:title\" content=\"INTERTEXTUALIDAD: AN\u00c1LISIS DE LA REFERENCIA A MARIO BENEDETTI (&quot;LA ALEGR\u00cdA SE DEFIENDE&quot;) Y OTRAS POSIBLES INFLUENCIAS LITERARIAS\" \/>\n<meta property=\"og:description\" content=\"de Claudia Soneira, \u00c1ngela Isabel. \u00abINTERTEXTUALIDAD: AN\u00c1LISIS DE LA REFERENCIA A MARIO BENEDETTI (&quot;LA ALEGR\u00cdA SE DEFIENDE&quot;) Y OTRAS POSIBLES INFLUENCIAS LITERARIAS\u00bb. Zenodo, 6 de diciembre de 2025. https:\/\/doi.org\/10.5281\/zenodo.17842132\" \/>\n<meta property=\"og:url\" content=\"https:\/\/nuestrosescritores.com\/luciagarciaramos\/2025\/12\/06\/intertextualidad-analisis-de-la-referencia-a-mario-benedetti-la-alegria-se-defiende-y-otras-posibles-influencias-literarias\/\" \/>\n<meta property=\"og:site_name\" content=\"Luc\u00eda Garc\u00eda Ramos\" \/>\n<meta property=\"article:published_time\" content=\"2025-12-06T17:13:42+00:00\" \/>\n<meta property=\"article:modified_time\" content=\"2025-12-06T17:14:18+00:00\" \/>\n<meta property=\"og:image\" content=\"https:\/\/nuestrosescritores.com\/luciagarciaramos\/wp-content\/uploads\/sites\/134\/2025\/12\/book1.png\" \/>\n\t<meta property=\"og:image:width\" content=\"839\" \/>\n\t<meta property=\"og:image:height\" content=\"794\" \/>\n\t<meta property=\"og:image:type\" content=\"image\/png\" \/>\n<meta name=\"author\" content=\"Javierpah\" \/>\n<meta name=\"twitter:card\" content=\"summary_large_image\" \/>\n<meta name=\"twitter:label1\" content=\"Escrito por\" \/>\n\t<meta name=\"twitter:data1\" content=\"Javierpah\" \/>\n\t<meta name=\"twitter:label2\" content=\"Tiempo de lectura\" \/>\n\t<meta name=\"twitter:data2\" content=\"19 minutos\" \/>\n<script type=\"application\/ld+json\" class=\"yoast-schema-graph\">{\"@context\":\"https:\\\/\\\/schema.org\",\"@graph\":[{\"@type\":\"Article\",\"@id\":\"https:\\\/\\\/nuestrosescritores.com\\\/luciagarciaramos\\\/2025\\\/12\\\/06\\\/intertextualidad-analisis-de-la-referencia-a-mario-benedetti-la-alegria-se-defiende-y-otras-posibles-influencias-literarias\\\/#article\",\"isPartOf\":{\"@id\":\"https:\\\/\\\/nuestrosescritores.com\\\/luciagarciaramos\\\/2025\\\/12\\\/06\\\/intertextualidad-analisis-de-la-referencia-a-mario-benedetti-la-alegria-se-defiende-y-otras-posibles-influencias-literarias\\\/\"},\"author\":{\"name\":\"Javierpah\",\"@id\":\"https:\\\/\\\/nuestrosescritores.com\\\/luciagarciaramos\\\/#\\\/schema\\\/person\\\/eeae205ced613630f5aac210989ea6eb\"},\"headline\":\"INTERTEXTUALIDAD: AN\u00c1LISIS DE LA REFERENCIA A MARIO BENEDETTI (&#8220;LA ALEGR\u00cdA SE DEFIENDE&#8221;) Y OTRAS POSIBLES INFLUENCIAS LITERARIAS\",\"datePublished\":\"2025-12-06T17:13:42+00:00\",\"dateModified\":\"2025-12-06T17:14:18+00:00\",\"mainEntityOfPage\":{\"@id\":\"https:\\\/\\\/nuestrosescritores.com\\\/luciagarciaramos\\\/2025\\\/12\\\/06\\\/intertextualidad-analisis-de-la-referencia-a-mario-benedetti-la-alegria-se-defiende-y-otras-posibles-influencias-literarias\\\/\"},\"wordCount\":4463,\"image\":{\"@id\":\"https:\\\/\\\/nuestrosescritores.com\\\/luciagarciaramos\\\/2025\\\/12\\\/06\\\/intertextualidad-analisis-de-la-referencia-a-mario-benedetti-la-alegria-se-defiende-y-otras-posibles-influencias-literarias\\\/#primaryimage\"},\"thumbnailUrl\":\"https:\\\/\\\/nuestrosescritores.com\\\/luciagarciaramos\\\/wp-content\\\/uploads\\\/sites\\\/134\\\/2025\\\/12\\\/book1.png\",\"articleSection\":[\"RENACIDA EN MI CALMA. ACADEMICOS.\"],\"inLanguage\":\"es\",\"copyrightYear\":\"2025\",\"copyrightHolder\":{\"@id\":\"https:\\\/\\\/nuestrosescritores.com\\\/#organization\"}},{\"@type\":\"WebPage\",\"@id\":\"https:\\\/\\\/nuestrosescritores.com\\\/luciagarciaramos\\\/2025\\\/12\\\/06\\\/intertextualidad-analisis-de-la-referencia-a-mario-benedetti-la-alegria-se-defiende-y-otras-posibles-influencias-literarias\\\/\",\"url\":\"https:\\\/\\\/nuestrosescritores.com\\\/luciagarciaramos\\\/2025\\\/12\\\/06\\\/intertextualidad-analisis-de-la-referencia-a-mario-benedetti-la-alegria-se-defiende-y-otras-posibles-influencias-literarias\\\/\",\"name\":\"INTERTEXTUALIDAD: AN\u00c1LISIS DE LA REFERENCIA A MARIO BENEDETTI (\\\"LA ALEGR\u00cdA SE DEFIENDE\\\") Y OTRAS POSIBLES INFLUENCIAS LITERARIAS - Luc\u00eda Garc\u00eda Ramos\",\"isPartOf\":{\"@id\":\"https:\\\/\\\/nuestrosescritores.com\\\/luciagarciaramos\\\/#website\"},\"primaryImageOfPage\":{\"@id\":\"https:\\\/\\\/nuestrosescritores.com\\\/luciagarciaramos\\\/2025\\\/12\\\/06\\\/intertextualidad-analisis-de-la-referencia-a-mario-benedetti-la-alegria-se-defiende-y-otras-posibles-influencias-literarias\\\/#primaryimage\"},\"image\":{\"@id\":\"https:\\\/\\\/nuestrosescritores.com\\\/luciagarciaramos\\\/2025\\\/12\\\/06\\\/intertextualidad-analisis-de-la-referencia-a-mario-benedetti-la-alegria-se-defiende-y-otras-posibles-influencias-literarias\\\/#primaryimage\"},\"thumbnailUrl\":\"https:\\\/\\\/nuestrosescritores.com\\\/luciagarciaramos\\\/wp-content\\\/uploads\\\/sites\\\/134\\\/2025\\\/12\\\/book1.png\",\"datePublished\":\"2025-12-06T17:13:42+00:00\",\"dateModified\":\"2025-12-06T17:14:18+00:00\",\"author\":{\"@id\":\"https:\\\/\\\/nuestrosescritores.com\\\/luciagarciaramos\\\/#\\\/schema\\\/person\\\/eeae205ced613630f5aac210989ea6eb\"},\"description\":\"de Claudia Soneira, \u00c1ngela Isabel. \u00abINTERTEXTUALIDAD: AN\u00c1LISIS DE LA REFERENCIA A MARIO BENEDETTI (\\\"LA ALEGR\u00cdA SE DEFIENDE\\\") Y OTRAS POSIBLES INFLUENCIAS LITERARIAS\u00bb. Zenodo, 6 de diciembre de 2025. https:\\\/\\\/doi.org\\\/10.5281\\\/zenodo.17842132\",\"breadcrumb\":{\"@id\":\"https:\\\/\\\/nuestrosescritores.com\\\/luciagarciaramos\\\/2025\\\/12\\\/06\\\/intertextualidad-analisis-de-la-referencia-a-mario-benedetti-la-alegria-se-defiende-y-otras-posibles-influencias-literarias\\\/#breadcrumb\"},\"inLanguage\":\"es\",\"potentialAction\":[{\"@type\":\"ReadAction\",\"target\":[\"https:\\\/\\\/nuestrosescritores.com\\\/luciagarciaramos\\\/2025\\\/12\\\/06\\\/intertextualidad-analisis-de-la-referencia-a-mario-benedetti-la-alegria-se-defiende-y-otras-posibles-influencias-literarias\\\/\"]}]},{\"@type\":\"ImageObject\",\"inLanguage\":\"es\",\"@id\":\"https:\\\/\\\/nuestrosescritores.com\\\/luciagarciaramos\\\/2025\\\/12\\\/06\\\/intertextualidad-analisis-de-la-referencia-a-mario-benedetti-la-alegria-se-defiende-y-otras-posibles-influencias-literarias\\\/#primaryimage\",\"url\":\"https:\\\/\\\/nuestrosescritores.com\\\/luciagarciaramos\\\/wp-content\\\/uploads\\\/sites\\\/134\\\/2025\\\/12\\\/book1.png\",\"contentUrl\":\"https:\\\/\\\/nuestrosescritores.com\\\/luciagarciaramos\\\/wp-content\\\/uploads\\\/sites\\\/134\\\/2025\\\/12\\\/book1.png\",\"width\":839,\"height\":794},{\"@type\":\"BreadcrumbList\",\"@id\":\"https:\\\/\\\/nuestrosescritores.com\\\/luciagarciaramos\\\/2025\\\/12\\\/06\\\/intertextualidad-analisis-de-la-referencia-a-mario-benedetti-la-alegria-se-defiende-y-otras-posibles-influencias-literarias\\\/#breadcrumb\",\"itemListElement\":[{\"@type\":\"ListItem\",\"position\":1,\"name\":\"Portada\",\"item\":\"https:\\\/\\\/nuestrosescritores.com\\\/luciagarciaramos\\\/\"},{\"@type\":\"ListItem\",\"position\":2,\"name\":\"INTERTEXTUALIDAD: AN\u00c1LISIS DE LA REFERENCIA A MARIO BENEDETTI (&#8220;LA ALEGR\u00cdA SE DEFIENDE&#8221;) Y OTRAS POSIBLES INFLUENCIAS LITERARIAS\"}]},{\"@type\":\"WebSite\",\"@id\":\"https:\\\/\\\/nuestrosescritores.com\\\/luciagarciaramos\\\/#website\",\"url\":\"https:\\\/\\\/nuestrosescritores.com\\\/luciagarciaramos\\\/\",\"name\":\"Nuestros escritores\",\"description\":\"Escritora\",\"potentialAction\":[{\"@type\":\"SearchAction\",\"target\":{\"@type\":\"EntryPoint\",\"urlTemplate\":\"https:\\\/\\\/nuestrosescritores.com\\\/luciagarciaramos\\\/?s={search_term_string}\"},\"query-input\":{\"@type\":\"PropertyValueSpecification\",\"valueRequired\":true,\"valueName\":\"search_term_string\"}}],\"inLanguage\":\"es\"},{\"@type\":\"Person\",\"@id\":\"https:\\\/\\\/nuestrosescritores.com\\\/luciagarciaramos\\\/#\\\/schema\\\/person\\\/eeae205ced613630f5aac210989ea6eb\",\"name\":\"Javierpah\",\"image\":{\"@type\":\"ImageObject\",\"inLanguage\":\"es\",\"@id\":\"https:\\\/\\\/secure.gravatar.com\\\/avatar\\\/1cb55a5bd8d6824519e46b552e84b03575857cc9c4d6333824d2f95d82129f50?s=96&d=mm&r=g\",\"url\":\"https:\\\/\\\/secure.gravatar.com\\\/avatar\\\/1cb55a5bd8d6824519e46b552e84b03575857cc9c4d6333824d2f95d82129f50?s=96&d=mm&r=g\",\"contentUrl\":\"https:\\\/\\\/secure.gravatar.com\\\/avatar\\\/1cb55a5bd8d6824519e46b552e84b03575857cc9c4d6333824d2f95d82129f50?s=96&d=mm&r=g\",\"caption\":\"Javierpah\"}}]}<\/script>\n<!-- \/ Yoast SEO Premium plugin. -->","yoast_head_json":{"title":"INTERTEXTUALIDAD: AN\u00c1LISIS DE LA REFERENCIA A MARIO BENEDETTI (\"LA ALEGR\u00cdA SE DEFIENDE\") Y OTRAS POSIBLES INFLUENCIAS LITERARIAS - Luc\u00eda Garc\u00eda Ramos","description":"de Claudia Soneira, \u00c1ngela Isabel. \u00abINTERTEXTUALIDAD: AN\u00c1LISIS DE LA REFERENCIA A MARIO BENEDETTI (\"LA ALEGR\u00cdA SE DEFIENDE\") Y OTRAS POSIBLES INFLUENCIAS LITERARIAS\u00bb. Zenodo, 6 de diciembre de 2025. https:\/\/doi.org\/10.5281\/zenodo.17842132","robots":{"index":"index","follow":"follow","max-snippet":"max-snippet:-1","max-image-preview":"max-image-preview:large","max-video-preview":"max-video-preview:-1"},"canonical":"https:\/\/nuestrosescritores.com\/luciagarciaramos\/2025\/12\/06\/intertextualidad-analisis-de-la-referencia-a-mario-benedetti-la-alegria-se-defiende-y-otras-posibles-influencias-literarias\/","og_locale":"es_ES","og_type":"article","og_title":"INTERTEXTUALIDAD: AN\u00c1LISIS DE LA REFERENCIA A MARIO BENEDETTI (\"LA ALEGR\u00cdA SE DEFIENDE\") Y OTRAS POSIBLES INFLUENCIAS LITERARIAS","og_description":"de Claudia Soneira, \u00c1ngela Isabel. \u00abINTERTEXTUALIDAD: AN\u00c1LISIS DE LA REFERENCIA A MARIO BENEDETTI (\"LA ALEGR\u00cdA SE DEFIENDE\") Y OTRAS POSIBLES INFLUENCIAS LITERARIAS\u00bb. Zenodo, 6 de diciembre de 2025. https:\/\/doi.org\/10.5281\/zenodo.17842132","og_url":"https:\/\/nuestrosescritores.com\/luciagarciaramos\/2025\/12\/06\/intertextualidad-analisis-de-la-referencia-a-mario-benedetti-la-alegria-se-defiende-y-otras-posibles-influencias-literarias\/","og_site_name":"Luc\u00eda Garc\u00eda Ramos","article_published_time":"2025-12-06T17:13:42+00:00","article_modified_time":"2025-12-06T17:14:18+00:00","og_image":[{"width":839,"height":794,"url":"https:\/\/nuestrosescritores.com\/luciagarciaramos\/wp-content\/uploads\/sites\/134\/2025\/12\/book1.png","type":"image\/png"}],"author":"Javierpah","twitter_card":"summary_large_image","twitter_misc":{"Escrito por":"Javierpah","Tiempo de lectura":"19 minutos"},"schema":{"@context":"https:\/\/schema.org","@graph":[{"@type":"Article","@id":"https:\/\/nuestrosescritores.com\/luciagarciaramos\/2025\/12\/06\/intertextualidad-analisis-de-la-referencia-a-mario-benedetti-la-alegria-se-defiende-y-otras-posibles-influencias-literarias\/#article","isPartOf":{"@id":"https:\/\/nuestrosescritores.com\/luciagarciaramos\/2025\/12\/06\/intertextualidad-analisis-de-la-referencia-a-mario-benedetti-la-alegria-se-defiende-y-otras-posibles-influencias-literarias\/"},"author":{"name":"Javierpah","@id":"https:\/\/nuestrosescritores.com\/luciagarciaramos\/#\/schema\/person\/eeae205ced613630f5aac210989ea6eb"},"headline":"INTERTEXTUALIDAD: AN\u00c1LISIS DE LA REFERENCIA A MARIO BENEDETTI (&#8220;LA ALEGR\u00cdA SE DEFIENDE&#8221;) Y OTRAS POSIBLES INFLUENCIAS LITERARIAS","datePublished":"2025-12-06T17:13:42+00:00","dateModified":"2025-12-06T17:14:18+00:00","mainEntityOfPage":{"@id":"https:\/\/nuestrosescritores.com\/luciagarciaramos\/2025\/12\/06\/intertextualidad-analisis-de-la-referencia-a-mario-benedetti-la-alegria-se-defiende-y-otras-posibles-influencias-literarias\/"},"wordCount":4463,"image":{"@id":"https:\/\/nuestrosescritores.com\/luciagarciaramos\/2025\/12\/06\/intertextualidad-analisis-de-la-referencia-a-mario-benedetti-la-alegria-se-defiende-y-otras-posibles-influencias-literarias\/#primaryimage"},"thumbnailUrl":"https:\/\/nuestrosescritores.com\/luciagarciaramos\/wp-content\/uploads\/sites\/134\/2025\/12\/book1.png","articleSection":["RENACIDA EN MI CALMA. ACADEMICOS."],"inLanguage":"es","copyrightYear":"2025","copyrightHolder":{"@id":"https:\/\/nuestrosescritores.com\/#organization"}},{"@type":"WebPage","@id":"https:\/\/nuestrosescritores.com\/luciagarciaramos\/2025\/12\/06\/intertextualidad-analisis-de-la-referencia-a-mario-benedetti-la-alegria-se-defiende-y-otras-posibles-influencias-literarias\/","url":"https:\/\/nuestrosescritores.com\/luciagarciaramos\/2025\/12\/06\/intertextualidad-analisis-de-la-referencia-a-mario-benedetti-la-alegria-se-defiende-y-otras-posibles-influencias-literarias\/","name":"INTERTEXTUALIDAD: AN\u00c1LISIS DE LA REFERENCIA A MARIO BENEDETTI (\"LA ALEGR\u00cdA SE DEFIENDE\") Y OTRAS POSIBLES INFLUENCIAS LITERARIAS - Luc\u00eda Garc\u00eda Ramos","isPartOf":{"@id":"https:\/\/nuestrosescritores.com\/luciagarciaramos\/#website"},"primaryImageOfPage":{"@id":"https:\/\/nuestrosescritores.com\/luciagarciaramos\/2025\/12\/06\/intertextualidad-analisis-de-la-referencia-a-mario-benedetti-la-alegria-se-defiende-y-otras-posibles-influencias-literarias\/#primaryimage"},"image":{"@id":"https:\/\/nuestrosescritores.com\/luciagarciaramos\/2025\/12\/06\/intertextualidad-analisis-de-la-referencia-a-mario-benedetti-la-alegria-se-defiende-y-otras-posibles-influencias-literarias\/#primaryimage"},"thumbnailUrl":"https:\/\/nuestrosescritores.com\/luciagarciaramos\/wp-content\/uploads\/sites\/134\/2025\/12\/book1.png","datePublished":"2025-12-06T17:13:42+00:00","dateModified":"2025-12-06T17:14:18+00:00","author":{"@id":"https:\/\/nuestrosescritores.com\/luciagarciaramos\/#\/schema\/person\/eeae205ced613630f5aac210989ea6eb"},"description":"de Claudia Soneira, \u00c1ngela Isabel. \u00abINTERTEXTUALIDAD: AN\u00c1LISIS DE LA REFERENCIA A MARIO BENEDETTI (\"LA ALEGR\u00cdA SE DEFIENDE\") Y OTRAS POSIBLES INFLUENCIAS LITERARIAS\u00bb. Zenodo, 6 de diciembre de 2025. https:\/\/doi.org\/10.5281\/zenodo.17842132","breadcrumb":{"@id":"https:\/\/nuestrosescritores.com\/luciagarciaramos\/2025\/12\/06\/intertextualidad-analisis-de-la-referencia-a-mario-benedetti-la-alegria-se-defiende-y-otras-posibles-influencias-literarias\/#breadcrumb"},"inLanguage":"es","potentialAction":[{"@type":"ReadAction","target":["https:\/\/nuestrosescritores.com\/luciagarciaramos\/2025\/12\/06\/intertextualidad-analisis-de-la-referencia-a-mario-benedetti-la-alegria-se-defiende-y-otras-posibles-influencias-literarias\/"]}]},{"@type":"ImageObject","inLanguage":"es","@id":"https:\/\/nuestrosescritores.com\/luciagarciaramos\/2025\/12\/06\/intertextualidad-analisis-de-la-referencia-a-mario-benedetti-la-alegria-se-defiende-y-otras-posibles-influencias-literarias\/#primaryimage","url":"https:\/\/nuestrosescritores.com\/luciagarciaramos\/wp-content\/uploads\/sites\/134\/2025\/12\/book1.png","contentUrl":"https:\/\/nuestrosescritores.com\/luciagarciaramos\/wp-content\/uploads\/sites\/134\/2025\/12\/book1.png","width":839,"height":794},{"@type":"BreadcrumbList","@id":"https:\/\/nuestrosescritores.com\/luciagarciaramos\/2025\/12\/06\/intertextualidad-analisis-de-la-referencia-a-mario-benedetti-la-alegria-se-defiende-y-otras-posibles-influencias-literarias\/#breadcrumb","itemListElement":[{"@type":"ListItem","position":1,"name":"Portada","item":"https:\/\/nuestrosescritores.com\/luciagarciaramos\/"},{"@type":"ListItem","position":2,"name":"INTERTEXTUALIDAD: AN\u00c1LISIS DE LA REFERENCIA A MARIO BENEDETTI (&#8220;LA ALEGR\u00cdA SE DEFIENDE&#8221;) Y OTRAS POSIBLES INFLUENCIAS LITERARIAS"}]},{"@type":"WebSite","@id":"https:\/\/nuestrosescritores.com\/luciagarciaramos\/#website","url":"https:\/\/nuestrosescritores.com\/luciagarciaramos\/","name":"Nuestros escritores","description":"Escritora","potentialAction":[{"@type":"SearchAction","target":{"@type":"EntryPoint","urlTemplate":"https:\/\/nuestrosescritores.com\/luciagarciaramos\/?s={search_term_string}"},"query-input":{"@type":"PropertyValueSpecification","valueRequired":true,"valueName":"search_term_string"}}],"inLanguage":"es"},{"@type":"Person","@id":"https:\/\/nuestrosescritores.com\/luciagarciaramos\/#\/schema\/person\/eeae205ced613630f5aac210989ea6eb","name":"Javierpah","image":{"@type":"ImageObject","inLanguage":"es","@id":"https:\/\/secure.gravatar.com\/avatar\/1cb55a5bd8d6824519e46b552e84b03575857cc9c4d6333824d2f95d82129f50?s=96&d=mm&r=g","url":"https:\/\/secure.gravatar.com\/avatar\/1cb55a5bd8d6824519e46b552e84b03575857cc9c4d6333824d2f95d82129f50?s=96&d=mm&r=g","contentUrl":"https:\/\/secure.gravatar.com\/avatar\/1cb55a5bd8d6824519e46b552e84b03575857cc9c4d6333824d2f95d82129f50?s=96&d=mm&r=g","caption":"Javierpah"}}]}},"_links":{"self":[{"href":"https:\/\/nuestrosescritores.com\/luciagarciaramos\/wp-json\/wp\/v2\/posts\/114","targetHints":{"allow":["GET"]}}],"collection":[{"href":"https:\/\/nuestrosescritores.com\/luciagarciaramos\/wp-json\/wp\/v2\/posts"}],"about":[{"href":"https:\/\/nuestrosescritores.com\/luciagarciaramos\/wp-json\/wp\/v2\/types\/post"}],"author":[{"embeddable":true,"href":"https:\/\/nuestrosescritores.com\/luciagarciaramos\/wp-json\/wp\/v2\/users\/1"}],"replies":[{"embeddable":true,"href":"https:\/\/nuestrosescritores.com\/luciagarciaramos\/wp-json\/wp\/v2\/comments?post=114"}],"version-history":[{"count":0,"href":"https:\/\/nuestrosescritores.com\/luciagarciaramos\/wp-json\/wp\/v2\/posts\/114\/revisions"}],"wp:featuredmedia":[{"embeddable":true,"href":"https:\/\/nuestrosescritores.com\/luciagarciaramos\/wp-json\/wp\/v2\/media\/115"}],"wp:attachment":[{"href":"https:\/\/nuestrosescritores.com\/luciagarciaramos\/wp-json\/wp\/v2\/media?parent=114"}],"wp:term":[{"taxonomy":"category","embeddable":true,"href":"https:\/\/nuestrosescritores.com\/luciagarciaramos\/wp-json\/wp\/v2\/categories?post=114"},{"taxonomy":"post_tag","embeddable":true,"href":"https:\/\/nuestrosescritores.com\/luciagarciaramos\/wp-json\/wp\/v2\/tags?post=114"}],"curies":[{"name":"wp","href":"https:\/\/api.w.org\/{rel}","templated":true}]}}