{"id":165,"date":"2024-12-24T18:35:26","date_gmt":"2024-12-24T17:35:26","guid":{"rendered":"https:\/\/nuestrosescritores.com\/joseygiuseppe\/?p=165"},"modified":"2024-12-26T16:40:18","modified_gmt":"2024-12-26T15:40:18","slug":"poesia","status":"publish","type":"post","link":"https:\/\/nuestrosescritores.com\/joseygiuseppe\/2024\/12\/24\/poesia\/","title":{"rendered":"POES\u00cdA"},"content":{"rendered":"\t\t<div data-elementor-type=\"wp-post\" data-elementor-id=\"165\" class=\"elementor elementor-165\">\n\t\t\t\t\t\t<section class=\"elementor-section elementor-top-section elementor-element elementor-element-48c050f3 elementor-section-full_width elementor-section-height-full elementor-section-content-middle back elementor-section-height-default elementor-section-items-middle\" data-id=\"48c050f3\" data-element_type=\"section\" data-e-type=\"section\">\n\t\t\t\t\t\t\t<div class=\"elementor-background-overlay\"><\/div>\n\t\t\t\t\t\t\t<div class=\"elementor-container elementor-column-gap-no\">\n\t\t\t\t\t<div class=\"aux-parallax-section elementor-column elementor-col-100 elementor-top-column elementor-element elementor-element-8d3b29\" data-id=\"8d3b29\" data-element_type=\"column\" data-e-type=\"column\">\n\t\t\t<div class=\"elementor-widget-wrap\">\n\t\t\t\t\t\t\t<\/div>\n\t\t<\/div>\n\t\t\t\t\t<\/div>\n\t\t<\/section>\n\t\t\t\t<section class=\"elementor-section elementor-top-section elementor-element elementor-element-1983d253 elementor-section-boxed elementor-section-height-default elementor-section-height-default\" data-id=\"1983d253\" data-element_type=\"section\" data-e-type=\"section\">\n\t\t\t\t\t\t<div class=\"elementor-container elementor-column-gap-default\">\n\t\t\t\t\t<div class=\"aux-parallax-section elementor-column elementor-col-100 elementor-top-column elementor-element elementor-element-28ec54a\" data-id=\"28ec54a\" data-element_type=\"column\" data-e-type=\"column\">\n\t\t\t<div class=\"elementor-widget-wrap elementor-element-populated\">\n\t\t\t\t\t\t<div class=\"elementor-element elementor-element-5d672812 elementor-widget elementor-widget-text-editor\" data-id=\"5d672812\" data-element_type=\"widget\" data-e-type=\"widget\" data-widget_type=\"text-editor.default\">\n\t\t\t\t<div class=\"elementor-widget-container\">\n\t\t\t\t\t\t\t\t\t<h1><a name=\"_Toc132999983\"><\/a><\/h1><h1>ENAMORADO<\/h1><p>(Al generoso y hospitalario, pueblo<br \/>de San Josep de sa Talaia)<\/p><p>Unas horas en esta tierra,<br \/>y ya sientes c\u00f3mo huele,<br \/>c\u00f3mo besa y c\u00f3mo quiere,<br \/>\u00a1c\u00f3mo se abraza y se da!<\/p><p>Sin pedir, por no pedir,<br \/>ni rehusar por no rehusar.<br \/>Su boca te sabe a miel.<br \/>Su cuerpo a agua y sal.<br \/>Sus palabras a regocijo<br \/>y su mirada es la paz.<\/p><p>La transparencia en su gente<br \/>se hace gentil y esencial.<br \/>Llegu\u00e9 perdido, aunque abiertas<br \/>las puertas de par en par.<\/p><p>El coraz\u00f3n, casi siempre,<br \/>tiene instinto natural,<br \/>y sabe, por como siente,<br \/>cuando se puede entregar.<br \/>Y ahora me veo atrapado<br \/>en una red de cristal.<\/p><p>Siento que debo marcharme<br \/>y no me quiero marchar.<br \/>Me he quedado atrapado<br \/>en un sue\u00f1o por so\u00f1ar.<br \/>Bendita tierra que tiene<br \/>la virtud de enamorar.<\/p><p><span class='bctt-click-to-tweet'><span class='bctt-ctt-text'><a href='https:\/\/x.com\/intent\/tweet?url=https%3A%2F%2Fnuestrosescritores.com%2Fjoseygiuseppe%2F2024%2F12%2F24%2Fpoesia%2F&#038;text=ENAMORADO%20del%20libro%20DONDE%20T%C3%9A%20EST%C3%81S%20de%20JOS%C3%89%20MART%C3%8DNEZ%20GARC%C3%8DA.&#038;related' target='_blank'rel=\"noopener noreferrer\">ENAMORADO del libro DONDE T\u00da EST\u00c1S de JOS\u00c9 MART\u00cdNEZ GARC\u00cdA. <\/a><\/span><a href='https:\/\/x.com\/intent\/tweet?url=https%3A%2F%2Fnuestrosescritores.com%2Fjoseygiuseppe%2F2024%2F12%2F24%2Fpoesia%2F&#038;text=ENAMORADO%20del%20libro%20DONDE%20T%C3%9A%20EST%C3%81S%20de%20JOS%C3%89%20MART%C3%8DNEZ%20GARC%C3%8DA.&#038;related' target='_blank' class='bctt-ctt-btn'rel=\"noopener noreferrer\">Compartir en X<\/a><\/span><\/p>\t\t\t\t\t\t\t\t<\/div>\n\t\t\t\t<\/div>\n\t\t\t\t\t<\/div>\n\t\t<\/div>\n\t\t\t\t\t<\/div>\n\t\t<\/section>\n\t\t\t\t<section class=\"elementor-section elementor-top-section elementor-element elementor-element-5869303c elementor-section-height-full elementor-section-content-middle back elementor-section-boxed elementor-section-height-default elementor-section-items-middle\" data-id=\"5869303c\" data-element_type=\"section\" data-e-type=\"section\">\n\t\t\t\t\t\t\t<div class=\"elementor-background-overlay\"><\/div>\n\t\t\t\t\t\t\t<div class=\"elementor-container elementor-column-gap-no\">\n\t\t\t\t\t<div class=\"aux-parallax-section elementor-column elementor-col-100 elementor-top-column elementor-element elementor-element-4e052771\" data-id=\"4e052771\" data-element_type=\"column\" data-e-type=\"column\">\n\t\t\t<div class=\"elementor-widget-wrap\">\n\t\t\t\t\t\t\t<\/div>\n\t\t<\/div>\n\t\t\t\t\t<\/div>\n\t\t<\/section>\n\t\t\t\t<section class=\"elementor-section elementor-top-section elementor-element elementor-element-7d39ae9e elementor-section-full_width elementor-section-height-full elementor-section-height-default elementor-section-items-middle\" data-id=\"7d39ae9e\" data-element_type=\"section\" data-e-type=\"section\">\n\t\t\t\t\t\t<div class=\"elementor-container elementor-column-gap-default\">\n\t\t\t\t\t<div class=\"aux-parallax-section elementor-column elementor-col-100 elementor-top-column elementor-element elementor-element-4eb9bf9d\" data-id=\"4eb9bf9d\" data-element_type=\"column\" data-e-type=\"column\">\n\t\t\t<div class=\"elementor-widget-wrap elementor-element-populated\">\n\t\t\t\t\t\t<div class=\"elementor-element elementor-element-7f5becb6 elementor-widget elementor-widget-text-editor\" data-id=\"7f5becb6\" data-element_type=\"widget\" data-e-type=\"widget\" data-widget_type=\"text-editor.default\">\n\t\t\t\t<div class=\"elementor-widget-container\">\n\t\t\t\t\t\t\t\t\t<h1><a name=\"_Toc132999983\"><\/a><\/h1><h1><a name=\"_Toc132999987\"><\/a><\/h1><h1>ESPERA<\/h1><p>En aparente relax<br \/>que el alma no se impacienta,<br \/>pero ansiosos de que llegue<br \/>el turno, para dar suelta<br \/>a todas las emociones <br \/>que, por la sangre, despiertan.<\/p><p>Y mientras tanto tranquilos,<br \/>que el alma no se impacienta\u2026<\/p><p><span class='bctt-click-to-tweet'><span class='bctt-ctt-text'><a href='https:\/\/x.com\/intent\/tweet?url=https%3A%2F%2Fnuestrosescritores.com%2Fjoseygiuseppe%2F2024%2F12%2F24%2Fpoesia%2F&#038;text=ESPERA%20del%20libro%20DETALLES%20CON%20ALMA%20de%20JOS%C3%89%20MART%C3%8DNEZ%20GARC%C3%8DA.&#038;related' target='_blank'rel=\"noopener noreferrer\">ESPERA del libro DETALLES CON ALMA de JOS\u00c9 MART\u00cdNEZ GARC\u00cdA. <\/a><\/span><a href='https:\/\/x.com\/intent\/tweet?url=https%3A%2F%2Fnuestrosescritores.com%2Fjoseygiuseppe%2F2024%2F12%2F24%2Fpoesia%2F&#038;text=ESPERA%20del%20libro%20DETALLES%20CON%20ALMA%20de%20JOS%C3%89%20MART%C3%8DNEZ%20GARC%C3%8DA.&#038;related' target='_blank' class='bctt-ctt-btn'rel=\"noopener noreferrer\">Compartir en X<\/a><\/span><\/p>\t\t\t\t\t\t\t\t<\/div>\n\t\t\t\t<\/div>\n\t\t\t\t\t<\/div>\n\t\t<\/div>\n\t\t\t\t\t<\/div>\n\t\t<\/section>\n\t\t\t\t<section class=\"elementor-section elementor-top-section elementor-element elementor-element-56b3c80d elementor-section-full_width elementor-section-height-full elementor-section-content-middle back elementor-section-height-default elementor-section-items-middle\" data-id=\"56b3c80d\" data-element_type=\"section\" data-e-type=\"section\">\n\t\t\t\t\t\t\t<div class=\"elementor-background-overlay\"><\/div>\n\t\t\t\t\t\t\t<div class=\"elementor-container elementor-column-gap-no\">\n\t\t\t\t\t<div class=\"aux-parallax-section elementor-column elementor-col-100 elementor-top-column elementor-element elementor-element-6046132\" data-id=\"6046132\" data-element_type=\"column\" data-e-type=\"column\">\n\t\t\t<div class=\"elementor-widget-wrap\">\n\t\t\t\t\t\t\t<\/div>\n\t\t<\/div>\n\t\t\t\t\t<\/div>\n\t\t<\/section>\n\t\t\t\t<section class=\"elementor-section elementor-top-section elementor-element elementor-element-5b8cb7a9 elementor-section-boxed elementor-section-height-default elementor-section-height-default\" data-id=\"5b8cb7a9\" data-element_type=\"section\" data-e-type=\"section\">\n\t\t\t\t\t\t<div class=\"elementor-container elementor-column-gap-default\">\n\t\t\t\t\t<div class=\"aux-parallax-section elementor-column elementor-col-100 elementor-top-column elementor-element elementor-element-4e0eaf0a\" data-id=\"4e0eaf0a\" data-element_type=\"column\" data-e-type=\"column\">\n\t\t\t<div class=\"elementor-widget-wrap elementor-element-populated\">\n\t\t\t\t\t\t<div class=\"elementor-element elementor-element-2cdb7aff elementor-widget elementor-widget-text-editor\" data-id=\"2cdb7aff\" data-element_type=\"widget\" data-e-type=\"widget\" data-widget_type=\"text-editor.default\">\n\t\t\t\t<div class=\"elementor-widget-container\">\n\t\t\t\t\t\t\t\t\t<h1><a name=\"_Toc132999983\"><\/a><\/h1><h1><a name=\"_Toc132999987\"><\/a><\/h1><h1><a name=\"_Toc133000005\"><\/a><\/h1><h1>V\u00cdA CRUCIS<\/h1><p>Acompa\u00f1ando a la Virgen.<br \/>Imaginando el dolor<br \/>de una madre angustiada<br \/>por su hijo, en su pasi\u00f3n.<br \/>Reviviendo cada paso,<br \/>compungido el coraz\u00f3n.<br \/>En cada parada, el rezo,<br \/>parece pedir perd\u00f3n.<br \/>Silencio sobre silencio,<br \/>traje para la ocasi\u00f3n.<br \/>El alma habla muy bajo,<br \/>que el que va sufriendo es Dios.<\/p><p>Catorce paradas fueron,<br \/>catorce paradas son\u2026<\/p><p><span class='bctt-click-to-tweet'><span class='bctt-ctt-text'><a href='https:\/\/x.com\/intent\/tweet?url=https%3A%2F%2Fnuestrosescritores.com%2Fjoseygiuseppe%2F2024%2F12%2F24%2Fpoesia%2F&#038;text=V%C3%8DA%20CRUCIS%20del%20libro%20DETALLES%20CON%20ALMA%20de%20JOS%C3%89%20MART%C3%8DNEZ%20GARC%C3%8DA.&#038;related' target='_blank'rel=\"noopener noreferrer\">V\u00cdA CRUCIS del libro DETALLES CON ALMA de JOS\u00c9 MART\u00cdNEZ GARC\u00cdA. <\/a><\/span><a href='https:\/\/x.com\/intent\/tweet?url=https%3A%2F%2Fnuestrosescritores.com%2Fjoseygiuseppe%2F2024%2F12%2F24%2Fpoesia%2F&#038;text=V%C3%8DA%20CRUCIS%20del%20libro%20DETALLES%20CON%20ALMA%20de%20JOS%C3%89%20MART%C3%8DNEZ%20GARC%C3%8DA.&#038;related' target='_blank' class='bctt-ctt-btn'rel=\"noopener noreferrer\">Compartir en X<\/a><\/span><\/p>\t\t\t\t\t\t\t\t<\/div>\n\t\t\t\t<\/div>\n\t\t\t\t\t<\/div>\n\t\t<\/div>\n\t\t\t\t\t<\/div>\n\t\t<\/section>\n\t\t\t\t<section class=\"elementor-section elementor-top-section elementor-element elementor-element-2088228 elementor-section-full_width elementor-section-height-full elementor-section-content-middle back elementor-section-height-default elementor-section-items-middle\" data-id=\"2088228\" data-element_type=\"section\" data-e-type=\"section\">\n\t\t\t\t\t\t\t<div class=\"elementor-background-overlay\"><\/div>\n\t\t\t\t\t\t\t<div class=\"elementor-container elementor-column-gap-no\">\n\t\t\t\t\t<div class=\"aux-parallax-section elementor-column elementor-col-100 elementor-top-column elementor-element elementor-element-5bdbd127\" data-id=\"5bdbd127\" data-element_type=\"column\" data-e-type=\"column\">\n\t\t\t<div class=\"elementor-widget-wrap\">\n\t\t\t\t\t\t\t<\/div>\n\t\t<\/div>\n\t\t\t\t\t<\/div>\n\t\t<\/section>\n\t\t\t\t<section class=\"elementor-section elementor-top-section elementor-element elementor-element-57c116b7 elementor-section-boxed elementor-section-height-default elementor-section-height-default\" data-id=\"57c116b7\" data-element_type=\"section\" data-e-type=\"section\">\n\t\t\t\t\t\t<div class=\"elementor-container elementor-column-gap-default\">\n\t\t\t\t\t<div class=\"aux-parallax-section elementor-column elementor-col-100 elementor-top-column elementor-element elementor-element-147f8731\" data-id=\"147f8731\" data-element_type=\"column\" data-e-type=\"column\">\n\t\t\t<div class=\"elementor-widget-wrap elementor-element-populated\">\n\t\t\t\t\t\t<div class=\"elementor-element elementor-element-5ce6cf2c elementor-widget elementor-widget-text-editor\" data-id=\"5ce6cf2c\" data-element_type=\"widget\" data-e-type=\"widget\" data-widget_type=\"text-editor.default\">\n\t\t\t\t<div class=\"elementor-widget-container\">\n\t\t\t\t\t\t\t\t\t<h1><a name=\"_Toc133000005\"><\/a><\/h1><h1><a name=\"_Toc133000014\"><\/a><\/h1><h1>CHALECO<\/h1><p>Doce botones de plata<br \/>a cada lado del pecho.<br \/>Luceros que desprendidos<br \/>cayeron sobre el chaleco.<br \/>La isla se sinti\u00f3 grande<br \/>y el hombre se sinti\u00f3 inmenso.<br \/>No hay m\u00e1s orgullo en la sangre<br \/>que la de ser ibicenco.<\/p><p>Hay nudos que en la garganta<br \/>se cubren con un pa\u00f1uelo.<br \/>Y rosarios que custodian<br \/>de este sentir los secretos.<\/p><p>Doce botones de plata<br \/>a cada lado del pecho\u2026<\/p><p><span class='bctt-click-to-tweet'><span class='bctt-ctt-text'><a href='https:\/\/x.com\/intent\/tweet?url=https%3A%2F%2Fnuestrosescritores.com%2Fjoseygiuseppe%2F2024%2F12%2F24%2Fpoesia%2F&#038;text=CHALECO%20del%20libro%20DETALLES%20CON%20ALMA%20de%20JOS%C3%89%20MART%C3%8DNEZ%20GARC%C3%8DA.&#038;related' target='_blank'rel=\"noopener noreferrer\">CHALECO del libro DETALLES CON ALMA de JOS\u00c9 MART\u00cdNEZ GARC\u00cdA. <\/a><\/span><a href='https:\/\/x.com\/intent\/tweet?url=https%3A%2F%2Fnuestrosescritores.com%2Fjoseygiuseppe%2F2024%2F12%2F24%2Fpoesia%2F&#038;text=CHALECO%20del%20libro%20DETALLES%20CON%20ALMA%20de%20JOS%C3%89%20MART%C3%8DNEZ%20GARC%C3%8DA.&#038;related' target='_blank' class='bctt-ctt-btn'rel=\"noopener noreferrer\">Compartir en X<\/a><\/span><\/p>\t\t\t\t\t\t\t\t<\/div>\n\t\t\t\t<\/div>\n\t\t\t\t\t<\/div>\n\t\t<\/div>\n\t\t\t\t\t<\/div>\n\t\t<\/section>\n\t\t\t\t<section class=\"elementor-section elementor-top-section elementor-element elementor-element-6d88c7f7 elementor-section-full_width elementor-section-height-full elementor-section-content-middle back elementor-section-height-default elementor-section-items-middle\" data-id=\"6d88c7f7\" data-element_type=\"section\" data-e-type=\"section\">\n\t\t\t\t\t\t\t<div class=\"elementor-background-overlay\"><\/div>\n\t\t\t\t\t\t\t<div class=\"elementor-container elementor-column-gap-no\">\n\t\t\t\t\t<div class=\"aux-parallax-section elementor-column elementor-col-100 elementor-top-column elementor-element elementor-element-55d3304e\" data-id=\"55d3304e\" data-element_type=\"column\" data-e-type=\"column\">\n\t\t\t<div class=\"elementor-widget-wrap\">\n\t\t\t\t\t\t\t<\/div>\n\t\t<\/div>\n\t\t\t\t\t<\/div>\n\t\t<\/section>\n\t\t\t\t<section class=\"elementor-section elementor-top-section elementor-element elementor-element-46af7621 elementor-section-boxed elementor-section-height-default elementor-section-height-default\" data-id=\"46af7621\" data-element_type=\"section\" data-e-type=\"section\">\n\t\t\t\t\t\t<div class=\"elementor-container elementor-column-gap-default\">\n\t\t\t\t\t<div class=\"aux-parallax-section elementor-column elementor-col-100 elementor-top-column elementor-element elementor-element-71be2a91\" data-id=\"71be2a91\" data-element_type=\"column\" data-e-type=\"column\">\n\t\t\t<div class=\"elementor-widget-wrap elementor-element-populated\">\n\t\t\t\t\t\t<div class=\"elementor-element elementor-element-83c9877 elementor-widget elementor-widget-text-editor\" data-id=\"83c9877\" data-element_type=\"widget\" data-e-type=\"widget\" data-widget_type=\"text-editor.default\">\n\t\t\t\t<div class=\"elementor-widget-container\">\n\t\t\t\t\t\t\t\t\t<h1><a name=\"_Toc133000005\"><\/a><\/h1><h1><a name=\"_Toc133000031\"><\/a><\/h1><h1>CRISTIAN<\/h1><p>Cuentan que tu estilo es,<br \/>m\u00e1s que aprendido innato,<br \/>porque prefieres sentirlo<br \/>a emular lo ense\u00f1ado.<br \/>Tu coraz\u00f3n ya eligi\u00f3<br \/>y quieres acompa\u00f1arlo<br \/>a pedir, con ilusi\u00f3n,<br \/>de la elegida la mano.<br \/>Lo que tienes para dar,<br \/>en tu pecho est\u00e1 guardado.<br \/>Solo esperas que el amor,<br \/>con amor pueda mostrarlo.<\/p><p>Y lo har\u00e1s siempre a tu forma.<br \/>Como el amor te ha ense\u00f1ado\u2026<\/p><p><span class='bctt-click-to-tweet'><span class='bctt-ctt-text'><a href='https:\/\/x.com\/intent\/tweet?url=https%3A%2F%2Fnuestrosescritores.com%2Fjoseygiuseppe%2F2024%2F12%2F24%2Fpoesia%2F&#038;text=CRISTIAN%20del%20libro%20DETALLES%20CON%20ALMA%20de%20JOS%C3%89%20MART%C3%8DNEZ%20GARC%C3%8DA.&#038;related' target='_blank'rel=\"noopener noreferrer\">CRISTIAN del libro DETALLES CON ALMA de JOS\u00c9 MART\u00cdNEZ GARC\u00cdA. <\/a><\/span><a href='https:\/\/x.com\/intent\/tweet?url=https%3A%2F%2Fnuestrosescritores.com%2Fjoseygiuseppe%2F2024%2F12%2F24%2Fpoesia%2F&#038;text=CRISTIAN%20del%20libro%20DETALLES%20CON%20ALMA%20de%20JOS%C3%89%20MART%C3%8DNEZ%20GARC%C3%8DA.&#038;related' target='_blank' class='bctt-ctt-btn'rel=\"noopener noreferrer\">Compartir en X<\/a><\/span><\/p>\t\t\t\t\t\t\t\t<\/div>\n\t\t\t\t<\/div>\n\t\t\t\t\t<\/div>\n\t\t<\/div>\n\t\t\t\t\t<\/div>\n\t\t<\/section>\n\t\t\t\t<section class=\"elementor-section elementor-top-section elementor-element elementor-element-41dd6ebe elementor-section-full_width elementor-section-height-full elementor-section-content-middle back elementor-section-height-default elementor-section-items-middle\" data-id=\"41dd6ebe\" data-element_type=\"section\" data-e-type=\"section\">\n\t\t\t\t\t\t\t<div class=\"elementor-background-overlay\"><\/div>\n\t\t\t\t\t\t\t<div class=\"elementor-container elementor-column-gap-no\">\n\t\t\t\t\t<div class=\"aux-parallax-section elementor-column elementor-col-100 elementor-top-column elementor-element elementor-element-3a4db0e1\" data-id=\"3a4db0e1\" data-element_type=\"column\" data-e-type=\"column\">\n\t\t\t<div class=\"elementor-widget-wrap elementor-element-populated\">\n\t\t\t\t\t\t<div class=\"elementor-element elementor-element-333f08e8 elementor-button-success elementor-align-center elementor-widget elementor-widget-button\" data-id=\"333f08e8\" data-element_type=\"widget\" data-e-type=\"widget\" data-widget_type=\"button.default\">\n\t\t\t\t<div class=\"elementor-widget-container\">\n\t\t\t\t\t\t\t\t\t<div class=\"elementor-button-wrapper\">\n\t\t\t\t\t<a class=\"elementor-button elementor-button-link elementor-size-xl\" href=\"https:\/\/librodepoesia.com\/libro\/detalles-con-alma-giuseppe-concas-jose-martinez-garcia\/\">\n\t\t\t\t\t\t<span class=\"elementor-button-content-wrapper\">\n\t\t\t\t\t\t\t\t\t<span class=\"elementor-button-text\">COMPRAR EL LIBRO<\/span>\n\t\t\t\t\t<\/span>\n\t\t\t\t\t<\/a>\n\t\t\t\t<\/div>\n\t\t\t\t\t\t\t\t<\/div>\n\t\t\t\t<\/div>\n\t\t\t\t\t<\/div>\n\t\t<\/div>\n\t\t\t\t\t<\/div>\n\t\t<\/section>\n\t\t\t\t<\/div>\n\t\t","protected":false},"excerpt":{"rendered":"<p>ENAMORADO (Al generoso y hospitalario, pueblode San Josep de sa Talaia) Unas horas en esta tierra,y ya sientes c\u00f3mo huele,c\u00f3mo besa y c\u00f3mo quiere,\u00a1c\u00f3mo se abraza y se da! Sin pedir, por no pedir,ni rehusar por no rehusar.Su boca te sabe a miel.Su cuerpo a agua y sal.Sus palabras a regocijoy su mirada es la [&hellip;]<\/p>\n","protected":false},"author":1,"featured_media":0,"comment_status":"closed","ping_status":"closed","sticky":false,"template":"","format":"standard","meta":{"_acf_changed":false,"footnotes":""},"categories":[6],"tags":[],"class_list":["post-165","post","type-post","status-publish","format-standard","hentry","category-poesia"],"acf":[],"yoast_head":"<!-- This site is optimized with the Yoast SEO Premium plugin v24.7 (Yoast SEO v27.4) - https:\/\/yoast.com\/product\/yoast-seo-premium-wordpress\/ -->\n<title>POES\u00cdA - Jos\u00e9 Mart\u00ednez Garc\u00eda y Giuseppe Concas<\/title>\n<meta name=\"robots\" content=\"index, follow, max-snippet:-1, max-image-preview:large, max-video-preview:-1\" \/>\n<link rel=\"canonical\" href=\"https:\/\/nuestrosescritores.com\/joseygiuseppe\/2024\/12\/24\/poesia\/\" \/>\n<meta property=\"og:locale\" content=\"es_ES\" \/>\n<meta property=\"og:type\" content=\"article\" \/>\n<meta property=\"og:title\" content=\"POES\u00cdA\" \/>\n<meta property=\"og:description\" content=\"ENAMORADO (Al generoso y hospitalario, pueblode San Josep de sa Talaia) Unas horas en esta tierra,y ya sientes c\u00f3mo huele,c\u00f3mo besa y c\u00f3mo quiere,\u00a1c\u00f3mo se abraza y se da! Sin pedir, por no pedir,ni rehusar por no rehusar.Su boca te sabe a miel.Su cuerpo a agua y sal.Sus palabras a regocijoy su mirada es la [&hellip;]\" \/>\n<meta property=\"og:url\" content=\"https:\/\/nuestrosescritores.com\/joseygiuseppe\/2024\/12\/24\/poesia\/\" \/>\n<meta property=\"og:site_name\" content=\"Jos\u00e9 Mart\u00ednez Garc\u00eda y Giuseppe Concas\" \/>\n<meta property=\"article:published_time\" content=\"2024-12-24T17:35:26+00:00\" \/>\n<meta property=\"article:modified_time\" content=\"2024-12-26T15:40:18+00:00\" \/>\n<meta name=\"author\" content=\"Javierpah\" \/>\n<meta name=\"twitter:card\" content=\"summary_large_image\" \/>\n<meta name=\"twitter:label1\" content=\"Escrito por\" \/>\n\t<meta name=\"twitter:data1\" content=\"Javierpah\" \/>\n\t<meta name=\"twitter:label2\" content=\"Tiempo de lectura\" \/>\n\t<meta name=\"twitter:data2\" content=\"2 minutos\" \/>\n<script type=\"application\/ld+json\" class=\"yoast-schema-graph\">{\"@context\":\"https:\\\/\\\/schema.org\",\"@graph\":[{\"@type\":\"Article\",\"@id\":\"https:\\\/\\\/nuestrosescritores.com\\\/joseygiuseppe\\\/2024\\\/12\\\/24\\\/poesia\\\/#article\",\"isPartOf\":{\"@id\":\"https:\\\/\\\/nuestrosescritores.com\\\/joseygiuseppe\\\/2024\\\/12\\\/24\\\/poesia\\\/\"},\"author\":{\"name\":\"Javierpah\",\"@id\":\"https:\\\/\\\/nuestrosescritores.com\\\/joseygiuseppe\\\/#\\\/schema\\\/person\\\/eeae205ced613630f5aac210989ea6eb\"},\"headline\":\"POES\u00cdA\",\"datePublished\":\"2024-12-24T17:35:26+00:00\",\"dateModified\":\"2024-12-26T15:40:18+00:00\",\"mainEntityOfPage\":{\"@id\":\"https:\\\/\\\/nuestrosescritores.com\\\/joseygiuseppe\\\/2024\\\/12\\\/24\\\/poesia\\\/\"},\"wordCount\":456,\"articleSection\":[\"Poes\u00eda\"],\"inLanguage\":\"es\",\"copyrightYear\":\"2024\",\"copyrightHolder\":{\"@id\":\"https:\\\/\\\/nuestrosescritores.com\\\/#organization\"}},{\"@type\":\"WebPage\",\"@id\":\"https:\\\/\\\/nuestrosescritores.com\\\/joseygiuseppe\\\/2024\\\/12\\\/24\\\/poesia\\\/\",\"url\":\"https:\\\/\\\/nuestrosescritores.com\\\/joseygiuseppe\\\/2024\\\/12\\\/24\\\/poesia\\\/\",\"name\":\"POES\u00cdA - Jos\u00e9 Mart\u00ednez Garc\u00eda y Giuseppe Concas\",\"isPartOf\":{\"@id\":\"https:\\\/\\\/nuestrosescritores.com\\\/joseygiuseppe\\\/#website\"},\"datePublished\":\"2024-12-24T17:35:26+00:00\",\"dateModified\":\"2024-12-26T15:40:18+00:00\",\"author\":{\"@id\":\"https:\\\/\\\/nuestrosescritores.com\\\/joseygiuseppe\\\/#\\\/schema\\\/person\\\/eeae205ced613630f5aac210989ea6eb\"},\"breadcrumb\":{\"@id\":\"https:\\\/\\\/nuestrosescritores.com\\\/joseygiuseppe\\\/2024\\\/12\\\/24\\\/poesia\\\/#breadcrumb\"},\"inLanguage\":\"es\",\"potentialAction\":[{\"@type\":\"ReadAction\",\"target\":[\"https:\\\/\\\/nuestrosescritores.com\\\/joseygiuseppe\\\/2024\\\/12\\\/24\\\/poesia\\\/\"]}]},{\"@type\":\"BreadcrumbList\",\"@id\":\"https:\\\/\\\/nuestrosescritores.com\\\/joseygiuseppe\\\/2024\\\/12\\\/24\\\/poesia\\\/#breadcrumb\",\"itemListElement\":[{\"@type\":\"ListItem\",\"position\":1,\"name\":\"Portada\",\"item\":\"https:\\\/\\\/nuestrosescritores.com\\\/joseygiuseppe\\\/\"},{\"@type\":\"ListItem\",\"position\":2,\"name\":\"POES\u00cdA\"}]},{\"@type\":\"WebSite\",\"@id\":\"https:\\\/\\\/nuestrosescritores.com\\\/joseygiuseppe\\\/#website\",\"url\":\"https:\\\/\\\/nuestrosescritores.com\\\/joseygiuseppe\\\/\",\"name\":\"Nuestros escritores\",\"description\":\"Escritor y Fot\u00f3grafo\",\"potentialAction\":[{\"@type\":\"SearchAction\",\"target\":{\"@type\":\"EntryPoint\",\"urlTemplate\":\"https:\\\/\\\/nuestrosescritores.com\\\/joseygiuseppe\\\/?s={search_term_string}\"},\"query-input\":{\"@type\":\"PropertyValueSpecification\",\"valueRequired\":true,\"valueName\":\"search_term_string\"}}],\"inLanguage\":\"es\"},{\"@type\":\"Person\",\"@id\":\"https:\\\/\\\/nuestrosescritores.com\\\/joseygiuseppe\\\/#\\\/schema\\\/person\\\/eeae205ced613630f5aac210989ea6eb\",\"name\":\"Javierpah\",\"image\":{\"@type\":\"ImageObject\",\"inLanguage\":\"es\",\"@id\":\"https:\\\/\\\/secure.gravatar.com\\\/avatar\\\/1cb55a5bd8d6824519e46b552e84b03575857cc9c4d6333824d2f95d82129f50?s=96&d=mm&r=g\",\"url\":\"https:\\\/\\\/secure.gravatar.com\\\/avatar\\\/1cb55a5bd8d6824519e46b552e84b03575857cc9c4d6333824d2f95d82129f50?s=96&d=mm&r=g\",\"contentUrl\":\"https:\\\/\\\/secure.gravatar.com\\\/avatar\\\/1cb55a5bd8d6824519e46b552e84b03575857cc9c4d6333824d2f95d82129f50?s=96&d=mm&r=g\",\"caption\":\"Javierpah\"}}]}<\/script>\n<!-- \/ Yoast SEO Premium plugin. -->","yoast_head_json":{"title":"POES\u00cdA - Jos\u00e9 Mart\u00ednez Garc\u00eda y Giuseppe Concas","robots":{"index":"index","follow":"follow","max-snippet":"max-snippet:-1","max-image-preview":"max-image-preview:large","max-video-preview":"max-video-preview:-1"},"canonical":"https:\/\/nuestrosescritores.com\/joseygiuseppe\/2024\/12\/24\/poesia\/","og_locale":"es_ES","og_type":"article","og_title":"POES\u00cdA","og_description":"ENAMORADO (Al generoso y hospitalario, pueblode San Josep de sa Talaia) Unas horas en esta tierra,y ya sientes c\u00f3mo huele,c\u00f3mo besa y c\u00f3mo quiere,\u00a1c\u00f3mo se abraza y se da! Sin pedir, por no pedir,ni rehusar por no rehusar.Su boca te sabe a miel.Su cuerpo a agua y sal.Sus palabras a regocijoy su mirada es la [&hellip;]","og_url":"https:\/\/nuestrosescritores.com\/joseygiuseppe\/2024\/12\/24\/poesia\/","og_site_name":"Jos\u00e9 Mart\u00ednez Garc\u00eda y Giuseppe Concas","article_published_time":"2024-12-24T17:35:26+00:00","article_modified_time":"2024-12-26T15:40:18+00:00","author":"Javierpah","twitter_card":"summary_large_image","twitter_misc":{"Escrito por":"Javierpah","Tiempo de lectura":"2 minutos"},"schema":{"@context":"https:\/\/schema.org","@graph":[{"@type":"Article","@id":"https:\/\/nuestrosescritores.com\/joseygiuseppe\/2024\/12\/24\/poesia\/#article","isPartOf":{"@id":"https:\/\/nuestrosescritores.com\/joseygiuseppe\/2024\/12\/24\/poesia\/"},"author":{"name":"Javierpah","@id":"https:\/\/nuestrosescritores.com\/joseygiuseppe\/#\/schema\/person\/eeae205ced613630f5aac210989ea6eb"},"headline":"POES\u00cdA","datePublished":"2024-12-24T17:35:26+00:00","dateModified":"2024-12-26T15:40:18+00:00","mainEntityOfPage":{"@id":"https:\/\/nuestrosescritores.com\/joseygiuseppe\/2024\/12\/24\/poesia\/"},"wordCount":456,"articleSection":["Poes\u00eda"],"inLanguage":"es","copyrightYear":"2024","copyrightHolder":{"@id":"https:\/\/nuestrosescritores.com\/#organization"}},{"@type":"WebPage","@id":"https:\/\/nuestrosescritores.com\/joseygiuseppe\/2024\/12\/24\/poesia\/","url":"https:\/\/nuestrosescritores.com\/joseygiuseppe\/2024\/12\/24\/poesia\/","name":"POES\u00cdA - Jos\u00e9 Mart\u00ednez Garc\u00eda y Giuseppe Concas","isPartOf":{"@id":"https:\/\/nuestrosescritores.com\/joseygiuseppe\/#website"},"datePublished":"2024-12-24T17:35:26+00:00","dateModified":"2024-12-26T15:40:18+00:00","author":{"@id":"https:\/\/nuestrosescritores.com\/joseygiuseppe\/#\/schema\/person\/eeae205ced613630f5aac210989ea6eb"},"breadcrumb":{"@id":"https:\/\/nuestrosescritores.com\/joseygiuseppe\/2024\/12\/24\/poesia\/#breadcrumb"},"inLanguage":"es","potentialAction":[{"@type":"ReadAction","target":["https:\/\/nuestrosescritores.com\/joseygiuseppe\/2024\/12\/24\/poesia\/"]}]},{"@type":"BreadcrumbList","@id":"https:\/\/nuestrosescritores.com\/joseygiuseppe\/2024\/12\/24\/poesia\/#breadcrumb","itemListElement":[{"@type":"ListItem","position":1,"name":"Portada","item":"https:\/\/nuestrosescritores.com\/joseygiuseppe\/"},{"@type":"ListItem","position":2,"name":"POES\u00cdA"}]},{"@type":"WebSite","@id":"https:\/\/nuestrosescritores.com\/joseygiuseppe\/#website","url":"https:\/\/nuestrosescritores.com\/joseygiuseppe\/","name":"Nuestros escritores","description":"Escritor y Fot\u00f3grafo","potentialAction":[{"@type":"SearchAction","target":{"@type":"EntryPoint","urlTemplate":"https:\/\/nuestrosescritores.com\/joseygiuseppe\/?s={search_term_string}"},"query-input":{"@type":"PropertyValueSpecification","valueRequired":true,"valueName":"search_term_string"}}],"inLanguage":"es"},{"@type":"Person","@id":"https:\/\/nuestrosescritores.com\/joseygiuseppe\/#\/schema\/person\/eeae205ced613630f5aac210989ea6eb","name":"Javierpah","image":{"@type":"ImageObject","inLanguage":"es","@id":"https:\/\/secure.gravatar.com\/avatar\/1cb55a5bd8d6824519e46b552e84b03575857cc9c4d6333824d2f95d82129f50?s=96&d=mm&r=g","url":"https:\/\/secure.gravatar.com\/avatar\/1cb55a5bd8d6824519e46b552e84b03575857cc9c4d6333824d2f95d82129f50?s=96&d=mm&r=g","contentUrl":"https:\/\/secure.gravatar.com\/avatar\/1cb55a5bd8d6824519e46b552e84b03575857cc9c4d6333824d2f95d82129f50?s=96&d=mm&r=g","caption":"Javierpah"}}]}},"_links":{"self":[{"href":"https:\/\/nuestrosescritores.com\/joseygiuseppe\/wp-json\/wp\/v2\/posts\/165","targetHints":{"allow":["GET"]}}],"collection":[{"href":"https:\/\/nuestrosescritores.com\/joseygiuseppe\/wp-json\/wp\/v2\/posts"}],"about":[{"href":"https:\/\/nuestrosescritores.com\/joseygiuseppe\/wp-json\/wp\/v2\/types\/post"}],"author":[{"embeddable":true,"href":"https:\/\/nuestrosescritores.com\/joseygiuseppe\/wp-json\/wp\/v2\/users\/1"}],"replies":[{"embeddable":true,"href":"https:\/\/nuestrosescritores.com\/joseygiuseppe\/wp-json\/wp\/v2\/comments?post=165"}],"version-history":[{"count":0,"href":"https:\/\/nuestrosescritores.com\/joseygiuseppe\/wp-json\/wp\/v2\/posts\/165\/revisions"}],"wp:attachment":[{"href":"https:\/\/nuestrosescritores.com\/joseygiuseppe\/wp-json\/wp\/v2\/media?parent=165"}],"wp:term":[{"taxonomy":"category","embeddable":true,"href":"https:\/\/nuestrosescritores.com\/joseygiuseppe\/wp-json\/wp\/v2\/categories?post=165"},{"taxonomy":"post_tag","embeddable":true,"href":"https:\/\/nuestrosescritores.com\/joseygiuseppe\/wp-json\/wp\/v2\/tags?post=165"}],"curies":[{"name":"wp","href":"https:\/\/api.w.org\/{rel}","templated":true}]}}