{"id":58,"date":"2025-10-25T16:48:27","date_gmt":"2025-10-25T14:48:27","guid":{"rendered":"https:\/\/nuestrosescritores.com\/gemabautista\/?p=58"},"modified":"2025-10-25T16:48:27","modified_gmt":"2025-10-25T14:48:27","slug":"la-temporalidad-en-mis-ruinas-mi-poesia-tiempo-cronologico-versus-tiempo-emocional-en-la-poesia-confesional-de-gema-bautista","status":"publish","type":"post","link":"https:\/\/nuestrosescritores.com\/gemabautista\/2025\/10\/25\/la-temporalidad-en-mis-ruinas-mi-poesia-tiempo-cronologico-versus-tiempo-emocional-en-la-poesia-confesional-de-gema-bautista\/","title":{"rendered":"LA TEMPORALIDAD EN &#8220;MIS RUINAS, MI POES\u00cdA&#8221;: TIEMPO CRONOL\u00d3GICO VERSUS TIEMPO EMOCIONAL EN LA POES\u00cdA CONFESIONAL DE GEMA BAUTISTA"},"content":{"rendered":"<blockquote><p>Olivares Tom\u00e1s, Ana Mar\u00eda. \u00abLA TEMPORALIDAD EN &#8220;MIS RUINAS, MI POES\u00cdA&#8221;: TIEMPO CRONOL\u00d3GICO VERSUS TIEMPO EMOCIONAL EN LA POES\u00cdA CONFESIONAL DE GEMA BAUTISTA\u00bb. Zenodo, 25 de octubre de 2025. <a href=\"https:\/\/doi.org\/10.5281\/zenodo.17441715\">https:\/\/doi.org\/10.5281\/zenodo.17441715<\/a><\/p><\/blockquote>\n<p>&nbsp;<\/p>\n<p><strong>LA TEMPORALIDAD EN &#8220;MIS RUINAS, MI POES\u00cdA&#8221;: TIEMPO CRONOL\u00d3GICO VERSUS TIEMPO EMOCIONAL EN LA POES\u00cdA CONFESIONAL DE GEMA BAUTISTA<\/strong><\/p>\n<p>La experiencia temporal constituye una de las dimensiones m\u00e1s complejas y significativas de &#8220;Mis ruinas, mi poes\u00eda&#8221;, donde Gema Bautista articula una po\u00e9tica del duelo que problematiza la relaci\u00f3n entre tiempo cronol\u00f3gico y tiempo emocional. El poemario construye una temporalidad m\u00faltiple y fracturada donde el tiempo objetivo del calendario entra en conflicto permanente con el tiempo subjetivo del trauma, produciendo efectos de distorsi\u00f3n, suspensi\u00f3n y circularidad que caracterizan la experiencia melanc\u00f3lica.<\/p>\n<p><strong>Marco te\u00f3rico: temporalidad narrativa y experiencia traum\u00e1tica<\/strong><\/p>\n<p>La distinci\u00f3n entre tiempo cronol\u00f3gico y tiempo emocional ha sido fundamental en los estudios literarios desde las reflexiones de Paul Ricoeur sobre tiempo y narrativa. El tiempo cronol\u00f3gico corresponde a la medici\u00f3n objetiva, cuantificable, linear del transcurrir temporal, mientras que el tiempo emocional refiere a la experiencia subjetiva del tiempo, modulada por estados afectivos que pueden dilatarlo, contraerlo o suspenderlo.<\/p>\n<p>En el contexto de literatura testimonial y confesional, esta distinci\u00f3n adquiere particular relevancia porque el trauma produce disrupciones espec\u00edficas en la experiencia temporal: el tiempo se detiene en el momento traum\u00e1tico, creando bucles obsesivos de repetici\u00f3n, mientras que el futuro se presenta como impensable y el pasado se idealiza nost\u00e1lgicamente. Elena Garro, por ejemplo, construye en sus cuentos una &#8220;heterocron\u00eda&#8221; que &#8220;recusa el devenir cronol\u00f3gico&#8221; en favor de temporalidades l\u00fadicas y libres.<\/p>\n<p>El poemario de Bautista se inscribe en esta tradici\u00f3n de experimentaci\u00f3n temporal, pero la particulariza al \u00e1mbito de la ruptura sentimental, construyendo lo que podr\u00edamos denominar una &#8220;cronolog\u00eda afectiva&#8221; donde los acontecimientos se organizan no seg\u00fan su secuencia objetiva, sino seg\u00fan su intensidad emocional y su capacidad de producir significado para la subjetividad herida.<\/p>\n<p><strong>El tiempo como protagonista: an\u00e1lisis del poema &#8220;Tiempo&#8221;<\/strong><\/p>\n<p>&#8220;Tiempo&#8221; constituye el poema central para comprender la problem\u00e1tica temporal del poemario, ya que tematiza expl\u00edcitamente el conflicto entre temporalidad objetiva y experiencia subjetiva:<\/p>\n<p><strong>Todo parece lo mismo, aunque ya todo es distinto<\/strong>. Esta paradoja inaugural establece la ruptura entre percepci\u00f3n externa y realidad emocional: el mundo mantiene su apariencia, pero la subjetividad lo experimenta como radicalmente transformado. La temporalidad traum\u00e1tica produce esta esquizofrenia perceptiva donde el tiempo cronol\u00f3gico contin\u00faa su curso regular, pero el tiempo emocional ha sufrido una fractura definitiva.<\/p>\n<p><strong>Inversi\u00f3n de las estaciones emocionales<\/strong><\/p>\n<p>El poema desarrolla sistem\u00e1ticamente im\u00e1genes de inversi\u00f3n estacional que revelan c\u00f3mo el trauma altera la experiencia temporal c\u00edclica:<\/p>\n<p><strong>Para m\u00ed las primaveras ya no florecen, \/ ni los p\u00e1jaros me enriquecen con su canto alegre<\/strong>. La primavera, tradicionalmente asociada con renovaci\u00f3n y renacimiento, se presenta despojada de su significado simb\u00f3lico. El tiempo natural ya no coincide con el tiempo emocional: la estaci\u00f3n del renacer coincide con la experiencia de muerte ps\u00edquica.<\/p>\n<p><strong>El invierno ya no es caluroso porque por las noches ya no te acojo<\/strong>. La paradoja del &#8220;invierno caluroso&#8221; revela que la calidez no proven\u00eda del clima objetivo, sino de la presencia del otro. La ausencia produce un desajuste entre temperatura f\u00edsica y experiencia t\u00e9rmica: <strong>El verano se volvi\u00f3 fr\u00edo como el hielo, \/ aunque no diga lo mismo el del tiempo<\/strong>.<\/p>\n<p>Esta \u00faltima imagen resulta crucial: la poeta establece expl\u00edcitamente la divergencia entre &#8220;el del tiempo&#8221; (tiempo meteorol\u00f3gico objetivo) y la experiencia t\u00e9rmica subjetiva. El verano cronol\u00f3gico mantiene su temperatura, pero el verano emocional se ha vuelto glacial. La estaci\u00f3n m\u00e1s c\u00e1lida del a\u00f1o se experimenta como la m\u00e1s fr\u00eda, evidenciando la completa dislocaci\u00f3n entre tiempo cronol\u00f3gico y tiempo vivido.<\/p>\n<p><strong>La arquitectura dom\u00e9stica del tiempo<\/strong><\/p>\n<p><strong>Entrar en nuestro piso ya no es acogedor, \/ y mirar nuestras fotos a\u00fan me causa dolor<\/strong>. El espacio dom\u00e9stico, que deber\u00eda ofrecer refugio temporal (hogar como lugar donde el tiempo se ralentiza, donde se puede descansar), se ha vuelto hostil. Las fotograf\u00edas funcionan como cristalizaciones del tiempo pasado que, parad\u00f3jicamente, intensifican el dolor presente.<\/p>\n<p>La temporalidad dom\u00e9stica se estructura tradicionalmente mediante rituales cotidianos (despertar, comer, dormir) que organizan el tiempo cronol\u00f3gico en unidades manejables. La ruptura amorosa destruye esta arquitectura temporal: <strong>por las noches ya no te acojo<\/strong> indica la p\u00e9rdida del ritual nocturno que estructuraba la transici\u00f3n del d\u00eda a la noche.<\/p>\n<p><strong>El tiempo como carencia: la falta constitutiva<\/strong><\/p>\n<p>El poema culmina con una reflexi\u00f3n metapo\u00e9tica sobre la temporalidad: <strong>Quiz\u00e1 eso fue lo que nos falt\u00f3, TIEMPO. \/ Tiempo para pensar, tiempo para amar, \/ tiempo para demostrar, tiempo para enamorar<\/strong>. La an\u00e1fora del sustantivo &#8220;tiempo&#8221; (cinco repeticiones) construye una letan\u00eda de la carencia.<\/p>\n<p>Parad\u00f3jicamente, la relaci\u00f3n no fracas\u00f3 por exceso de tiempo (aburrimiento, rutina), sino por defecto. La falta de tiempo se presenta como falta constitutiva: no hubo tiempo suficiente para desarrollar adecuadamente los procesos emocionales necesarios (pensar, amar, demostrar, enamorar). Esta temporalidad escasa contrasta con la temporalidad excesiva del duelo posterior, donde el tiempo se dilata infinitamente en la rumia melanc\u00f3lica.<\/p>\n<p><strong>Al final, el reloj se par\u00f3, \/ y nuestro tiempo se acab\u00f3<\/strong>. La imagen del reloj detenido funciona como met\u00e1fora de la muerte de la relaci\u00f3n: el tiempo compartido se cristaliza en un momento espec\u00edfico, incapaz de continuar su devenir. El tiempo cronol\u00f3gico sigue avanzando (el reloj mundial contin\u00faa), pero el tiempo de la pareja se ha detenido definitivamente.<\/p>\n<p><strong>&#8220;Retroceder&#8221;: la imposibilidad del tiempo reversible<\/strong><\/p>\n<p>&#8220;Retroceder&#8221; articula la fantas\u00eda m\u00e1s radical respecto a la temporalidad: la posibilidad de deshacer el tiempo, de regresar a momentos anteriores para modificar el desarrollo de los acontecimientos.<\/p>\n<p><strong>La paradoja del aprendizaje temporal<\/strong><\/p>\n<p><strong>Si pudiera retroceder no cambiar\u00eda nada, \/ porque eso me hizo reflexionar. \/ Y si tan solo pudiera avanzar har\u00eda todo por cambiar<\/strong>. Esta contradicci\u00f3n l\u00f3gica expresa la apor\u00eda fundamental del trauma: la experiencia dolorosa ha producido conocimiento valioso (reflexi\u00f3n), pero este conocimiento no compensa el sufrimiento experimentado.<\/p>\n<p>La primera parte (&#8220;no cambiar\u00eda nada&#8221;) valora el proceso de aprendizaje que el dolor ha posibilitado. La segunda parte (&#8220;har\u00eda todo por cambiar&#8221;) expresa el deseo de evitar el sufrimiento mediante modificaci\u00f3n del futuro. La imposibilidad de conciliar ambas posiciones (valorar el aprendizaje\/evitar el dolor) revela la estructura apor\u00e9tica del tiempo traum\u00e1tico.<\/p>\n<p><strong>Fantas\u00edas de retorno: el mito del eterno retorno amoroso<\/strong><\/p>\n<p><strong>Quisiera volver a ti \/ caer en tu amor, \/ girar entre tus brazos, \/ renacer de entre nuestras cenizas<\/strong>. La primera fantas\u00eda temporal imagina un retorno al momento de plenitud amorosa. Los verbos (&#8220;volver&#8221;, &#8220;caer&#8221;, &#8220;girar&#8221;, &#8220;renacer&#8221;) sugieren movimiento c\u00edclico, repetici\u00f3n de la experiencia originaria.<\/p>\n<p>La imagen del &#8220;renacer de entre nuestras cenizas&#8221; evoca expl\u00edcitamente el mito del ave f\u00e9nix, la posibilidad de resurrecci\u00f3n desde la destrucci\u00f3n total. Esta fantas\u00eda implica que la pareja podr\u00eda reconstruirse integrando la experiencia destructiva como material de una nueva construcci\u00f3n.<\/p>\n<p><strong>Fantas\u00edas de prevenci\u00f3n: el tiempo anterior al encuentro<\/strong><\/p>\n<p><strong>Quisiera retroceder, \/ ah\u00ed donde no hay nada escrito, \/ ah\u00ed donde todav\u00eda no existes, \/ para huir, \/ lejos del aparecer de tu ser<\/strong>. La segunda fantas\u00eda temporal resulta m\u00e1s radical: no regresar al momento previo a la ruptura, sino al momento previo al encuentro mismo.<\/p>\n<p>&#8220;Ah\u00ed donde no hay nada escrito&#8221; sugiere un estado de temporalidad pura, previa a la inscripci\u00f3n de los acontecimientos que determinar\u00e1n el destino de la relaci\u00f3n. &#8220;Ah\u00ed donde todav\u00eda no existes&#8221; no implica inexistencia ontol\u00f3gica del otro, sino inexistencia para el yo: el momento anterior al encuentro que cambi\u00f3 definitivamente la biograf\u00eda afectiva.<\/p>\n<p>&#8220;Para huir, \/ lejos del aparecer de tu ser&#8221; construye el encuentro amoroso como aparici\u00f3n peligrosa, epifan\u00eda que ser\u00e1 traum\u00e1tica. El deseo de &#8220;huir&#8221; antes de que la aparici\u00f3n ocurra revela retrospectivamente el encuentro como cat\u00e1strofe, no como don.<\/p>\n<p><strong>El tiempo condicional: gram\u00e1tica de lo imposible<\/strong><\/p>\n<p><strong>Y si alg\u00fan d\u00eda vuelvo a ese lugar donde tu ser es sin igual \/ espero hacerlo, \/ con m\u00e1s fuerza que nunca, \/ para poder explicar este sentimiento peculiar<\/strong>. El final del poema introduce el tiempo condicional (&#8220;si alg\u00fan d\u00eda vuelvo&#8221;) que matiza la imposibilidad temporal anteriormente establecida.<\/p>\n<p>La poeta no renuncia completamente a la posibilidad de retorno, pero lo condiciona a una transformaci\u00f3n del yo: &#8220;con m\u00e1s fuerza que nunca&#8221;. El retorno no ser\u00eda repetici\u00f3n de la experiencia original, sino encuentro desde una subjetividad fortalecida capaz de &#8220;explicar este sentimiento peculiar&#8221;.<\/p>\n<p>El &#8220;sentimiento peculiar&#8221; refiere presumiblemente al amor mismo, presentado como experiencia singular que requiere explicaci\u00f3n. La fantas\u00eda temporal incluye, as\u00ed, una dimensi\u00f3n pedag\u00f3gica: regresar al momento originario para comunicar mejor la naturaleza de la experiencia amorosa.<\/p>\n<p><strong>&#8220;En otra vida&#8221;: universos temporales paralelos<\/strong><\/p>\n<p>&#8220;En otra vida&#8221; construye la fantas\u00eda temporal m\u00e1s sofisticada del poemario: la postulaci\u00f3n de universos temporales alternativos donde la misma relaci\u00f3n se desarrollar\u00eda de manera diferente.<\/p>\n<p><strong>La estructura anaf\u00f3rica del tiempo condicional<\/strong><\/p>\n<p>El poema se estructura mediante la an\u00e1fora &#8220;Tal vez en otra vida&#8221; (cuatro repeticiones) que establece un tiempo condicional contrafactual. Cada repetici\u00f3n introduce una variaci\u00f3n de la realidad que habr\u00eda permitido el \u00e9xito de la relaci\u00f3n:<\/p>\n<p><strong>Tal vez en otra vida segu\u00edamos juntos, \/ sin dolores, sin reproches, \/ bailando bajo la luz de la luna mientras con tus besos me dejabas muda<\/strong>. La primera variaci\u00f3n imagina la continuidad temporal de la relaci\u00f3n (&#8220;segu\u00edamos juntos&#8221;) en un registro id\u00edlico que reproduce t\u00f3picos del amor rom\u00e1ntico.<\/p>\n<p>La imagen del baile nocturno bajo la luna construye un cronotopo amoroso idealizado donde el tiempo se suspende en la plenitud del momento er\u00f3tico. &#8220;Con tus besos me dejabas muda&#8221; sugiere la experiencia amorosa como \u00e9xtasis que suspende el lenguaje, momento de plenitud que trasciende la temporalidad ordinaria.<\/p>\n<p>&nbsp;<\/p>\n<p><strong>Epistemolog\u00eda contrafactual: comprensi\u00f3n versus ignorancia<\/strong><\/p>\n<p><strong>Tal vez en otra vida te comprend\u00eda, \/ o simplemente no te conoc\u00eda<\/strong>. Esta variaci\u00f3n resulta m\u00e1s compleja porque presenta una disyuntiva: el problema de la relaci\u00f3n fue falta de comprensi\u00f3n mutua o el error fundamental fue el encuentro mismo.<\/p>\n<p>La primera opci\u00f3n (&#8220;te comprend\u00eda&#8221;) mantiene la valoraci\u00f3n positiva del encuentro: la relaci\u00f3n habr\u00eda funcionado con mejor comunicaci\u00f3n. La segunda opci\u00f3n (&#8220;no te conoc\u00eda&#8221;) es m\u00e1s radical: sugiere que el conocimiento del otro fue la causa del fracaso, que la ignorancia habr\u00eda sido preferible al conocimiento.<\/p>\n<p>Esta alternativa revela la dimensi\u00f3n tr\u00e1gica del conocimiento amoroso: conocer al otro puede destruir el amor idealizado que se sosten\u00eda en la proyecci\u00f3n fantasm\u00e1tica. En este universo alternativo, la temporalidad amorosa se habr\u00eda mantenido en el estado inicial de idealizaci\u00f3n, evitando la fase de desilusi\u00f3n que produce la ruptura.<\/p>\n<p><strong>Temporalidad negativa: lo que no habr\u00eda ocurrido<\/strong><\/p>\n<p><strong>Tal vez en otra vida no me ment\u00edas, \/ ni me decepcionabas d\u00eda a d\u00eda. \/ Tampoco me dejas con esas dudas \/ que un d\u00eda me dejaron sin cordura<\/strong>. La tercera variaci\u00f3n se construye mediante negaciones que definen contrafactualmente el universo alternativo.<\/p>\n<p>La acumulaci\u00f3n de negaciones (&#8220;no me ment\u00edas&#8221;, &#8220;ni me decepcionabas&#8221;, &#8220;tampoco me dejas&#8221;) construye retrospectivamente la lista de traumas que caracterizaron la relaci\u00f3n real. El universo alternativo se define por ausencia: ausencia de mentira, ausencia de decepci\u00f3n, ausencia de abandono.<\/p>\n<p>&#8220;D\u00eda a d\u00eda&#8221; introduce la temporalidad de la erosi\u00f3n: la decepci\u00f3n no fue acontecimiento puntual, sino proceso gradual que deterior\u00f3 progresivamente la relaci\u00f3n. En el universo alternativo, esta temporalidad corrosiva no habr\u00eda existido.<\/p>\n<p>&#8220;Que un d\u00eda me dejaron sin cordura&#8221; revela el resultado final del proceso: la p\u00e9rdida de la raz\u00f3n como consecuencia de la incertidumbre prolongada. El universo alternativo habr\u00eda preservado la cordura mediante eliminaci\u00f3n de la duda.<\/p>\n<p><strong>El deseo como estructura temporal<\/strong><\/p>\n<p><strong>En fin, tal vez en otra vida todo volver\u00eda y t\u00fa me querr\u00edas&#8230;<\/strong>. El final del poema resume el deseo fundamental: ser amada por el otro. &#8220;Todo volver\u00eda&#8221; sugiere restauraci\u00f3n de un estado original de plenitud que la relaci\u00f3n real no logr\u00f3 mantener.<\/p>\n<p>La temporalidad del deseo se estructura mediante el condicional (&#8220;me querr\u00edas&#8221;) que mantiene la experiencia en el \u00e1mbito de lo posible-imposible. El universo alternativo no se presenta como realidad accesible, sino como fantas\u00eda consolatoria que permite elaborar el dolor de no haber sido suficientemente amada.<\/p>\n<p>Los puntos suspensivos finales indican que la fantas\u00eda podr\u00eda prolongarse indefinidamente: el universo alternativo es inagotable porque se construye mediante negaci\u00f3n de todos los elementos dolorosos de la experiencia real.<\/p>\n<p><strong>Nostalgia: el tiempo idealizado del pasado<\/strong><\/p>\n<p>La nostalgia constituye la modalidad temporal dominante del poemario, articul\u00e1ndose como relaci\u00f3n espec\u00edfica con el pasado que lo idealiza y lo presenta como tiempo perdido irrecuperable.<\/p>\n<p><strong>&#8220;Todos los d\u00edas&#8221;: la liturgia de la memoria<\/strong><\/p>\n<p>&#8220;Todos los d\u00edas&#8221; establece una temporalidad c\u00edclica obsesiva donde el presente se dedica exclusivamente a evocar el pasado:<\/p>\n<p><strong>Todos los d\u00edas recuerdo tu amor, \/ y esa sensaci\u00f3n, \/ de sentirme viva con tan solo admirar tu sonrisa<\/strong>. La an\u00e1fora &#8220;todos los d\u00edas&#8221; construye una liturgia de la memoria que organiza el tiempo presente mediante repetici\u00f3n ritual del recuerdo.<\/p>\n<p>La nostalgia transforma el tiempo cronol\u00f3gico en tiempo ceremonial: cada d\u00eda reproduce el mismo acto de evocaci\u00f3n, convirtiendo el presente en mero veh\u00edculo para acceder al pasado idealizado. El tiempo no avanza hacia el futuro, sino que retorna obsesivamente al momento de plenitud perdida.<\/p>\n<p><strong>Esos buenos d\u00edas, \/ que me despertaban sin prisa. \/ Esas buenas noches, \/ que me hac\u00edan dormir sin reproches<\/strong>. La temporalidad nost\u00e1lgica transforma los momentos ordinarios (despertar, dormir) en experiencias extraordinarias caracterizadas por la ausencia de ansiedad.<\/p>\n<p>&#8220;Sin prisa&#8221; indica una temporalidad dilatada, libre de la urgencia que caracteriza el presente. &#8220;Sin reproches&#8221; sugiere una temporalidad inocente, previa a la culpa que contamina la experiencia actual. El pasado amoroso se presenta como para\u00edso temporal donde el tiempo flu\u00eda armoniosamente.<\/p>\n<p><strong>La temporalidad contradictoria del juramento<\/strong><\/p>\n<p><strong>D\u00edas en los que todo me recuerda a ti, \/ aunque yo misma un d\u00eda jur\u00e9, \/ que jam\u00e1s podr\u00eda vivir sin ti<\/strong>. La poeta reconoce la contradicci\u00f3n entre juramento pasado y realidad presente: jur\u00f3 no poder sobrevivir a la p\u00e9rdida, pero efectivamente ha sobrevivido.<\/p>\n<p>Esta contradicci\u00f3n revela la naturaleza hiperb\u00f3lica del lenguaje amoroso: las promesas de eternidad (&#8220;jam\u00e1s podr\u00eda vivir sin ti&#8221;) pertenecen al registro de la pasi\u00f3n, no al de la descripci\u00f3n realista. El tiempo ha demostrado la falsedad del juramento, pero la poeta no reniega del momento en que fue pronunciado.<\/p>\n<p>La supervivencia a la p\u00e9rdida del otro produce una temporalidad parad\u00f3jica: el yo contin\u00faa existiendo despu\u00e9s de haber jurado que su existencia depend\u00eda del otro. Esta supervivencia inesperada abre la posibilidad de una identidad post-traum\u00e1tica, aunque marcada por el dolor de la contradicci\u00f3n.<\/p>\n<p><strong>&#8220;Mi eterno buen recuerdo&#8221;: cristalizaci\u00f3n temporal<\/strong><\/p>\n<p>&#8220;Mi eterno buen recuerdo&#8221; articula la decisi\u00f3n consciente de preservar una versi\u00f3n idealizada del pasado, resistiendo la contaminaci\u00f3n que el presente doloroso podr\u00eda producir:<\/p>\n<p><strong>Siempre ser\u00e1s ese recuerdo bonito, \/ donde todo es luz y color, \/ porque aunque lo intente soy incapaz de guardarte rencor<\/strong>. La temporalidad nost\u00e1lgica opera mediante selecci\u00f3n: se preservan \u00fanicamente los aspectos &#8220;bonitos&#8221; del pasado, eliminando los elementos problem\u00e1ticos.<\/p>\n<p>&#8220;Donde todo es luz y color&#8221; construye el pasado como espacio pict\u00f3rico idealizado, opuesto a la oscuridad y monocrom\u00eda del presente. Esta estetizaci\u00f3n de la memoria produce un pasado habitable ps\u00edquicamente, refugio temporal donde la subjetividad herida puede encontrar consolaci\u00f3n.<\/p>\n<p><strong>Nunca me volver\u00e9 a enamorar como aquella primera vez, \/ donde sent\u00eda que me bajabas la luna a los pies, \/ donde sent\u00eda que estaba en mi lugar<\/strong>. La nostalgia establece el pasado amoroso como experiencia \u00fanica, irrepetible. &#8220;Como aquella primera vez&#8221; sugiere que todos los amores posteriores ser\u00e1n comparados con este amor originario y encontrados deficientes.<\/p>\n<p>&#8220;Me bajabas la luna a los pies&#8221; reproduce el t\u00f3pico del amor hiperb\u00f3lico que trasciende las leyes f\u00edsicas. &#8220;Sent\u00eda que estaba en mi lugar&#8221; indica que el amor proporcionaba identidad espacial: un lugar en el mundo donde el yo coincid\u00eda consigo mismo. La p\u00e9rdida del amor implica p\u00e9rdida del lugar, del hogar identitario.<\/p>\n<p><strong>Arrepentimiento: el tiempo de la culpa<\/strong><\/p>\n<p>El arrepentimiento constituye otra modalidad temporal significativa en el poemario, articul\u00e1ndose como relaci\u00f3n torturada con el pasado que se quisiera modificar.<\/p>\n<p><strong>&#8220;Se acab\u00f3&#8221;: la distribuci\u00f3n asim\u00e9trica de la culpa<\/strong><\/p>\n<p>&#8220;Se acab\u00f3&#8221; tematiza expl\u00edcitamente el arrepentimiento mediante interrogaci\u00f3n de la responsabilidad en el fracaso de la relaci\u00f3n:<\/p>\n<p><strong>No soporto aceptar que todo esto se acab\u00f3, \/ que la teor\u00eda de Marzo nos gan\u00f3<\/strong>. &#8220;La teor\u00eda de Marzo&#8221; permanece enigm\u00e1tica en el poema, pero funciona como explicaci\u00f3n externa del fracaso: una teor\u00eda que predec\u00eda el final de la relaci\u00f3n. La temporalidad del arrepentimiento busca causas que expliquen retrospectivamente la cat\u00e1strofe.<\/p>\n<p><strong>T\u00fa dices que fui yo quien la cag\u00f3 \/ aunque ambos sabemos que fuimos los dos. \/ Pero t\u00fa m\u00e1s que yo porque no quisiste escuchar mi versi\u00f3n \/ y el rencor te ceg\u00f3<\/strong>. La distribuci\u00f3n de la culpa se presenta como negociaci\u00f3n compleja: reconocimiento de responsabilidad mutua (&#8220;fuimos los dos&#8221;) pero asignaci\u00f3n de mayor culpa al otro (&#8220;t\u00fa m\u00e1s que yo&#8221;).<\/p>\n<p>Esta distribuci\u00f3n asim\u00e9trica permite al sujeto l\u00edrico mantener un residuo de inocencia que posibilita la reconstrucci\u00f3n identitaria. El arrepentimiento total (asumir toda la culpa) resultar\u00eda ps\u00edquicamente destructivo, mientras que la negaci\u00f3n completa de responsabilidad impedir\u00eda el aprendizaje.<\/p>\n<p><strong>Precipitaci\u00f3n temporal: la urgencia como error<\/strong><\/p>\n<p><strong>Tal vez no deb\u00ed entreg\u00e1rtelo todo y deb\u00ed esperarme un poco para no precipitarlo todo<\/strong>. El arrepentimiento identifica el error temporal: la precipitaci\u00f3n, la entrega prematura que no respet\u00f3 los tiempos necesarios para el desarrollo gradual del v\u00ednculo.<\/p>\n<p>&#8220;Deb\u00ed esperarme&#8221; sugiere que exist\u00eda un tiempo adecuado para la entrega, pero que la urgencia del deseo lo alter\u00f3. La temporalidad amorosa requiere paciencia, gradualidad, respeto por los ritmos del otro. La precipitaci\u00f3n produce cat\u00e1strofe: &#8220;precipitarlo todo&#8221; indica que la urgencia contamin\u00f3 todos los aspectos de la relaci\u00f3n.<\/p>\n<p>Esta reflexi\u00f3n revela una sabidur\u00eda temporal adquirida mediante el dolor: el conocimiento de que el amor tiene ritmos espec\u00edficos que no pueden forzarse. Sin embargo, este conocimiento llega tard\u00edamente, despu\u00e9s de la cat\u00e1strofe que pretend\u00eda evitar.<\/p>\n<p><strong>La fractura identitaria como condici\u00f3n previa<\/strong><\/p>\n<p><strong>Porque yo estaba rota y no quer\u00eda aceptar mi derrota<\/strong>. El arrepentimiento reconoce que la relaci\u00f3n comenz\u00f3 desde un estado previo de vulnerabilidad: &#8220;yo estaba rota&#8221; indica que la fragmentaci\u00f3n identitaria era anterior al encuentro amoroso.<\/p>\n<p>La aliteraci\u00f3n &#8220;rota\/derrota&#8221; establece una equivalencia f\u00f3nica entre la fragmentaci\u00f3n del yo y el fracaso amoroso. La poeta reconoce que busc\u00f3 en el amor una reparaci\u00f3n de heridas previas, pero que esta b\u00fasqueda reparadora contamin\u00f3 la relaci\u00f3n con expectativas insostenibles.<\/p>\n<p>&#8220;No quer\u00eda aceptar mi derrota&#8221; sugiere que el yo se resist\u00eda a reconocer su condici\u00f3n herida, intentando usar el amor como negaci\u00f3n de la vulnerabilidad. Esta negaci\u00f3n produjo una temporalidad forzada donde el amor deb\u00eda cumplir funciones terap\u00e9uticas para las cuales no estaba dise\u00f1ado.<\/p>\n<p><strong>El futuro como problema: temporalidad prospectiva y reconstrucci\u00f3n<\/strong><\/p>\n<p><strong>&#8220;La forma de mirar&#8221;: apertura cautelosa hacia el futuro<\/strong><\/p>\n<p>&#8220;La forma de mirar&#8221; constituye uno de los pocos textos del poemario que se abre expl\u00edcitamente hacia el futuro, aunque de manera precavida y condicional:<\/p>\n<p><strong>No muchos lo entender\u00e1n, \/ pero me ha cambiado hasta la forma en la que mirar<\/strong>. El trauma ha transformado incluso la percepci\u00f3n sensorial b\u00e1sica, modificando la estructura misma de la experiencia. Este cambio no es meramente psicol\u00f3gico, sino que afecta la modalidad fundamental de relacionarse con el mundo.<\/p>\n<p><strong>La forma de mirar, la forma en la que mirarte a ti, \/ que no s\u00e9 si ver\u00e1s<\/strong>. La nueva mirada se dirige hacia un &#8220;t\u00fa&#8221; diferente del &#8220;t\u00fa&#8221; de los poemas anteriores. Esta ambig\u00fcedad pronominal indica la posibilidad de un nuevo v\u00ednculo, aunque marcado por la incertidumbre (&#8220;no s\u00e9 si ver\u00e1s&#8221;).<\/p>\n<p><strong>Quiero llegar a quererte, \/ pero voy a continuar en un te<\/strong>. El juego verbal con el pronombre &#8220;te&#8221; (que puede leerse como pronombre personal o como sustantivo referido a la infusi\u00f3n) indica una posici\u00f3n de cautela. El yo manifiesta deseo de vincularse (&#8220;quiero llegar a quererte&#8221;), pero mantiene resistencia (&#8220;voy a continuar en un te&#8221;).<\/p>\n<p>Esta resistencia no es negaci\u00f3n del v\u00ednculo, sino precauci\u00f3n basada en la experiencia traum\u00e1tica previa. La temporalidad futura se presenta como posible, pero condicionada por la sabidur\u00eda dolorosa adquirida.<\/p>\n<p><strong>Presente versus pasado: la superioridad del presente<\/strong><\/p>\n<p><strong>Estaba buscando la paz donde nunca la iba a encontrar, \/ en un pasado y mirando hacia atr\u00e1s. \/ Es raro admitirlo, pero es la realidad, \/ un presente y un futuro es mejor dejando el pasado atr\u00e1s<\/strong>. El poema concluye con una reflexi\u00f3n metapo\u00e9tica sobre la temporalidad que constituye el momento de mayor lucidez del poemario.<\/p>\n<p>&#8220;Estaba buscando la paz donde nunca la iba a encontrar&#8221; reconoce que la orientaci\u00f3n nost\u00e1lgica hacia el pasado es estrategia fallida de elaboraci\u00f3n del dolor. La paz no puede encontrarse en el pasado porque el pasado es inmodificable: solo puede encontrarse mediante construcci\u00f3n de futuro.<\/p>\n<p>&#8220;Es raro admitirlo&#8221; indica que esta comprensi\u00f3n contradice la tendencia natural del duelo, que busca refugio en la idealizaci\u00f3n del pasado. La temporalidad terap\u00e9utica requiere inversi\u00f3n de la orientaci\u00f3n temporal: dejar de mirar &#8220;hacia atr\u00e1s&#8221; para orientarse hacia &#8220;un presente y un futuro&#8221;.<\/p>\n<p><strong>&#8220;Perdimos&#8221;: la cueva sin salida y el punto de luz<\/strong><\/p>\n<p>&#8220;Perdimos&#8221; articula el momento de transici\u00f3n de la temporalidad melanc\u00f3lica hacia una temporalidad reconstructiva:<\/p>\n<p><strong>Me puse a m\u00ed por encima de todos, \/ y s\u00f3lo yo s\u00e9 c\u00f3mo doli\u00f3 dejar atr\u00e1s eso que tanto amaba, \/ para conseguir avanzar entre esa cueva que parece no tener salida. \/ Pero que al final ves ese punto de luz, \/ que se agranda m\u00e1s y m\u00e1s<\/strong>.<\/p>\n<p>La met\u00e1fora de &#8220;la cueva sin salida&#8221; representa la temporalidad depresiva donde el futuro aparece bloqueado. Sin embargo, la persistencia (&#8220;conseguir avanzar&#8221;) permite descubrir &#8220;ese punto de luz&#8221; que se &#8220;agranda m\u00e1s y m\u00e1s&#8221;.<\/p>\n<p>Esta imagen sugiere una temporalidad de gradual apertura: el futuro no aparece s\u00fabitamente, sino que se construye progresivamente mediante el &#8220;avance&#8221; a trav\u00e9s de la oscuridad. El &#8220;punto de luz&#8221; que se agranda indica que el futuro adquiere realidad paulatinamente, expandi\u00e9ndose desde una posibilidad m\u00ednima hasta convertirse en horizonte habitable.<\/p>\n<p><strong>Y que te hace recordar que siempre hay una salida, \/ una paz y una eternidad&#8230;<\/strong>. La conclusi\u00f3n establece tres dimensiones temporales de la esperanza: &#8220;salida&#8221; (escape del presente doloroso), &#8220;paz&#8221; (presente habitable) y &#8220;eternidad&#8221; (futuro ilimitado).<\/p>\n<p><strong>Circularidad temporal y repetici\u00f3n: la temporalidad traum\u00e1tica<\/strong><\/p>\n<p><strong>&#8220;Destino&#8221;: fatalismo y repetici\u00f3n compulsiva<\/strong><\/p>\n<p>&#8220;Destino&#8221; articula una reflexi\u00f3n sobre la inevitabilidad del encuentro traum\u00e1tico y la compulsi\u00f3n a repetirlo:<\/p>\n<p><strong>Tal vez nunca debimos coincidir, \/ quiz\u00e1s ese d\u00eda yo no deb\u00eda ir \/ pero enamorarme de sus ojos no lo poda predecir. \/ Y aunque pudiera devolver el tiempo para no asistir, \/ mi testarudo coraz\u00f3n volver\u00eda a insistir<\/strong>.<\/p>\n<p>La rima encadenada en &#8220;-ir&#8221; (coincidir\/ir\/predecir\/asistir\/insistir) produce un efecto de inevitabilidad, de movimiento inexorable hacia el encuentro traum\u00e1tico. La temporalidad fatalista presenta el encuentro como destino ineludible, determinado por fuerzas que exceden la voluntad consciente.<\/p>\n<p>&#8220;Mi testarudo coraz\u00f3n volver\u00eda a insistir&#8221; revela la dimensi\u00f3n inconsciente del deseo que resiste la racionalizaci\u00f3n. Incluso con conocimiento previo del dolor que seguir\u00e1 al encuentro, el coraz\u00f3n &#8220;insistir\u00eda&#8221; en repetir la experiencia. Esta compulsi\u00f3n a la repetici\u00f3n indica que el trauma no se resuelve mediante evitaci\u00f3n, sino que requiere elaboraci\u00f3n.<\/p>\n<p><strong>Revivir\u00eda cada mirada, cada sentir, \/ aunque supiera que al final deber\u00eda partir<\/strong>. La aceptaci\u00f3n de la repetici\u00f3n (&#8220;revivir\u00eda&#8221;) incluye aceptaci\u00f3n del final doloroso (&#8220;deber\u00eda partir&#8221;). Esta posici\u00f3n representa una forma superior de temporalidad que integra el dolor como parte necesaria de la experiencia vital.<\/p>\n<p><strong>&#8220;Supervivencia&#8221;: temporalidad de la resistencia<\/strong><\/p>\n<p>&#8220;Supervivencia&#8221; tematiza la persistencia del v\u00ednculo m\u00e1s all\u00e1 de la ruptura cronol\u00f3gica:<\/p>\n<p><strong>Todo lo que fuimos se qued\u00f3 en manos del destino, \/ sin un lugar a d\u00f3nde ir, \/ sin ninguna esperanza de sobrevivir<\/strong>. La supervivencia se presenta inicialmente como imposibilidad: &#8220;sin ninguna esperanza de sobrevivir&#8221; indica que la ruptura amenaza la existencia misma del yo.<\/p>\n<p>Sin embargo, el t\u00edtulo del poema (&#8220;Supervivencia&#8221;) contradice performativamente su contenido: el hecho de que el poema exista demuestra que la supervivencia ha ocurrido. La temporalidad de la supervivencia no depende de la voluntad o la esperanza, sino que se impone como dato factual: el yo contin\u00faa existiendo despu\u00e9s de la cat\u00e1strofe.<\/p>\n<p><strong>Y que nadie, me convenza de dejarte ir \/ si nunca sinti\u00f3 lo que yo sent\u00ed, \/ por ti, por todo lo que contigo viv\u00ed<\/strong>. La resistencia a &#8220;dejarte ir&#8221; indica que la supervivencia no implica olvido o superaci\u00f3n, sino capacidad de sostener el dolor sin ser destruida por \u00e9l.<\/p>\n<p>La temporalidad de la supervivencia es temporalidad de la persistencia: mantener vivo el v\u00ednculo emocional incluso despu\u00e9s de la ruptura cronol\u00f3gica. Esta persistencia no es patol\u00f3gica, sino forma espec\u00edfica de fidelidad que honra la intensidad de la experiencia vivida.<\/p>\n<p><strong>Conclusiones: hacia una po\u00e9tica de la temporalidad fragmentada<\/strong><\/p>\n<p>&#8220;Mis ruinas, mi poes\u00eda&#8221; de Gema Bautista construye una compleja exploraci\u00f3n de la temporalidad que problematiza la relaci\u00f3n entre tiempo cronol\u00f3gico y tiempo emocional a trav\u00e9s de m\u00faltiples modalidades temporales: nostalgia, arrepentimiento, fantas\u00edas contrafactuales, circularidad traum\u00e1tica y apertura cautelosa hacia el futuro.<\/p>\n<p>El poemario revela que el trauma de la ruptura sentimental produce una dislocaci\u00f3n fundamental entre temporalidad objetiva y experiencia subjetiva: mientras el tiempo cronol\u00f3gico contin\u00faa su curso regular, el tiempo emocional sufre distorsiones, suspensiones y inversiones que caracterizan la experiencia melanc\u00f3lica. Las estaciones pierden su significado simb\u00f3lico, el espacio dom\u00e9stico se vuelve hostil, y el futuro se presenta como impensable.<\/p>\n<p>La nostalgia emerge como modalidad temporal dominante, articul\u00e1ndose como liturgia obsesiva de la memoria que transforma el presente en mero veh\u00edculo para acceder al pasado idealizado. Esta temporalidad nost\u00e1lgica opera mediante selecci\u00f3n: preserva \u00fanicamente los aspectos &#8220;bonitos&#8221; del pasado, construyendo un refugio temporal donde la subjetividad herida puede encontrar consolaci\u00f3n.<\/p>\n<p>El arrepentimiento constituye otra modalidad temporal significativa, expres\u00e1ndose como relaci\u00f3n torturada with el pasado que se quisiera modificar. Sin embargo, este arrepentimiento no es meramente destructivo, sino que produce conocimiento: la sabidur\u00eda de que el amor requiere tiempos espec\u00edficos que no pueden forzarse.<\/p>\n<p>Las fantas\u00edas contrafactuales (&#8220;Retroceder&#8221;, &#8220;En otra vida&#8221;) articulan universos temporales alternativos donde la misma relaci\u00f3n se desarrollar\u00eda exitosamente. Estas fantas\u00edas funcionan como mecanismos ps\u00edquicos transitorios que permiten elaborar el duelo mediante exploraci\u00f3n de posibilidades no realizadas. Sin embargo, la poeta reconoce finalmente la naturaleza consolatoria pero improductiva de estas fantas\u00edas.<\/p>\n<p>La circularidad temporal traum\u00e1tica se expresa mediante compulsi\u00f3n a la repetici\u00f3n: el yo reconoce que incluso con conocimiento previo del dolor, volver\u00eda a elegir la misma experiencia. Esta compulsi\u00f3n no es masoquismo, sino reconocimiento de que cierta dimensi\u00f3n de la experiencia amorosa excede el c\u00e1lculo racional de placer y dolor.<\/p>\n<p>Finalmente, el poemario se abre cautelosamente hacia el futuro, aunque desde una subjetividad transformada que no puede entregarse con la misma inocencia que caracteriz\u00f3 la relaci\u00f3n anterior. Esta apertura no implica &#8220;superaci\u00f3n&#8221; del trauma, sino capacidad de sostener el dolor sin ser destruida por \u00e9l, construyendo futuro desde las ruinas del pasado.<\/p>\n<p>La temporalidad que emerge de este proceso es temporal fragmentada pero productiva: integra la experiencia traum\u00e1tica como material de construcci\u00f3n de una nueva identidad que, aunque marcada permanentemente por el dolor, se presenta capaz de amor futuro. El tiempo cronol\u00f3gico y el tiempo emocional no logran reconciliarse completamente, pero su tensi\u00f3n productiva constituye el espacio mismo de la escritura po\u00e9tica, donde las ruinas temporales se transforman en arquitectura textual habitable.<\/p>\n","protected":false},"excerpt":{"rendered":"<p>Olivares Tom\u00e1s, Ana Mar\u00eda. \u00abLA TEMPORALIDAD EN &#8220;MIS RUINAS, MI POES\u00cdA&#8221;: TIEMPO CRONOL\u00d3GICO VERSUS TIEMPO EMOCIONAL EN LA POES\u00cdA CONFESIONAL DE GEMA BAUTISTA\u00bb. Zenodo, 25 de octubre de 2025. https:\/\/doi.org\/10.5281\/zenodo.17441715<\/p>\n","protected":false},"author":1,"featured_media":47,"comment_status":"closed","ping_status":"closed","sticky":false,"template":"","format":"standard","meta":{"_acf_changed":false,"footnotes":""},"categories":[5],"tags":[],"class_list":["post-58","post","type-post","status-publish","format-standard","has-post-thumbnail","hentry","category-mis-ruinas-mi-poesia"],"acf":[],"yoast_head":"<!-- This site is optimized with the Yoast SEO Premium plugin v24.7 (Yoast SEO v27.5) - https:\/\/yoast.com\/product\/yoast-seo-premium-wordpress\/ -->\n<title>LA TEMPORALIDAD EN &quot;MIS RUINAS, MI POES\u00cdA&quot;: TIEMPO CRONOL\u00d3GICO VERSUS TIEMPO EMOCIONAL EN LA POES\u00cdA CONFESIONAL DE GEMA BAUTISTA - Gema Bautista<\/title>\n<meta name=\"description\" content=\"Olivares Tom\u00e1s, Ana Mar\u00eda. \u00abLA TEMPORALIDAD EN &quot;MIS RUINAS, MI POES\u00cdA&quot;: TIEMPO CRONOL\u00d3GICO VERSUS TIEMPO EMOCIONAL EN LA POES\u00cdA CONFESIONAL DE GEMA BAUTISTA\u00bb. Zenodo, 25 de octubre de 2025. https:\/\/doi.org\/10.5281\/zenodo.17441715\" \/>\n<meta name=\"robots\" content=\"index, follow, max-snippet:-1, max-image-preview:large, max-video-preview:-1\" \/>\n<link rel=\"canonical\" href=\"https:\/\/nuestrosescritores.com\/gemabautista\/2025\/10\/25\/la-temporalidad-en-mis-ruinas-mi-poesia-tiempo-cronologico-versus-tiempo-emocional-en-la-poesia-confesional-de-gema-bautista\/\" \/>\n<meta property=\"og:locale\" content=\"es_ES\" \/>\n<meta property=\"og:type\" content=\"article\" \/>\n<meta property=\"og:title\" content=\"LA TEMPORALIDAD EN &quot;MIS RUINAS, MI POES\u00cdA&quot;: TIEMPO CRONOL\u00d3GICO VERSUS TIEMPO EMOCIONAL EN LA POES\u00cdA CONFESIONAL DE GEMA BAUTISTA\" \/>\n<meta property=\"og:description\" content=\"Olivares Tom\u00e1s, Ana Mar\u00eda. \u00abLA TEMPORALIDAD EN &quot;MIS RUINAS, MI POES\u00cdA&quot;: TIEMPO CRONOL\u00d3GICO VERSUS TIEMPO EMOCIONAL EN LA POES\u00cdA CONFESIONAL DE GEMA BAUTISTA\u00bb. Zenodo, 25 de octubre de 2025. https:\/\/doi.org\/10.5281\/zenodo.17441715\" \/>\n<meta property=\"og:url\" content=\"https:\/\/nuestrosescritores.com\/gemabautista\/2025\/10\/25\/la-temporalidad-en-mis-ruinas-mi-poesia-tiempo-cronologico-versus-tiempo-emocional-en-la-poesia-confesional-de-gema-bautista\/\" \/>\n<meta property=\"og:site_name\" content=\"Gema Bautista\" \/>\n<meta property=\"article:published_time\" content=\"2025-10-25T14:48:27+00:00\" \/>\n<meta property=\"og:image\" content=\"http:\/\/nuestrosescritores.com\/gemabautista\/wp-content\/uploads\/sites\/218\/2025\/10\/book2.webp\" \/>\n\t<meta property=\"og:image:width\" content=\"839\" \/>\n\t<meta property=\"og:image:height\" content=\"794\" \/>\n\t<meta property=\"og:image:type\" content=\"image\/webp\" \/>\n<meta name=\"author\" content=\"Javierpah\" \/>\n<meta name=\"twitter:card\" content=\"summary_large_image\" \/>\n<meta name=\"twitter:label1\" content=\"Escrito por\" \/>\n\t<meta name=\"twitter:data1\" content=\"Javierpah\" \/>\n\t<meta name=\"twitter:label2\" content=\"Tiempo de lectura\" \/>\n\t<meta name=\"twitter:data2\" content=\"21 minutos\" \/>\n<script type=\"application\/ld+json\" class=\"yoast-schema-graph\">{\"@context\":\"https:\\\/\\\/schema.org\",\"@graph\":[{\"@type\":\"Article\",\"@id\":\"https:\\\/\\\/nuestrosescritores.com\\\/gemabautista\\\/2025\\\/10\\\/25\\\/la-temporalidad-en-mis-ruinas-mi-poesia-tiempo-cronologico-versus-tiempo-emocional-en-la-poesia-confesional-de-gema-bautista\\\/#article\",\"isPartOf\":{\"@id\":\"https:\\\/\\\/nuestrosescritores.com\\\/gemabautista\\\/2025\\\/10\\\/25\\\/la-temporalidad-en-mis-ruinas-mi-poesia-tiempo-cronologico-versus-tiempo-emocional-en-la-poesia-confesional-de-gema-bautista\\\/\"},\"author\":{\"name\":\"Javierpah\",\"@id\":\"https:\\\/\\\/nuestrosescritores.com\\\/gemabautista\\\/#\\\/schema\\\/person\\\/eeae205ced613630f5aac210989ea6eb\"},\"headline\":\"LA TEMPORALIDAD EN &#8220;MIS RUINAS, MI POES\u00cdA&#8221;: TIEMPO CRONOL\u00d3GICO VERSUS TIEMPO EMOCIONAL EN LA POES\u00cdA CONFESIONAL DE GEMA BAUTISTA\",\"datePublished\":\"2025-10-25T14:48:27+00:00\",\"mainEntityOfPage\":{\"@id\":\"https:\\\/\\\/nuestrosescritores.com\\\/gemabautista\\\/2025\\\/10\\\/25\\\/la-temporalidad-en-mis-ruinas-mi-poesia-tiempo-cronologico-versus-tiempo-emocional-en-la-poesia-confesional-de-gema-bautista\\\/\"},\"wordCount\":4888,\"image\":{\"@id\":\"https:\\\/\\\/nuestrosescritores.com\\\/gemabautista\\\/2025\\\/10\\\/25\\\/la-temporalidad-en-mis-ruinas-mi-poesia-tiempo-cronologico-versus-tiempo-emocional-en-la-poesia-confesional-de-gema-bautista\\\/#primaryimage\"},\"thumbnailUrl\":\"https:\\\/\\\/nuestrosescritores.com\\\/gemabautista\\\/wp-content\\\/uploads\\\/sites\\\/218\\\/2025\\\/10\\\/book2.webp\",\"articleSection\":[\"MIS RUINAS MI POESIA\"],\"inLanguage\":\"es\",\"copyrightYear\":\"2025\",\"copyrightHolder\":{\"@id\":\"https:\\\/\\\/nuestrosescritores.com\\\/#organization\"}},{\"@type\":\"WebPage\",\"@id\":\"https:\\\/\\\/nuestrosescritores.com\\\/gemabautista\\\/2025\\\/10\\\/25\\\/la-temporalidad-en-mis-ruinas-mi-poesia-tiempo-cronologico-versus-tiempo-emocional-en-la-poesia-confesional-de-gema-bautista\\\/\",\"url\":\"https:\\\/\\\/nuestrosescritores.com\\\/gemabautista\\\/2025\\\/10\\\/25\\\/la-temporalidad-en-mis-ruinas-mi-poesia-tiempo-cronologico-versus-tiempo-emocional-en-la-poesia-confesional-de-gema-bautista\\\/\",\"name\":\"LA TEMPORALIDAD EN \\\"MIS RUINAS, MI POES\u00cdA\\\": TIEMPO CRONOL\u00d3GICO VERSUS TIEMPO EMOCIONAL EN LA POES\u00cdA CONFESIONAL DE GEMA BAUTISTA - Gema Bautista\",\"isPartOf\":{\"@id\":\"https:\\\/\\\/nuestrosescritores.com\\\/gemabautista\\\/#website\"},\"primaryImageOfPage\":{\"@id\":\"https:\\\/\\\/nuestrosescritores.com\\\/gemabautista\\\/2025\\\/10\\\/25\\\/la-temporalidad-en-mis-ruinas-mi-poesia-tiempo-cronologico-versus-tiempo-emocional-en-la-poesia-confesional-de-gema-bautista\\\/#primaryimage\"},\"image\":{\"@id\":\"https:\\\/\\\/nuestrosescritores.com\\\/gemabautista\\\/2025\\\/10\\\/25\\\/la-temporalidad-en-mis-ruinas-mi-poesia-tiempo-cronologico-versus-tiempo-emocional-en-la-poesia-confesional-de-gema-bautista\\\/#primaryimage\"},\"thumbnailUrl\":\"https:\\\/\\\/nuestrosescritores.com\\\/gemabautista\\\/wp-content\\\/uploads\\\/sites\\\/218\\\/2025\\\/10\\\/book2.webp\",\"datePublished\":\"2025-10-25T14:48:27+00:00\",\"author\":{\"@id\":\"https:\\\/\\\/nuestrosescritores.com\\\/gemabautista\\\/#\\\/schema\\\/person\\\/eeae205ced613630f5aac210989ea6eb\"},\"description\":\"Olivares Tom\u00e1s, Ana Mar\u00eda. \u00abLA TEMPORALIDAD EN \\\"MIS RUINAS, MI POES\u00cdA\\\": TIEMPO CRONOL\u00d3GICO VERSUS TIEMPO EMOCIONAL EN LA POES\u00cdA CONFESIONAL DE GEMA BAUTISTA\u00bb. Zenodo, 25 de octubre de 2025. https:\\\/\\\/doi.org\\\/10.5281\\\/zenodo.17441715\",\"breadcrumb\":{\"@id\":\"https:\\\/\\\/nuestrosescritores.com\\\/gemabautista\\\/2025\\\/10\\\/25\\\/la-temporalidad-en-mis-ruinas-mi-poesia-tiempo-cronologico-versus-tiempo-emocional-en-la-poesia-confesional-de-gema-bautista\\\/#breadcrumb\"},\"inLanguage\":\"es\",\"potentialAction\":[{\"@type\":\"ReadAction\",\"target\":[\"https:\\\/\\\/nuestrosescritores.com\\\/gemabautista\\\/2025\\\/10\\\/25\\\/la-temporalidad-en-mis-ruinas-mi-poesia-tiempo-cronologico-versus-tiempo-emocional-en-la-poesia-confesional-de-gema-bautista\\\/\"]}]},{\"@type\":\"ImageObject\",\"inLanguage\":\"es\",\"@id\":\"https:\\\/\\\/nuestrosescritores.com\\\/gemabautista\\\/2025\\\/10\\\/25\\\/la-temporalidad-en-mis-ruinas-mi-poesia-tiempo-cronologico-versus-tiempo-emocional-en-la-poesia-confesional-de-gema-bautista\\\/#primaryimage\",\"url\":\"https:\\\/\\\/nuestrosescritores.com\\\/gemabautista\\\/wp-content\\\/uploads\\\/sites\\\/218\\\/2025\\\/10\\\/book2.webp\",\"contentUrl\":\"https:\\\/\\\/nuestrosescritores.com\\\/gemabautista\\\/wp-content\\\/uploads\\\/sites\\\/218\\\/2025\\\/10\\\/book2.webp\",\"width\":839,\"height\":794},{\"@type\":\"BreadcrumbList\",\"@id\":\"https:\\\/\\\/nuestrosescritores.com\\\/gemabautista\\\/2025\\\/10\\\/25\\\/la-temporalidad-en-mis-ruinas-mi-poesia-tiempo-cronologico-versus-tiempo-emocional-en-la-poesia-confesional-de-gema-bautista\\\/#breadcrumb\",\"itemListElement\":[{\"@type\":\"ListItem\",\"position\":1,\"name\":\"Portada\",\"item\":\"https:\\\/\\\/nuestrosescritores.com\\\/gemabautista\\\/\"},{\"@type\":\"ListItem\",\"position\":2,\"name\":\"LA TEMPORALIDAD EN &#8220;MIS RUINAS, MI POES\u00cdA&#8221;: TIEMPO CRONOL\u00d3GICO VERSUS TIEMPO EMOCIONAL EN LA POES\u00cdA CONFESIONAL DE GEMA BAUTISTA\"}]},{\"@type\":\"WebSite\",\"@id\":\"https:\\\/\\\/nuestrosescritores.com\\\/gemabautista\\\/#website\",\"url\":\"https:\\\/\\\/nuestrosescritores.com\\\/gemabautista\\\/\",\"name\":\"Nuestros escritores\",\"description\":\"Escritora\",\"potentialAction\":[{\"@type\":\"SearchAction\",\"target\":{\"@type\":\"EntryPoint\",\"urlTemplate\":\"https:\\\/\\\/nuestrosescritores.com\\\/gemabautista\\\/?s={search_term_string}\"},\"query-input\":{\"@type\":\"PropertyValueSpecification\",\"valueRequired\":true,\"valueName\":\"search_term_string\"}}],\"inLanguage\":\"es\"},{\"@type\":\"Person\",\"@id\":\"https:\\\/\\\/nuestrosescritores.com\\\/gemabautista\\\/#\\\/schema\\\/person\\\/eeae205ced613630f5aac210989ea6eb\",\"name\":\"Javierpah\",\"image\":{\"@type\":\"ImageObject\",\"inLanguage\":\"es\",\"@id\":\"https:\\\/\\\/secure.gravatar.com\\\/avatar\\\/1cb55a5bd8d6824519e46b552e84b03575857cc9c4d6333824d2f95d82129f50?s=96&d=mm&r=g\",\"url\":\"https:\\\/\\\/secure.gravatar.com\\\/avatar\\\/1cb55a5bd8d6824519e46b552e84b03575857cc9c4d6333824d2f95d82129f50?s=96&d=mm&r=g\",\"contentUrl\":\"https:\\\/\\\/secure.gravatar.com\\\/avatar\\\/1cb55a5bd8d6824519e46b552e84b03575857cc9c4d6333824d2f95d82129f50?s=96&d=mm&r=g\",\"caption\":\"Javierpah\"}}]}<\/script>\n<!-- \/ Yoast SEO Premium plugin. -->","yoast_head_json":{"title":"LA TEMPORALIDAD EN \"MIS RUINAS, MI POES\u00cdA\": TIEMPO CRONOL\u00d3GICO VERSUS TIEMPO EMOCIONAL EN LA POES\u00cdA CONFESIONAL DE GEMA BAUTISTA - Gema Bautista","description":"Olivares Tom\u00e1s, Ana Mar\u00eda. \u00abLA TEMPORALIDAD EN \"MIS RUINAS, MI POES\u00cdA\": TIEMPO CRONOL\u00d3GICO VERSUS TIEMPO EMOCIONAL EN LA POES\u00cdA CONFESIONAL DE GEMA BAUTISTA\u00bb. Zenodo, 25 de octubre de 2025. https:\/\/doi.org\/10.5281\/zenodo.17441715","robots":{"index":"index","follow":"follow","max-snippet":"max-snippet:-1","max-image-preview":"max-image-preview:large","max-video-preview":"max-video-preview:-1"},"canonical":"https:\/\/nuestrosescritores.com\/gemabautista\/2025\/10\/25\/la-temporalidad-en-mis-ruinas-mi-poesia-tiempo-cronologico-versus-tiempo-emocional-en-la-poesia-confesional-de-gema-bautista\/","og_locale":"es_ES","og_type":"article","og_title":"LA TEMPORALIDAD EN \"MIS RUINAS, MI POES\u00cdA\": TIEMPO CRONOL\u00d3GICO VERSUS TIEMPO EMOCIONAL EN LA POES\u00cdA CONFESIONAL DE GEMA BAUTISTA","og_description":"Olivares Tom\u00e1s, Ana Mar\u00eda. \u00abLA TEMPORALIDAD EN \"MIS RUINAS, MI POES\u00cdA\": TIEMPO CRONOL\u00d3GICO VERSUS TIEMPO EMOCIONAL EN LA POES\u00cdA CONFESIONAL DE GEMA BAUTISTA\u00bb. Zenodo, 25 de octubre de 2025. https:\/\/doi.org\/10.5281\/zenodo.17441715","og_url":"https:\/\/nuestrosescritores.com\/gemabautista\/2025\/10\/25\/la-temporalidad-en-mis-ruinas-mi-poesia-tiempo-cronologico-versus-tiempo-emocional-en-la-poesia-confesional-de-gema-bautista\/","og_site_name":"Gema Bautista","article_published_time":"2025-10-25T14:48:27+00:00","og_image":[{"width":839,"height":794,"url":"http:\/\/nuestrosescritores.com\/gemabautista\/wp-content\/uploads\/sites\/218\/2025\/10\/book2.webp","type":"image\/webp"}],"author":"Javierpah","twitter_card":"summary_large_image","twitter_misc":{"Escrito por":"Javierpah","Tiempo de lectura":"21 minutos"},"schema":{"@context":"https:\/\/schema.org","@graph":[{"@type":"Article","@id":"https:\/\/nuestrosescritores.com\/gemabautista\/2025\/10\/25\/la-temporalidad-en-mis-ruinas-mi-poesia-tiempo-cronologico-versus-tiempo-emocional-en-la-poesia-confesional-de-gema-bautista\/#article","isPartOf":{"@id":"https:\/\/nuestrosescritores.com\/gemabautista\/2025\/10\/25\/la-temporalidad-en-mis-ruinas-mi-poesia-tiempo-cronologico-versus-tiempo-emocional-en-la-poesia-confesional-de-gema-bautista\/"},"author":{"name":"Javierpah","@id":"https:\/\/nuestrosescritores.com\/gemabautista\/#\/schema\/person\/eeae205ced613630f5aac210989ea6eb"},"headline":"LA TEMPORALIDAD EN &#8220;MIS RUINAS, MI POES\u00cdA&#8221;: TIEMPO CRONOL\u00d3GICO VERSUS TIEMPO EMOCIONAL EN LA POES\u00cdA CONFESIONAL DE GEMA BAUTISTA","datePublished":"2025-10-25T14:48:27+00:00","mainEntityOfPage":{"@id":"https:\/\/nuestrosescritores.com\/gemabautista\/2025\/10\/25\/la-temporalidad-en-mis-ruinas-mi-poesia-tiempo-cronologico-versus-tiempo-emocional-en-la-poesia-confesional-de-gema-bautista\/"},"wordCount":4888,"image":{"@id":"https:\/\/nuestrosescritores.com\/gemabautista\/2025\/10\/25\/la-temporalidad-en-mis-ruinas-mi-poesia-tiempo-cronologico-versus-tiempo-emocional-en-la-poesia-confesional-de-gema-bautista\/#primaryimage"},"thumbnailUrl":"https:\/\/nuestrosescritores.com\/gemabautista\/wp-content\/uploads\/sites\/218\/2025\/10\/book2.webp","articleSection":["MIS RUINAS MI POESIA"],"inLanguage":"es","copyrightYear":"2025","copyrightHolder":{"@id":"https:\/\/nuestrosescritores.com\/#organization"}},{"@type":"WebPage","@id":"https:\/\/nuestrosescritores.com\/gemabautista\/2025\/10\/25\/la-temporalidad-en-mis-ruinas-mi-poesia-tiempo-cronologico-versus-tiempo-emocional-en-la-poesia-confesional-de-gema-bautista\/","url":"https:\/\/nuestrosescritores.com\/gemabautista\/2025\/10\/25\/la-temporalidad-en-mis-ruinas-mi-poesia-tiempo-cronologico-versus-tiempo-emocional-en-la-poesia-confesional-de-gema-bautista\/","name":"LA TEMPORALIDAD EN \"MIS RUINAS, MI POES\u00cdA\": TIEMPO CRONOL\u00d3GICO VERSUS TIEMPO EMOCIONAL EN LA POES\u00cdA CONFESIONAL DE GEMA BAUTISTA - Gema Bautista","isPartOf":{"@id":"https:\/\/nuestrosescritores.com\/gemabautista\/#website"},"primaryImageOfPage":{"@id":"https:\/\/nuestrosescritores.com\/gemabautista\/2025\/10\/25\/la-temporalidad-en-mis-ruinas-mi-poesia-tiempo-cronologico-versus-tiempo-emocional-en-la-poesia-confesional-de-gema-bautista\/#primaryimage"},"image":{"@id":"https:\/\/nuestrosescritores.com\/gemabautista\/2025\/10\/25\/la-temporalidad-en-mis-ruinas-mi-poesia-tiempo-cronologico-versus-tiempo-emocional-en-la-poesia-confesional-de-gema-bautista\/#primaryimage"},"thumbnailUrl":"https:\/\/nuestrosescritores.com\/gemabautista\/wp-content\/uploads\/sites\/218\/2025\/10\/book2.webp","datePublished":"2025-10-25T14:48:27+00:00","author":{"@id":"https:\/\/nuestrosescritores.com\/gemabautista\/#\/schema\/person\/eeae205ced613630f5aac210989ea6eb"},"description":"Olivares Tom\u00e1s, Ana Mar\u00eda. \u00abLA TEMPORALIDAD EN \"MIS RUINAS, MI POES\u00cdA\": TIEMPO CRONOL\u00d3GICO VERSUS TIEMPO EMOCIONAL EN LA POES\u00cdA CONFESIONAL DE GEMA BAUTISTA\u00bb. Zenodo, 25 de octubre de 2025. https:\/\/doi.org\/10.5281\/zenodo.17441715","breadcrumb":{"@id":"https:\/\/nuestrosescritores.com\/gemabautista\/2025\/10\/25\/la-temporalidad-en-mis-ruinas-mi-poesia-tiempo-cronologico-versus-tiempo-emocional-en-la-poesia-confesional-de-gema-bautista\/#breadcrumb"},"inLanguage":"es","potentialAction":[{"@type":"ReadAction","target":["https:\/\/nuestrosescritores.com\/gemabautista\/2025\/10\/25\/la-temporalidad-en-mis-ruinas-mi-poesia-tiempo-cronologico-versus-tiempo-emocional-en-la-poesia-confesional-de-gema-bautista\/"]}]},{"@type":"ImageObject","inLanguage":"es","@id":"https:\/\/nuestrosescritores.com\/gemabautista\/2025\/10\/25\/la-temporalidad-en-mis-ruinas-mi-poesia-tiempo-cronologico-versus-tiempo-emocional-en-la-poesia-confesional-de-gema-bautista\/#primaryimage","url":"https:\/\/nuestrosescritores.com\/gemabautista\/wp-content\/uploads\/sites\/218\/2025\/10\/book2.webp","contentUrl":"https:\/\/nuestrosescritores.com\/gemabautista\/wp-content\/uploads\/sites\/218\/2025\/10\/book2.webp","width":839,"height":794},{"@type":"BreadcrumbList","@id":"https:\/\/nuestrosescritores.com\/gemabautista\/2025\/10\/25\/la-temporalidad-en-mis-ruinas-mi-poesia-tiempo-cronologico-versus-tiempo-emocional-en-la-poesia-confesional-de-gema-bautista\/#breadcrumb","itemListElement":[{"@type":"ListItem","position":1,"name":"Portada","item":"https:\/\/nuestrosescritores.com\/gemabautista\/"},{"@type":"ListItem","position":2,"name":"LA TEMPORALIDAD EN &#8220;MIS RUINAS, MI POES\u00cdA&#8221;: TIEMPO CRONOL\u00d3GICO VERSUS TIEMPO EMOCIONAL EN LA POES\u00cdA CONFESIONAL DE GEMA BAUTISTA"}]},{"@type":"WebSite","@id":"https:\/\/nuestrosescritores.com\/gemabautista\/#website","url":"https:\/\/nuestrosescritores.com\/gemabautista\/","name":"Nuestros escritores","description":"Escritora","potentialAction":[{"@type":"SearchAction","target":{"@type":"EntryPoint","urlTemplate":"https:\/\/nuestrosescritores.com\/gemabautista\/?s={search_term_string}"},"query-input":{"@type":"PropertyValueSpecification","valueRequired":true,"valueName":"search_term_string"}}],"inLanguage":"es"},{"@type":"Person","@id":"https:\/\/nuestrosescritores.com\/gemabautista\/#\/schema\/person\/eeae205ced613630f5aac210989ea6eb","name":"Javierpah","image":{"@type":"ImageObject","inLanguage":"es","@id":"https:\/\/secure.gravatar.com\/avatar\/1cb55a5bd8d6824519e46b552e84b03575857cc9c4d6333824d2f95d82129f50?s=96&d=mm&r=g","url":"https:\/\/secure.gravatar.com\/avatar\/1cb55a5bd8d6824519e46b552e84b03575857cc9c4d6333824d2f95d82129f50?s=96&d=mm&r=g","contentUrl":"https:\/\/secure.gravatar.com\/avatar\/1cb55a5bd8d6824519e46b552e84b03575857cc9c4d6333824d2f95d82129f50?s=96&d=mm&r=g","caption":"Javierpah"}}]}},"_links":{"self":[{"href":"https:\/\/nuestrosescritores.com\/gemabautista\/wp-json\/wp\/v2\/posts\/58","targetHints":{"allow":["GET"]}}],"collection":[{"href":"https:\/\/nuestrosescritores.com\/gemabautista\/wp-json\/wp\/v2\/posts"}],"about":[{"href":"https:\/\/nuestrosescritores.com\/gemabautista\/wp-json\/wp\/v2\/types\/post"}],"author":[{"embeddable":true,"href":"https:\/\/nuestrosescritores.com\/gemabautista\/wp-json\/wp\/v2\/users\/1"}],"replies":[{"embeddable":true,"href":"https:\/\/nuestrosescritores.com\/gemabautista\/wp-json\/wp\/v2\/comments?post=58"}],"version-history":[{"count":0,"href":"https:\/\/nuestrosescritores.com\/gemabautista\/wp-json\/wp\/v2\/posts\/58\/revisions"}],"wp:featuredmedia":[{"embeddable":true,"href":"https:\/\/nuestrosescritores.com\/gemabautista\/wp-json\/wp\/v2\/media\/47"}],"wp:attachment":[{"href":"https:\/\/nuestrosescritores.com\/gemabautista\/wp-json\/wp\/v2\/media?parent=58"}],"wp:term":[{"taxonomy":"category","embeddable":true,"href":"https:\/\/nuestrosescritores.com\/gemabautista\/wp-json\/wp\/v2\/categories?post=58"},{"taxonomy":"post_tag","embeddable":true,"href":"https:\/\/nuestrosescritores.com\/gemabautista\/wp-json\/wp\/v2\/tags?post=58"}],"curies":[{"name":"wp","href":"https:\/\/api.w.org\/{rel}","templated":true}]}}