{"id":102,"date":"2021-01-29T17:33:37","date_gmt":"2021-01-29T17:33:37","guid":{"rendered":"https:\/\/nuestrosescritores.com\/antoniosanchezmillan\/?p=102"},"modified":"2021-01-29T17:38:01","modified_gmt":"2021-01-29T17:38:01","slug":"poesia-recitada-fonoteca-de-poesia-contemporanea","status":"publish","type":"post","link":"https:\/\/nuestrosescritores.com\/antoniosanchezmillan\/2021\/01\/29\/poesia-recitada-fonoteca-de-poesia-contemporanea\/","title":{"rendered":"Poes\u00eda Recitada: Fonoteca de Poes\u00eda Contempor\u00e1nea"},"content":{"rendered":"<div class=\"wpb-content-wrapper\">[vc_row][vc_column][vc_column_text]Fuente: <a href=\"https:\/\/fonotecapoesia.com\/antonio-sanchez-millan\/\">https:\/\/fonotecapoesia.com\/antonio-sanchez-millan\/<\/a><\/p>\n<p>&nbsp;<\/p>\n[\/vc_column_text][\/vc_column][\/vc_row][vc_row][vc_column][vc_video link=&#8221;https:\/\/youtu.be\/_13LxB3LgD0&#8243;][\/vc_column][\/vc_row]\n<\/div>","protected":false},"excerpt":{"rendered":"<p>[vc_row][vc_column][vc_column_text]Fuente: https:\/\/fonotecapoesia.com\/antonio-sanchez-millan\/ &nbsp; [\/vc_column_text][\/vc_column][\/vc_row][vc_row][vc_column][vc_video link=&#8221;https:\/\/youtu.be\/_13LxB3LgD0&#8243;][\/vc_column][\/vc_row]<\/p>\n","protected":false},"author":1,"featured_media":0,"comment_status":"closed","ping_status":"closed","sticky":false,"template":"","format":"standard","meta":{"_acf_changed":false,"footnotes":""},"categories":[1],"tags":[],"class_list":["post-102","post","type-post","status-publish","format-standard","hentry","category-sin-categoria"],"acf":[],"yoast_head":"<!-- This site is optimized with the Yoast SEO Premium plugin v24.7 (Yoast SEO v27.5) - https:\/\/yoast.com\/product\/yoast-seo-premium-wordpress\/ -->\n<title>Poes\u00eda Recitada: Fonoteca de Poes\u00eda Contempor\u00e1nea - Antonio S\u00e1nchez Mill\u00e1n<\/title>\n<meta name=\"robots\" content=\"index, follow, max-snippet:-1, max-image-preview:large, max-video-preview:-1\" \/>\n<link rel=\"canonical\" href=\"https:\/\/nuestrosescritores.com\/antoniosanchezmillan\/2021\/01\/29\/poesia-recitada-fonoteca-de-poesia-contemporanea\/\" \/>\n<meta property=\"og:locale\" content=\"es_ES\" \/>\n<meta property=\"og:type\" content=\"article\" \/>\n<meta property=\"og:title\" content=\"Poes\u00eda Recitada: Fonoteca de Poes\u00eda Contempor\u00e1nea\" \/>\n<meta property=\"og:description\" content=\"[vc_row][vc_column][vc_column_text]Fuente: https:\/\/fonotecapoesia.com\/antonio-sanchez-millan\/ &nbsp; [\/vc_column_text][\/vc_column][\/vc_row][vc_row][vc_column][vc_video link=&#8221;https:\/\/youtu.be\/_13LxB3LgD0&#8243;][\/vc_column][\/vc_row]\" \/>\n<meta property=\"og:url\" content=\"https:\/\/nuestrosescritores.com\/antoniosanchezmillan\/2021\/01\/29\/poesia-recitada-fonoteca-de-poesia-contemporanea\/\" \/>\n<meta property=\"og:site_name\" content=\"Antonio S\u00e1nchez Mill\u00e1n\" \/>\n<meta property=\"article:published_time\" content=\"2021-01-29T17:33:37+00:00\" \/>\n<meta property=\"article:modified_time\" content=\"2021-01-29T17:38:01+00:00\" \/>\n<meta name=\"author\" content=\"Javierpah\" \/>\n<meta name=\"twitter:card\" content=\"summary_large_image\" \/>\n<meta name=\"twitter:label1\" content=\"Escrito por\" \/>\n\t<meta name=\"twitter:data1\" content=\"Javierpah\" \/>\n\t<meta name=\"twitter:label2\" content=\"Tiempo de lectura\" \/>\n\t<meta name=\"twitter:data2\" content=\"1 minuto\" \/>\n<script type=\"application\/ld+json\" class=\"yoast-schema-graph\">{\"@context\":\"https:\\\/\\\/schema.org\",\"@graph\":[{\"@type\":\"Article\",\"@id\":\"https:\\\/\\\/nuestrosescritores.com\\\/antoniosanchezmillan\\\/2021\\\/01\\\/29\\\/poesia-recitada-fonoteca-de-poesia-contemporanea\\\/#article\",\"isPartOf\":{\"@id\":\"https:\\\/\\\/nuestrosescritores.com\\\/antoniosanchezmillan\\\/2021\\\/01\\\/29\\\/poesia-recitada-fonoteca-de-poesia-contemporanea\\\/\"},\"author\":{\"name\":\"Javierpah\",\"@id\":\"https:\\\/\\\/nuestrosescritores.com\\\/antoniosanchezmillan\\\/#\\\/schema\\\/person\\\/eeae205ced613630f5aac210989ea6eb\"},\"headline\":\"Poes\u00eda Recitada: Fonoteca de Poes\u00eda Contempor\u00e1nea\",\"datePublished\":\"2021-01-29T17:33:37+00:00\",\"dateModified\":\"2021-01-29T17:38:01+00:00\",\"mainEntityOfPage\":{\"@id\":\"https:\\\/\\\/nuestrosescritores.com\\\/antoniosanchezmillan\\\/2021\\\/01\\\/29\\\/poesia-recitada-fonoteca-de-poesia-contemporanea\\\/\"},\"wordCount\":45,\"inLanguage\":\"es\",\"copyrightYear\":\"2021\",\"copyrightHolder\":{\"@id\":\"https:\\\/\\\/nuestrosescritores.com\\\/#organization\"}},{\"@type\":\"WebPage\",\"@id\":\"https:\\\/\\\/nuestrosescritores.com\\\/antoniosanchezmillan\\\/2021\\\/01\\\/29\\\/poesia-recitada-fonoteca-de-poesia-contemporanea\\\/\",\"url\":\"https:\\\/\\\/nuestrosescritores.com\\\/antoniosanchezmillan\\\/2021\\\/01\\\/29\\\/poesia-recitada-fonoteca-de-poesia-contemporanea\\\/\",\"name\":\"Poes\u00eda Recitada: Fonoteca de Poes\u00eda Contempor\u00e1nea - Antonio S\u00e1nchez Mill\u00e1n\",\"isPartOf\":{\"@id\":\"https:\\\/\\\/nuestrosescritores.com\\\/antoniosanchezmillan\\\/#website\"},\"datePublished\":\"2021-01-29T17:33:37+00:00\",\"dateModified\":\"2021-01-29T17:38:01+00:00\",\"author\":{\"@id\":\"https:\\\/\\\/nuestrosescritores.com\\\/antoniosanchezmillan\\\/#\\\/schema\\\/person\\\/eeae205ced613630f5aac210989ea6eb\"},\"breadcrumb\":{\"@id\":\"https:\\\/\\\/nuestrosescritores.com\\\/antoniosanchezmillan\\\/2021\\\/01\\\/29\\\/poesia-recitada-fonoteca-de-poesia-contemporanea\\\/#breadcrumb\"},\"inLanguage\":\"es\",\"potentialAction\":[{\"@type\":\"ReadAction\",\"target\":[\"https:\\\/\\\/nuestrosescritores.com\\\/antoniosanchezmillan\\\/2021\\\/01\\\/29\\\/poesia-recitada-fonoteca-de-poesia-contemporanea\\\/\"]}]},{\"@type\":\"BreadcrumbList\",\"@id\":\"https:\\\/\\\/nuestrosescritores.com\\\/antoniosanchezmillan\\\/2021\\\/01\\\/29\\\/poesia-recitada-fonoteca-de-poesia-contemporanea\\\/#breadcrumb\",\"itemListElement\":[{\"@type\":\"ListItem\",\"position\":1,\"name\":\"Portada\",\"item\":\"https:\\\/\\\/nuestrosescritores.com\\\/antoniosanchezmillan\\\/\"},{\"@type\":\"ListItem\",\"position\":2,\"name\":\"Poes\u00eda Recitada: Fonoteca de Poes\u00eda Contempor\u00e1nea\"}]},{\"@type\":\"WebSite\",\"@id\":\"https:\\\/\\\/nuestrosescritores.com\\\/antoniosanchezmillan\\\/#website\",\"url\":\"https:\\\/\\\/nuestrosescritores.com\\\/antoniosanchezmillan\\\/\",\"name\":\"Nuestros escritores\",\"description\":\"Escritor\",\"potentialAction\":[{\"@type\":\"SearchAction\",\"target\":{\"@type\":\"EntryPoint\",\"urlTemplate\":\"https:\\\/\\\/nuestrosescritores.com\\\/antoniosanchezmillan\\\/?s={search_term_string}\"},\"query-input\":{\"@type\":\"PropertyValueSpecification\",\"valueRequired\":true,\"valueName\":\"search_term_string\"}}],\"inLanguage\":\"es\"},{\"@type\":\"Person\",\"@id\":\"https:\\\/\\\/nuestrosescritores.com\\\/antoniosanchezmillan\\\/#\\\/schema\\\/person\\\/eeae205ced613630f5aac210989ea6eb\",\"name\":\"Javierpah\",\"image\":{\"@type\":\"ImageObject\",\"inLanguage\":\"es\",\"@id\":\"https:\\\/\\\/secure.gravatar.com\\\/avatar\\\/1cb55a5bd8d6824519e46b552e84b03575857cc9c4d6333824d2f95d82129f50?s=96&d=mm&r=g\",\"url\":\"https:\\\/\\\/secure.gravatar.com\\\/avatar\\\/1cb55a5bd8d6824519e46b552e84b03575857cc9c4d6333824d2f95d82129f50?s=96&d=mm&r=g\",\"contentUrl\":\"https:\\\/\\\/secure.gravatar.com\\\/avatar\\\/1cb55a5bd8d6824519e46b552e84b03575857cc9c4d6333824d2f95d82129f50?s=96&d=mm&r=g\",\"caption\":\"Javierpah\"}}]}<\/script>\n<!-- \/ Yoast SEO Premium plugin. -->","yoast_head_json":{"title":"Poes\u00eda Recitada: Fonoteca de Poes\u00eda Contempor\u00e1nea - Antonio S\u00e1nchez Mill\u00e1n","robots":{"index":"index","follow":"follow","max-snippet":"max-snippet:-1","max-image-preview":"max-image-preview:large","max-video-preview":"max-video-preview:-1"},"canonical":"https:\/\/nuestrosescritores.com\/antoniosanchezmillan\/2021\/01\/29\/poesia-recitada-fonoteca-de-poesia-contemporanea\/","og_locale":"es_ES","og_type":"article","og_title":"Poes\u00eda Recitada: Fonoteca de Poes\u00eda Contempor\u00e1nea","og_description":"[vc_row][vc_column][vc_column_text]Fuente: https:\/\/fonotecapoesia.com\/antonio-sanchez-millan\/ &nbsp; [\/vc_column_text][\/vc_column][\/vc_row][vc_row][vc_column][vc_video link=&#8221;https:\/\/youtu.be\/_13LxB3LgD0&#8243;][\/vc_column][\/vc_row]","og_url":"https:\/\/nuestrosescritores.com\/antoniosanchezmillan\/2021\/01\/29\/poesia-recitada-fonoteca-de-poesia-contemporanea\/","og_site_name":"Antonio S\u00e1nchez Mill\u00e1n","article_published_time":"2021-01-29T17:33:37+00:00","article_modified_time":"2021-01-29T17:38:01+00:00","author":"Javierpah","twitter_card":"summary_large_image","twitter_misc":{"Escrito por":"Javierpah","Tiempo de lectura":"1 minuto"},"schema":{"@context":"https:\/\/schema.org","@graph":[{"@type":"Article","@id":"https:\/\/nuestrosescritores.com\/antoniosanchezmillan\/2021\/01\/29\/poesia-recitada-fonoteca-de-poesia-contemporanea\/#article","isPartOf":{"@id":"https:\/\/nuestrosescritores.com\/antoniosanchezmillan\/2021\/01\/29\/poesia-recitada-fonoteca-de-poesia-contemporanea\/"},"author":{"name":"Javierpah","@id":"https:\/\/nuestrosescritores.com\/antoniosanchezmillan\/#\/schema\/person\/eeae205ced613630f5aac210989ea6eb"},"headline":"Poes\u00eda Recitada: Fonoteca de Poes\u00eda Contempor\u00e1nea","datePublished":"2021-01-29T17:33:37+00:00","dateModified":"2021-01-29T17:38:01+00:00","mainEntityOfPage":{"@id":"https:\/\/nuestrosescritores.com\/antoniosanchezmillan\/2021\/01\/29\/poesia-recitada-fonoteca-de-poesia-contemporanea\/"},"wordCount":45,"inLanguage":"es","copyrightYear":"2021","copyrightHolder":{"@id":"https:\/\/nuestrosescritores.com\/#organization"}},{"@type":"WebPage","@id":"https:\/\/nuestrosescritores.com\/antoniosanchezmillan\/2021\/01\/29\/poesia-recitada-fonoteca-de-poesia-contemporanea\/","url":"https:\/\/nuestrosescritores.com\/antoniosanchezmillan\/2021\/01\/29\/poesia-recitada-fonoteca-de-poesia-contemporanea\/","name":"Poes\u00eda Recitada: Fonoteca de Poes\u00eda Contempor\u00e1nea - Antonio S\u00e1nchez Mill\u00e1n","isPartOf":{"@id":"https:\/\/nuestrosescritores.com\/antoniosanchezmillan\/#website"},"datePublished":"2021-01-29T17:33:37+00:00","dateModified":"2021-01-29T17:38:01+00:00","author":{"@id":"https:\/\/nuestrosescritores.com\/antoniosanchezmillan\/#\/schema\/person\/eeae205ced613630f5aac210989ea6eb"},"breadcrumb":{"@id":"https:\/\/nuestrosescritores.com\/antoniosanchezmillan\/2021\/01\/29\/poesia-recitada-fonoteca-de-poesia-contemporanea\/#breadcrumb"},"inLanguage":"es","potentialAction":[{"@type":"ReadAction","target":["https:\/\/nuestrosescritores.com\/antoniosanchezmillan\/2021\/01\/29\/poesia-recitada-fonoteca-de-poesia-contemporanea\/"]}]},{"@type":"BreadcrumbList","@id":"https:\/\/nuestrosescritores.com\/antoniosanchezmillan\/2021\/01\/29\/poesia-recitada-fonoteca-de-poesia-contemporanea\/#breadcrumb","itemListElement":[{"@type":"ListItem","position":1,"name":"Portada","item":"https:\/\/nuestrosescritores.com\/antoniosanchezmillan\/"},{"@type":"ListItem","position":2,"name":"Poes\u00eda Recitada: Fonoteca de Poes\u00eda Contempor\u00e1nea"}]},{"@type":"WebSite","@id":"https:\/\/nuestrosescritores.com\/antoniosanchezmillan\/#website","url":"https:\/\/nuestrosescritores.com\/antoniosanchezmillan\/","name":"Nuestros escritores","description":"Escritor","potentialAction":[{"@type":"SearchAction","target":{"@type":"EntryPoint","urlTemplate":"https:\/\/nuestrosescritores.com\/antoniosanchezmillan\/?s={search_term_string}"},"query-input":{"@type":"PropertyValueSpecification","valueRequired":true,"valueName":"search_term_string"}}],"inLanguage":"es"},{"@type":"Person","@id":"https:\/\/nuestrosescritores.com\/antoniosanchezmillan\/#\/schema\/person\/eeae205ced613630f5aac210989ea6eb","name":"Javierpah","image":{"@type":"ImageObject","inLanguage":"es","@id":"https:\/\/secure.gravatar.com\/avatar\/1cb55a5bd8d6824519e46b552e84b03575857cc9c4d6333824d2f95d82129f50?s=96&d=mm&r=g","url":"https:\/\/secure.gravatar.com\/avatar\/1cb55a5bd8d6824519e46b552e84b03575857cc9c4d6333824d2f95d82129f50?s=96&d=mm&r=g","contentUrl":"https:\/\/secure.gravatar.com\/avatar\/1cb55a5bd8d6824519e46b552e84b03575857cc9c4d6333824d2f95d82129f50?s=96&d=mm&r=g","caption":"Javierpah"}}]}},"_links":{"self":[{"href":"https:\/\/nuestrosescritores.com\/antoniosanchezmillan\/wp-json\/wp\/v2\/posts\/102","targetHints":{"allow":["GET"]}}],"collection":[{"href":"https:\/\/nuestrosescritores.com\/antoniosanchezmillan\/wp-json\/wp\/v2\/posts"}],"about":[{"href":"https:\/\/nuestrosescritores.com\/antoniosanchezmillan\/wp-json\/wp\/v2\/types\/post"}],"author":[{"embeddable":true,"href":"https:\/\/nuestrosescritores.com\/antoniosanchezmillan\/wp-json\/wp\/v2\/users\/1"}],"replies":[{"embeddable":true,"href":"https:\/\/nuestrosescritores.com\/antoniosanchezmillan\/wp-json\/wp\/v2\/comments?post=102"}],"version-history":[{"count":0,"href":"https:\/\/nuestrosescritores.com\/antoniosanchezmillan\/wp-json\/wp\/v2\/posts\/102\/revisions"}],"wp:attachment":[{"href":"https:\/\/nuestrosescritores.com\/antoniosanchezmillan\/wp-json\/wp\/v2\/media?parent=102"}],"wp:term":[{"taxonomy":"category","embeddable":true,"href":"https:\/\/nuestrosescritores.com\/antoniosanchezmillan\/wp-json\/wp\/v2\/categories?post=102"},{"taxonomy":"post_tag","embeddable":true,"href":"https:\/\/nuestrosescritores.com\/antoniosanchezmillan\/wp-json\/wp\/v2\/tags?post=102"}],"curies":[{"name":"wp","href":"https:\/\/api.w.org\/{rel}","templated":true}]}}