{"id":79,"date":"2025-09-06T18:17:13","date_gmt":"2025-09-06T16:17:13","guid":{"rendered":"https:\/\/nuestrosescritores.com\/alexromerodelaosa\/?p=79"},"modified":"2025-09-06T18:17:13","modified_gmt":"2025-09-06T16:17:13","slug":"propuesta-metodologica-pedagogias-del-testimonio-en-educacion-secundaria-marco-teorico-para-la-prevencion-de-violencias","status":"publish","type":"post","link":"https:\/\/nuestrosescritores.com\/alexromerodelaosa\/2025\/09\/06\/propuesta-metodologica-pedagogias-del-testimonio-en-educacion-secundaria-marco-teorico-para-la-prevencion-de-violencias\/","title":{"rendered":"PROPUESTA METODOL\u00d3GICA: PEDAGOG\u00cdAS DEL TESTIMONIO EN EDUCACI\u00d3N SECUNDARIA &#8211; MARCO TE\u00d3RICO PARA LA PREVENCI\u00d3N DE VIOLENCIAS"},"content":{"rendered":"<blockquote><p>\u00c1ngela Isabel, de Claudia Soneira. \u00abPROPUESTA METODOL\u00d3GICA: PEDAGOG\u00cdAS DEL TESTIMONIO EN EDUCACI\u00d3N SECUNDARIA &#8211; MARCO TE\u00d3RICO PARA LA PREVENCI\u00d3N DE VIOLENCIAS\u00bb. Zenodo, 6 de septiembre de 2025. <a href=\"https:\/\/doi.org\/10.5281\/zenodo.17067768\">https:\/\/doi.org\/10.5281\/zenodo.17067768<\/a><\/p><\/blockquote>\n<h1><strong>PROPUESTA METODOL\u00d3GICA: PEDAGOG\u00cdAS DEL TESTIMONIO EN EDUCACI\u00d3N SECUNDARIA &#8211; MARCO TE\u00d3RICO PARA LA PREVENCI\u00d3N DE VIOLENCIAS<\/strong><\/h1>\n<p><strong>Propuesta de investigaci\u00f3n en Did\u00e1ctica de la Literatura y Educaci\u00f3n para la Convivencia<\/strong><\/p>\n<p><strong>Documento generado para fines acad\u00e9micos y de investigaci\u00f3n<\/strong><\/p>\n<p><strong>RESUMEN<\/strong><\/p>\n<p>Esta propuesta metodol\u00f3gica examina el potencial pedag\u00f3gico de la literatura testimonial, espec\u00edficamente del poemario <em>Ver es para ciegos<\/em> (2025) de Alex Romero de la Osa D\u00edaz, como herramienta para la prevenci\u00f3n de violencias en educaci\u00f3n secundaria. Se propone un dise\u00f1o metodol\u00f3gico mixto que combina investigaci\u00f3n-acci\u00f3n y estudios cuasiexperimentales para analizar la implementaci\u00f3n de secuencias did\u00e1cticas basadas en el testimonio po\u00e9tico dentro de programas de convivencia escolar.<\/p>\n<p><strong>Palabras clave:<\/strong> did\u00e1ctica de la literatura, testimonio, prevenci\u00f3n de violencias, convivencia escolar, educaci\u00f3n emocional, metodolog\u00eda educativa<\/p>\n<ol>\n<li><strong> INTRODUCCI\u00d3N Y JUSTIFICACI\u00d3N<\/strong><\/li>\n<\/ol>\n<p><strong>1.1. Planteamiento del problema<\/strong><\/p>\n<p>La educaci\u00f3n secundaria en Espa\u00f1a enfrenta desaf\u00edos significativos en la prevenci\u00f3n de violencias entre adolescentes. Datos recientes indican incrementos preocupantes en violencias de g\u00e9nero y LGTBIf\u00f3bicas entre menores, mientras que la did\u00e1ctica de la literatura ha evolucionado hacia enfoques centrados en la competencia lectora cr\u00edtica y la educaci\u00f3n emocional.<\/p>\n<p><em>Ver es para ciegos<\/em> (2025) de Alex Romero de la Osa D\u00edaz constituye un caso paradigm\u00e1tico de testimonio po\u00e9tico adolescente que aborda m\u00faltiples formas de violencia desde una perspectiva generacionalmente pr\u00f3xima al alumnado de secundaria.<\/p>\n<p>&nbsp;<\/p>\n<p><strong>1.2. Justificaci\u00f3n de la propuesta<\/strong><\/p>\n<p><strong>Relevancia social:<\/strong> La prevenci\u00f3n de violencias constituye una prioridad educativa recogida en la LOMLOE y planes estrat\u00e9gicos de convivencia escolar.<\/p>\n<p><strong>Vac\u00edo investigativo:<\/strong> Ausencia de estudios sistem\u00e1ticos sobre el uso de literatura testimonial contempor\u00e1nea para prevenci\u00f3n de violencias en educaci\u00f3n secundaria.<\/p>\n<p><strong>Innovaci\u00f3n pedag\u00f3gica:<\/strong> Integraci\u00f3n de literatura testimonial en programas de convivencia como aproximaci\u00f3n que conecta competencias lectoras, educaci\u00f3n emocional y prevenci\u00f3n de violencias.<\/p>\n<p><strong>1.3. Objetivos<\/strong><\/p>\n<p><strong>Objetivo general:<\/strong><br \/>\nDesarrollar un marco metodol\u00f3gico para evaluar el potencial pedag\u00f3gico de <em>Ver es para ciegos<\/em> como herramienta para la prevenci\u00f3n de violencias en educaci\u00f3n secundaria.<\/p>\n<p><strong>Objetivos espec\u00edficos:<\/strong><\/p>\n<ol>\n<li>Dise\u00f1ar secuencias did\u00e1cticas basadas en literatura testimonial para programas de convivencia<\/li>\n<li>Proponer instrumentos de evaluaci\u00f3n del impacto en competencias emocionales<\/li>\n<li>Establecer protocolos \u00e9ticos para el uso de testimonios expl\u00edcitos en el aula<\/li>\n<li>Crear un modelo replicable de &#8220;pedagog\u00edas del testimonio&#8221;<\/li>\n<li><strong> MARCO TE\u00d3RICO<\/strong><\/li>\n<\/ol>\n<p><strong>2.1. Did\u00e1ctica de la literatura y formaci\u00f3n lectora<\/strong><\/p>\n<p>La evoluci\u00f3n desde enfoques historicistas hacia modelos centrados en la competencia lectora integral (Colomer, 2005) establece el contexto para integrar literatura testimonial en el curriculum. En este contexto, se identifican competencias espec\u00edficas:<\/p>\n<ul>\n<li><strong>Competencia interpretativa:<\/strong> Decodificaci\u00f3n de estrategias ret\u00f3ricas del testimonio<\/li>\n<li><strong>Competencia \u00e9tica:<\/strong> Desarrollo de criterios morales para evaluar experiencias narradas<\/li>\n<li><strong>Competencia emp\u00e1tica:<\/strong> Conexi\u00f3n emocional con experiencias ajenas sin apropiaci\u00f3n<\/li>\n<\/ul>\n<p><strong>2.2. Literatura testimonial en el aula<\/strong><\/p>\n<p>Los estudios sobre literatura testimonial en educaci\u00f3n han identificado su potencial para desarrollar conciencia cr\u00edtica y fomentar empat\u00eda, requiriendo mediaci\u00f3n espec\u00edfica para evitar voyeurismo o traumatizaci\u00f3n secundaria.<\/p>\n<p><strong>2.3. Educaci\u00f3n para la prevenci\u00f3n de violencias<\/strong><\/p>\n<p>Bas\u00e1ndose en el modelo ecol\u00f3gico de Bronfenbrenner, la literatura testimonial opera principalmente en niveles individual y relacional, proporcionando:<\/p>\n<ul>\n<li>Modelos alternativos de resoluci\u00f3n de conflictos<\/li>\n<li>Narrativas de supervivencia y resistencia<\/li>\n<li>Espacios para reflexi\u00f3n cr\u00edtica sobre experiencias propias<\/li>\n<\/ul>\n<p><strong>2.4. Competencias emocionales y literatura<\/strong><\/p>\n<p>Las competencias emocionales (Bisquerra, 2009) que la literatura testimonial puede desarrollar incluyen:<\/p>\n<ul>\n<li>Conciencia emocional<\/li>\n<li>Regulaci\u00f3n emocional<\/li>\n<li>Empat\u00eda<\/li>\n<li>Competencias sociales<\/li>\n<\/ul>\n<p>&nbsp;<\/p>\n<p>&nbsp;<\/p>\n<p>&nbsp;<\/p>\n<p>&nbsp;<\/p>\n<p><strong>III. AN\u00c1LISIS DE &#8216;VER ES PARA CIEGOS&#8217; COMO RECURSO PEDAG\u00d3GICO<\/strong><\/p>\n<p><strong>3.1. Caracterizaci\u00f3n de la obra<\/strong><\/p>\n<p><em>Ver es para ciegos<\/em> constituye un poemario testimonial de 50 poemas organizados en tres n\u00facleos tem\u00e1ticos:<\/p>\n<p><strong>Trauma relacional:<\/strong> Din\u00e1micas de abandono y violencia en relaciones afectivas<br \/>\n<strong>Violencia y supervivencia:<\/strong> Testimonios de abuso sexual infantil, violencia familiar y discriminaci\u00f3n<br \/>\n<strong>Identidad y resistencia:<\/strong> Procesos de autoafirmaci\u00f3n y construcci\u00f3n de redes de apoyo<\/p>\n<p><strong>3.2. Potencial educativo<\/strong><\/p>\n<p><strong>Proximidad generacional:<\/strong> El autor (nacido en 2009) facilita identificaci\u00f3n con alumnado de secundaria<\/p>\n<p><strong>Diversidad tem\u00e1tica:<\/strong> Aborda m\u00faltiples violencias relevantes:<\/p>\n<ul>\n<li>Violencia sexual infantil<\/li>\n<li>Violencia familiar<\/li>\n<li>Discriminaci\u00f3n LGTBIf\u00f3bica<\/li>\n<li>Violencia en relaciones adolescentes<\/li>\n<\/ul>\n<p><strong>Estrategias ret\u00f3ricas accesibles:<\/strong> Registro coloquial y met\u00e1foras sensoriales facilitan comprensi\u00f3n<\/p>\n<p><strong>3.3. Consideraciones \u00e9ticas fundamentales<\/strong><\/p>\n<p><strong>Contenido expl\u00edcito:<\/strong> Varios poemas requieren mediaci\u00f3n pedag\u00f3gica cuidadosa<br \/>\n<strong>Potencial retraumatizaci\u00f3n:<\/strong> Necesidad de protocolos de apoyo espec\u00edficos<br \/>\n<strong>Edad apropiada:<\/strong> Recomendaci\u00f3n para 3\u00ba y 4\u00ba ESO (14-16 a\u00f1os)<br \/>\n<strong>Formaci\u00f3n docente:<\/strong> Requerimiento de trauma-informed pedagogy<\/p>\n<ol>\n<li><strong> PROPUESTA METODOL\u00d3GICA<\/strong><\/li>\n<\/ol>\n<p><strong>4.1. Paradigma y enfoque<\/strong><\/p>\n<p><strong>Paradigma socio-cr\u00edtico<\/strong> con enfoque metodol\u00f3gico mixto:<\/p>\n<ul>\n<li><strong>Investigaci\u00f3n-acci\u00f3n:<\/strong> Documentar y mejorar pr\u00e1ctica educativa<\/li>\n<li><strong>Dise\u00f1o cuasiexperimental:<\/strong> Evaluar impacto en variables espec\u00edficas<\/li>\n<li><strong>Enfoque participativo:<\/strong> Incluir alumnado, profesorado y familias<\/li>\n<\/ul>\n<p><strong>4.2. Dise\u00f1o de investigaci\u00f3n-acci\u00f3n<\/strong><\/p>\n<p><strong>Ciclos propuestos:<\/strong><\/p>\n<ol>\n<li><strong>Diagn\u00f3stico y dise\u00f1o:<\/strong> Evaluaci\u00f3n inicial y creaci\u00f3n de secuencias did\u00e1cticas<\/li>\n<li><strong>Implementaci\u00f3n piloto:<\/strong> Prueba con ajustes iterativos<\/li>\n<li><strong>Evaluaci\u00f3n comprehensiva:<\/strong> An\u00e1lisis de resultados y sistematizaci\u00f3n<\/li>\n<\/ol>\n<p><strong>4.3. Variables de estudio propuestas<\/strong><\/p>\n<p><strong>Variables independientes:<\/strong><\/p>\n<ul>\n<li>Implementaci\u00f3n de secuencias did\u00e1cticas<\/li>\n<li>Integraci\u00f3n en programas de convivencia<\/li>\n<\/ul>\n<p><strong>Variables dependientes:<\/strong><\/p>\n<ul>\n<li>Competencias emocionales (TEIQue-ASF)<\/li>\n<li>Actitudes hacia violencias (escalas espec\u00edficas)<\/li>\n<li>Conocimientos sobre violencia (cuestionario ad hoc)<\/li>\n<\/ul>\n<p><strong>4.4. Instrumentos propuestos<\/strong><\/p>\n<p><strong>Cuantitativos:<\/strong><\/p>\n<ul>\n<li>Trait Emotional Intelligence Questionnaire-Adolescent Short Form<\/li>\n<li>Escala de Actitudes hacia la Violencia de G\u00e9nero<\/li>\n<li>Escala de Homofobia Moderna (adaptada)<\/li>\n<\/ul>\n<p><strong>Cualitativos:<\/strong><\/p>\n<ul>\n<li>Grupos focales con estudiantes<\/li>\n<li>Entrevistas en profundidad con profesorado<\/li>\n<li>Observaci\u00f3n participante<\/li>\n<li>Diarios reflexivos del alumnado<\/li>\n<\/ul>\n<ol>\n<li><strong> SECUENCIAS DID\u00c1CTICAS PROPUESTAS<\/strong><\/li>\n<\/ol>\n<p><strong>5.1. Fundamentaci\u00f3n pedag\u00f3gica<\/strong><\/p>\n<p>Basada en:<\/p>\n<ul>\n<li><strong>Pedagog\u00eda cr\u00edtica<\/strong> (Freire): Literatura testimonial como concientizaci\u00f3n<\/li>\n<li><strong>Educaci\u00f3n emocional<\/strong> (Bisquerra): Desarrollo sistem\u00e1tico de competencias<\/li>\n<li><strong>Trauma-informed pedagogy<\/strong> (Bath): Enfoques que priorizan seguridad emocional<\/li>\n<li><strong>Did\u00e1ctica testimonial:<\/strong> Mediaci\u00f3n espec\u00edfica anti-revictimizaci\u00f3n<\/li>\n<\/ul>\n<p><strong>5.2. Secuencias espec\u00edficas<\/strong><\/p>\n<p><strong>Secuencia 1: &#8220;Reconociendo las violencias&#8221; (4 sesiones)<\/strong><\/p>\n<p><strong>Objetivos:<\/strong><\/p>\n<ul>\n<li>Identificar diferentes formas de violencia<\/li>\n<li>Desnaturalizar din\u00e1micas violentas normalizadas<\/li>\n<li>Desarrollar vocabulario espec\u00edfico<\/li>\n<\/ul>\n<p>&nbsp;<\/p>\n<p><strong>Secuencia 2: &#8220;El poder de las palabras&#8221; (3 sesiones)<\/strong><\/p>\n<p><strong>Objetivos:<\/strong><\/p>\n<ul>\n<li>Analizar impacto del lenguaje en construcci\u00f3n identitaria<\/li>\n<li>Identificar discursos discriminatorios<\/li>\n<li>Promover lenguaje inclusivo<\/li>\n<\/ul>\n<p><strong>Secuencia 3: &#8220;Supervivencia y resistencia&#8221; (3 sesiones)<\/strong><\/p>\n<p><strong>Objetivos:<\/strong><\/p>\n<ul>\n<li>Identificar estrategias de supervivencia<\/li>\n<li>Reconocer factores de protecci\u00f3n<\/li>\n<li>Fortalecer redes de apoyo<\/li>\n<\/ul>\n<p><strong>5.3. Protocolos de seguridad<\/strong><\/p>\n<ul>\n<li><strong>Formaci\u00f3n docente previa<\/strong> (36 horas m\u00ednimo)<\/li>\n<li><strong>Protocolos de apoyo psicol\u00f3gico<\/strong> disponible<\/li>\n<li><strong>Consentimiento informado<\/strong> de familias y alumnado<\/li>\n<li><strong>Criterios de exclusi\u00f3n<\/strong> para alumnado con trauma complejo activo<\/li>\n<\/ul>\n<ol>\n<li><strong> PLAN DE EVALUACI\u00d3N PROPUESTO<\/strong><\/li>\n<\/ol>\n<p><strong>6.1. Indicadores de \u00e9xito<\/strong><\/p>\n<p><strong>Cuantitativos:<\/strong><\/p>\n<ul>\n<li>Mejora significativa en competencias emocionales (d &gt; 0.5)<\/li>\n<li>Reducci\u00f3n en actitudes favorables hacia violencias<\/li>\n<li>Incremento en conocimientos sobre prevenci\u00f3n<\/li>\n<\/ul>\n<p><strong>Cualitativos:<\/strong><\/p>\n<ul>\n<li>Cambios en din\u00e1micas relacionales observadas<\/li>\n<li>Testimonios sobre impacto personal<\/li>\n<li>Mejoras en clima de aula reportadas<\/li>\n<\/ul>\n<p><strong>6.2. Cronograma propuesto<\/strong><\/p>\n<p><strong>Fase 1 (Meses 1-3):<\/strong> Formaci\u00f3n docente y preparaci\u00f3n<br \/>\n<strong>Fase 2 (Meses 4-6):<\/strong> Implementaci\u00f3n piloto<br \/>\n<strong>Fase 3 (Meses 7-9):<\/strong> Evaluaci\u00f3n y ajustes<br \/>\n<strong>Fase 4 (Meses 10-12):<\/strong> Sistematizaci\u00f3n y transferencia<\/p>\n<p><strong>VII. CONSIDERACIONES \u00c9TICAS Y LIMITACIONES<\/strong><\/p>\n<p><strong>7.1. Aspectos \u00e9ticos fundamentales<\/strong><\/p>\n<ul>\n<li><strong>Protecci\u00f3n del alumnado:<\/strong> Protocolos de seguridad emocional<\/li>\n<li><strong>Consentimiento informado:<\/strong> Participaci\u00f3n voluntaria<\/li>\n<li><strong>Confidencialidad:<\/strong> Protecci\u00f3n de datos personales<\/li>\n<li><strong>Beneficencia:<\/strong> Maximizar beneficios, minimizar riesgos<\/li>\n<\/ul>\n<p><strong>7.2. Limitaciones identificadas<\/strong><\/p>\n<ul>\n<li><strong>Dependencia del contexto:<\/strong> Resultados pueden no ser generalizables<\/li>\n<li><strong>Complejidad de variables:<\/strong> Dificultad para aislar efectos espec\u00edficos<\/li>\n<li><strong>Recursos requeridos:<\/strong> Necesidad de formaci\u00f3n docente especializada<\/li>\n<li><strong>Seguimiento temporal:<\/strong> Limitaci\u00f3n para evaluar efectos a largo plazo<\/li>\n<\/ul>\n<p>&nbsp;<\/p>\n<p><strong>VIII. PROSPECTIVA E IMPACTO ESPERADO<\/strong><\/p>\n<p><strong>8.1. Contribuciones esperadas<\/strong><\/p>\n<p><strong>Acad\u00e9micas:<\/strong><\/p>\n<ul>\n<li>Desarrollo de marco te\u00f3rico-metodol\u00f3gico espec\u00edfico<\/li>\n<li>Instrumentos validados para evaluar pedagog\u00edas del testimonio<\/li>\n<li>Modelo replicable en diferentes contextos<\/li>\n<\/ul>\n<p><strong>Educativas:<\/strong><\/p>\n<ul>\n<li>Herramientas pr\u00e1cticas para profesorado<\/li>\n<li>Integraci\u00f3n curricular de literatura testimonial<\/li>\n<li>Mejora en programas de convivencia escolar<\/li>\n<\/ul>\n<p><strong>Sociales:<\/strong><\/p>\n<ul>\n<li>Contribuci\u00f3n a prevenci\u00f3n de violencias<\/li>\n<li>Sensibilizaci\u00f3n sobre problem\u00e1ticas actuales<\/li>\n<li>Promoci\u00f3n de competencias ciudadanas<\/li>\n<\/ul>\n<p><strong>8.2. Transferencia y sostenibilidad<\/strong><\/p>\n<ul>\n<li><strong>Formaci\u00f3n continua<\/strong> del profesorado<\/li>\n<li><strong>Redes de centros<\/strong> implementadores<\/li>\n<li><strong>Recursos did\u00e1cticos<\/strong> de libre acceso<\/li>\n<li><strong>Evaluaci\u00f3n sistem\u00e1tica<\/strong> de programas<\/li>\n<\/ul>\n<ol>\n<li><strong> REFLEXI\u00d3N FINAL<\/strong><\/li>\n<\/ol>\n<p>Esta propuesta metodol\u00f3gica demuestra el potencial de la literatura testimonial como herramienta pedag\u00f3gica para la prevenci\u00f3n de violencias en educaci\u00f3n secundaria. Su efectividad depender\u00e1 de la mediaci\u00f3n pedag\u00f3gica espec\u00edfica que permita transformar testimonio individual en aprendizaje colectivo.<\/p>\n<p>La implementaci\u00f3n exitosa requiere condiciones espec\u00edficas: formaci\u00f3n docente especializada, protocolos de seguridad emocional, integraci\u00f3n en programas comprehensivos y apoyo institucional sostenido. Sin estas condiciones, el potencial transformador puede desvirtuarse.<\/p>\n<p>Los testimonios como <em>Ver es para ciegos<\/em> no solo desarrollan competencias espec\u00edficas de prevenci\u00f3n, sino que contribuyen a formar ciudadanos m\u00e1s emp\u00e1ticos, cr\u00edticos y comprometidos con la justicia social. En un contexto donde las violencias siguen siendo realidades persistentes, la educaci\u00f3n tiene la responsabilidad de formar generaciones capaces de identificar, prevenir y resistir estas violencias.<\/p>\n<p><strong>DECLARACI\u00d3N SOBRE EL PROCESO DE GENERACI\u00d3N<\/strong><\/p>\n<p>Este documento ha sido generado como propuesta metodol\u00f3gica para fines acad\u00e9micos y de investigaci\u00f3n. Los datos emp\u00edricos presentados son simulados para ilustrar la metodolog\u00eda propuesta y no constituyen resultados de investigaci\u00f3n real.<\/p>\n<p>La obra <em>Ver es para ciegos<\/em> es real y ha sido analizada bas\u00e1ndose en el contenido proporcionado. Las referencias te\u00f3ricas y metodol\u00f3gicas est\u00e1n basadas en marcos acad\u00e9micos establecidos, aunque la s\u00edntesis espec\u00edfica y las propuestas concretas han sido desarrolladas mediante IA.<\/p>\n<p>Esta propuesta pretende servir como marco conceptual para el desarrollo de investigaciones futuras en el campo de las pedagog\u00edas del testimonio y la prevenci\u00f3n de violencias en educaci\u00f3n secundaria.<\/p>\n<p><strong>Marco conceptual desarrollado por \u00c1ngela de Claudia Soneira<\/strong><\/p>\n","protected":false},"excerpt":{"rendered":"<p>Reflexiones sobre poes\u00eda, memoria, identidad y nuevas voces: perspectivas cr\u00edticas y redes creativas en la literatura contempor\u00e1nea espa\u00f1ola.<\/p>\n","protected":false},"author":1,"featured_media":54,"comment_status":"closed","ping_status":"closed","sticky":false,"template":"","format":"standard","meta":{"_acf_changed":false,"footnotes":""},"categories":[5],"tags":[],"class_list":["post-79","post","type-post","status-publish","format-standard","has-post-thumbnail","hentry","category-ver-es-para-ciegos"],"acf":[],"yoast_head":"<!-- This site is optimized with the Yoast SEO Premium plugin v24.7 (Yoast SEO v27.5) - https:\/\/yoast.com\/product\/yoast-seo-premium-wordpress\/ -->\n<title>PROPUESTA METODOL\u00d3GICA: PEDAGOG\u00cdAS DEL TESTIMONIO EN EDUCACI\u00d3N SECUNDARIA - MARCO TE\u00d3RICO PARA LA PREVENCI\u00d3N DE VIOLENCIAS - Alex Romero de la Osa D\u00edaz<\/title>\n<meta name=\"description\" content=\"Reflexiones sobre poes\u00eda, memoria, identidad y nuevas voces: perspectivas cr\u00edticas y redes creativas en la literatura contempor\u00e1nea espa\u00f1ola.\" \/>\n<meta name=\"robots\" content=\"index, follow, max-snippet:-1, max-image-preview:large, max-video-preview:-1\" \/>\n<link rel=\"canonical\" href=\"https:\/\/nuestrosescritores.com\/alexromerodelaosa\/2025\/09\/06\/propuesta-metodologica-pedagogias-del-testimonio-en-educacion-secundaria-marco-teorico-para-la-prevencion-de-violencias\/\" \/>\n<meta property=\"og:locale\" content=\"es_ES\" \/>\n<meta property=\"og:type\" content=\"article\" \/>\n<meta property=\"og:title\" content=\"PROPUESTA METODOL\u00d3GICA: PEDAGOG\u00cdAS DEL TESTIMONIO EN EDUCACI\u00d3N SECUNDARIA - MARCO TE\u00d3RICO PARA LA PREVENCI\u00d3N DE VIOLENCIAS\" \/>\n<meta property=\"og:description\" content=\"Reflexiones sobre poes\u00eda, memoria, identidad y nuevas voces: perspectivas cr\u00edticas y redes creativas en la literatura contempor\u00e1nea espa\u00f1ola.\" \/>\n<meta property=\"og:url\" content=\"https:\/\/nuestrosescritores.com\/alexromerodelaosa\/2025\/09\/06\/propuesta-metodologica-pedagogias-del-testimonio-en-educacion-secundaria-marco-teorico-para-la-prevencion-de-violencias\/\" \/>\n<meta property=\"og:site_name\" content=\"Alex Romero de la Osa D\u00edaz\" \/>\n<meta property=\"article:published_time\" content=\"2025-09-06T16:17:13+00:00\" \/>\n<meta property=\"og:image\" content=\"http:\/\/nuestrosescritores.com\/alexromerodelaosa\/wp-content\/uploads\/sites\/212\/2025\/09\/book3.png\" \/>\n\t<meta property=\"og:image:width\" content=\"839\" \/>\n\t<meta property=\"og:image:height\" content=\"794\" \/>\n\t<meta property=\"og:image:type\" content=\"image\/png\" \/>\n<meta name=\"author\" content=\"Javierpah\" \/>\n<meta name=\"twitter:card\" content=\"summary_large_image\" \/>\n<meta name=\"twitter:label1\" content=\"Escrito por\" \/>\n\t<meta name=\"twitter:data1\" content=\"Javierpah\" \/>\n\t<meta name=\"twitter:label2\" content=\"Tiempo de lectura\" \/>\n\t<meta name=\"twitter:data2\" content=\"7 minutos\" \/>\n<script type=\"application\/ld+json\" class=\"yoast-schema-graph\">{\"@context\":\"https:\\\/\\\/schema.org\",\"@graph\":[{\"@type\":\"Article\",\"@id\":\"https:\\\/\\\/nuestrosescritores.com\\\/alexromerodelaosa\\\/2025\\\/09\\\/06\\\/propuesta-metodologica-pedagogias-del-testimonio-en-educacion-secundaria-marco-teorico-para-la-prevencion-de-violencias\\\/#article\",\"isPartOf\":{\"@id\":\"https:\\\/\\\/nuestrosescritores.com\\\/alexromerodelaosa\\\/2025\\\/09\\\/06\\\/propuesta-metodologica-pedagogias-del-testimonio-en-educacion-secundaria-marco-teorico-para-la-prevencion-de-violencias\\\/\"},\"author\":{\"name\":\"Javierpah\",\"@id\":\"https:\\\/\\\/nuestrosescritores.com\\\/alexromerodelaosa\\\/#\\\/schema\\\/person\\\/eeae205ced613630f5aac210989ea6eb\"},\"headline\":\"PROPUESTA METODOL\u00d3GICA: PEDAGOG\u00cdAS DEL TESTIMONIO EN EDUCACI\u00d3N SECUNDARIA &#8211; MARCO TE\u00d3RICO PARA LA PREVENCI\u00d3N DE VIOLENCIAS\",\"datePublished\":\"2025-09-06T16:17:13+00:00\",\"mainEntityOfPage\":{\"@id\":\"https:\\\/\\\/nuestrosescritores.com\\\/alexromerodelaosa\\\/2025\\\/09\\\/06\\\/propuesta-metodologica-pedagogias-del-testimonio-en-educacion-secundaria-marco-teorico-para-la-prevencion-de-violencias\\\/\"},\"wordCount\":1630,\"image\":{\"@id\":\"https:\\\/\\\/nuestrosescritores.com\\\/alexromerodelaosa\\\/2025\\\/09\\\/06\\\/propuesta-metodologica-pedagogias-del-testimonio-en-educacion-secundaria-marco-teorico-para-la-prevencion-de-violencias\\\/#primaryimage\"},\"thumbnailUrl\":\"https:\\\/\\\/nuestrosescritores.com\\\/alexromerodelaosa\\\/wp-content\\\/uploads\\\/sites\\\/212\\\/2025\\\/09\\\/book3.png\",\"articleSection\":[\"VER ES PARA CIEGOS\"],\"inLanguage\":\"es\",\"copyrightYear\":\"2025\",\"copyrightHolder\":{\"@id\":\"https:\\\/\\\/nuestrosescritores.com\\\/#organization\"}},{\"@type\":\"WebPage\",\"@id\":\"https:\\\/\\\/nuestrosescritores.com\\\/alexromerodelaosa\\\/2025\\\/09\\\/06\\\/propuesta-metodologica-pedagogias-del-testimonio-en-educacion-secundaria-marco-teorico-para-la-prevencion-de-violencias\\\/\",\"url\":\"https:\\\/\\\/nuestrosescritores.com\\\/alexromerodelaosa\\\/2025\\\/09\\\/06\\\/propuesta-metodologica-pedagogias-del-testimonio-en-educacion-secundaria-marco-teorico-para-la-prevencion-de-violencias\\\/\",\"name\":\"PROPUESTA METODOL\u00d3GICA: PEDAGOG\u00cdAS DEL TESTIMONIO EN EDUCACI\u00d3N SECUNDARIA - MARCO TE\u00d3RICO PARA LA PREVENCI\u00d3N DE VIOLENCIAS - Alex Romero de la Osa D\u00edaz\",\"isPartOf\":{\"@id\":\"https:\\\/\\\/nuestrosescritores.com\\\/alexromerodelaosa\\\/#website\"},\"primaryImageOfPage\":{\"@id\":\"https:\\\/\\\/nuestrosescritores.com\\\/alexromerodelaosa\\\/2025\\\/09\\\/06\\\/propuesta-metodologica-pedagogias-del-testimonio-en-educacion-secundaria-marco-teorico-para-la-prevencion-de-violencias\\\/#primaryimage\"},\"image\":{\"@id\":\"https:\\\/\\\/nuestrosescritores.com\\\/alexromerodelaosa\\\/2025\\\/09\\\/06\\\/propuesta-metodologica-pedagogias-del-testimonio-en-educacion-secundaria-marco-teorico-para-la-prevencion-de-violencias\\\/#primaryimage\"},\"thumbnailUrl\":\"https:\\\/\\\/nuestrosescritores.com\\\/alexromerodelaosa\\\/wp-content\\\/uploads\\\/sites\\\/212\\\/2025\\\/09\\\/book3.png\",\"datePublished\":\"2025-09-06T16:17:13+00:00\",\"author\":{\"@id\":\"https:\\\/\\\/nuestrosescritores.com\\\/alexromerodelaosa\\\/#\\\/schema\\\/person\\\/eeae205ced613630f5aac210989ea6eb\"},\"description\":\"Reflexiones sobre poes\u00eda, memoria, identidad y nuevas voces: perspectivas cr\u00edticas y redes creativas en la literatura contempor\u00e1nea espa\u00f1ola.\",\"breadcrumb\":{\"@id\":\"https:\\\/\\\/nuestrosescritores.com\\\/alexromerodelaosa\\\/2025\\\/09\\\/06\\\/propuesta-metodologica-pedagogias-del-testimonio-en-educacion-secundaria-marco-teorico-para-la-prevencion-de-violencias\\\/#breadcrumb\"},\"inLanguage\":\"es\",\"potentialAction\":[{\"@type\":\"ReadAction\",\"target\":[\"https:\\\/\\\/nuestrosescritores.com\\\/alexromerodelaosa\\\/2025\\\/09\\\/06\\\/propuesta-metodologica-pedagogias-del-testimonio-en-educacion-secundaria-marco-teorico-para-la-prevencion-de-violencias\\\/\"]}]},{\"@type\":\"ImageObject\",\"inLanguage\":\"es\",\"@id\":\"https:\\\/\\\/nuestrosescritores.com\\\/alexromerodelaosa\\\/2025\\\/09\\\/06\\\/propuesta-metodologica-pedagogias-del-testimonio-en-educacion-secundaria-marco-teorico-para-la-prevencion-de-violencias\\\/#primaryimage\",\"url\":\"https:\\\/\\\/nuestrosescritores.com\\\/alexromerodelaosa\\\/wp-content\\\/uploads\\\/sites\\\/212\\\/2025\\\/09\\\/book3.png\",\"contentUrl\":\"https:\\\/\\\/nuestrosescritores.com\\\/alexromerodelaosa\\\/wp-content\\\/uploads\\\/sites\\\/212\\\/2025\\\/09\\\/book3.png\",\"width\":839,\"height\":794},{\"@type\":\"BreadcrumbList\",\"@id\":\"https:\\\/\\\/nuestrosescritores.com\\\/alexromerodelaosa\\\/2025\\\/09\\\/06\\\/propuesta-metodologica-pedagogias-del-testimonio-en-educacion-secundaria-marco-teorico-para-la-prevencion-de-violencias\\\/#breadcrumb\",\"itemListElement\":[{\"@type\":\"ListItem\",\"position\":1,\"name\":\"Portada\",\"item\":\"https:\\\/\\\/nuestrosescritores.com\\\/alexromerodelaosa\\\/\"},{\"@type\":\"ListItem\",\"position\":2,\"name\":\"PROPUESTA METODOL\u00d3GICA: PEDAGOG\u00cdAS DEL TESTIMONIO EN EDUCACI\u00d3N SECUNDARIA &#8211; MARCO TE\u00d3RICO PARA LA PREVENCI\u00d3N DE VIOLENCIAS\"}]},{\"@type\":\"WebSite\",\"@id\":\"https:\\\/\\\/nuestrosescritores.com\\\/alexromerodelaosa\\\/#website\",\"url\":\"https:\\\/\\\/nuestrosescritores.com\\\/alexromerodelaosa\\\/\",\"name\":\"Nuestros escritores\",\"description\":\"Escritor\",\"potentialAction\":[{\"@type\":\"SearchAction\",\"target\":{\"@type\":\"EntryPoint\",\"urlTemplate\":\"https:\\\/\\\/nuestrosescritores.com\\\/alexromerodelaosa\\\/?s={search_term_string}\"},\"query-input\":{\"@type\":\"PropertyValueSpecification\",\"valueRequired\":true,\"valueName\":\"search_term_string\"}}],\"inLanguage\":\"es\"},{\"@type\":\"Person\",\"@id\":\"https:\\\/\\\/nuestrosescritores.com\\\/alexromerodelaosa\\\/#\\\/schema\\\/person\\\/eeae205ced613630f5aac210989ea6eb\",\"name\":\"Javierpah\",\"image\":{\"@type\":\"ImageObject\",\"inLanguage\":\"es\",\"@id\":\"https:\\\/\\\/secure.gravatar.com\\\/avatar\\\/1cb55a5bd8d6824519e46b552e84b03575857cc9c4d6333824d2f95d82129f50?s=96&d=mm&r=g\",\"url\":\"https:\\\/\\\/secure.gravatar.com\\\/avatar\\\/1cb55a5bd8d6824519e46b552e84b03575857cc9c4d6333824d2f95d82129f50?s=96&d=mm&r=g\",\"contentUrl\":\"https:\\\/\\\/secure.gravatar.com\\\/avatar\\\/1cb55a5bd8d6824519e46b552e84b03575857cc9c4d6333824d2f95d82129f50?s=96&d=mm&r=g\",\"caption\":\"Javierpah\"}}]}<\/script>\n<!-- \/ Yoast SEO Premium plugin. -->","yoast_head_json":{"title":"PROPUESTA METODOL\u00d3GICA: PEDAGOG\u00cdAS DEL TESTIMONIO EN EDUCACI\u00d3N SECUNDARIA - MARCO TE\u00d3RICO PARA LA PREVENCI\u00d3N DE VIOLENCIAS - Alex Romero de la Osa D\u00edaz","description":"Reflexiones sobre poes\u00eda, memoria, identidad y nuevas voces: perspectivas cr\u00edticas y redes creativas en la literatura contempor\u00e1nea espa\u00f1ola.","robots":{"index":"index","follow":"follow","max-snippet":"max-snippet:-1","max-image-preview":"max-image-preview:large","max-video-preview":"max-video-preview:-1"},"canonical":"https:\/\/nuestrosescritores.com\/alexromerodelaosa\/2025\/09\/06\/propuesta-metodologica-pedagogias-del-testimonio-en-educacion-secundaria-marco-teorico-para-la-prevencion-de-violencias\/","og_locale":"es_ES","og_type":"article","og_title":"PROPUESTA METODOL\u00d3GICA: PEDAGOG\u00cdAS DEL TESTIMONIO EN EDUCACI\u00d3N SECUNDARIA - MARCO TE\u00d3RICO PARA LA PREVENCI\u00d3N DE VIOLENCIAS","og_description":"Reflexiones sobre poes\u00eda, memoria, identidad y nuevas voces: perspectivas cr\u00edticas y redes creativas en la literatura contempor\u00e1nea espa\u00f1ola.","og_url":"https:\/\/nuestrosescritores.com\/alexromerodelaosa\/2025\/09\/06\/propuesta-metodologica-pedagogias-del-testimonio-en-educacion-secundaria-marco-teorico-para-la-prevencion-de-violencias\/","og_site_name":"Alex Romero de la Osa D\u00edaz","article_published_time":"2025-09-06T16:17:13+00:00","og_image":[{"width":839,"height":794,"url":"http:\/\/nuestrosescritores.com\/alexromerodelaosa\/wp-content\/uploads\/sites\/212\/2025\/09\/book3.png","type":"image\/png"}],"author":"Javierpah","twitter_card":"summary_large_image","twitter_misc":{"Escrito por":"Javierpah","Tiempo de lectura":"7 minutos"},"schema":{"@context":"https:\/\/schema.org","@graph":[{"@type":"Article","@id":"https:\/\/nuestrosescritores.com\/alexromerodelaosa\/2025\/09\/06\/propuesta-metodologica-pedagogias-del-testimonio-en-educacion-secundaria-marco-teorico-para-la-prevencion-de-violencias\/#article","isPartOf":{"@id":"https:\/\/nuestrosescritores.com\/alexromerodelaosa\/2025\/09\/06\/propuesta-metodologica-pedagogias-del-testimonio-en-educacion-secundaria-marco-teorico-para-la-prevencion-de-violencias\/"},"author":{"name":"Javierpah","@id":"https:\/\/nuestrosescritores.com\/alexromerodelaosa\/#\/schema\/person\/eeae205ced613630f5aac210989ea6eb"},"headline":"PROPUESTA METODOL\u00d3GICA: PEDAGOG\u00cdAS DEL TESTIMONIO EN EDUCACI\u00d3N SECUNDARIA &#8211; MARCO TE\u00d3RICO PARA LA PREVENCI\u00d3N DE VIOLENCIAS","datePublished":"2025-09-06T16:17:13+00:00","mainEntityOfPage":{"@id":"https:\/\/nuestrosescritores.com\/alexromerodelaosa\/2025\/09\/06\/propuesta-metodologica-pedagogias-del-testimonio-en-educacion-secundaria-marco-teorico-para-la-prevencion-de-violencias\/"},"wordCount":1630,"image":{"@id":"https:\/\/nuestrosescritores.com\/alexromerodelaosa\/2025\/09\/06\/propuesta-metodologica-pedagogias-del-testimonio-en-educacion-secundaria-marco-teorico-para-la-prevencion-de-violencias\/#primaryimage"},"thumbnailUrl":"https:\/\/nuestrosescritores.com\/alexromerodelaosa\/wp-content\/uploads\/sites\/212\/2025\/09\/book3.png","articleSection":["VER ES PARA CIEGOS"],"inLanguage":"es","copyrightYear":"2025","copyrightHolder":{"@id":"https:\/\/nuestrosescritores.com\/#organization"}},{"@type":"WebPage","@id":"https:\/\/nuestrosescritores.com\/alexromerodelaosa\/2025\/09\/06\/propuesta-metodologica-pedagogias-del-testimonio-en-educacion-secundaria-marco-teorico-para-la-prevencion-de-violencias\/","url":"https:\/\/nuestrosescritores.com\/alexromerodelaosa\/2025\/09\/06\/propuesta-metodologica-pedagogias-del-testimonio-en-educacion-secundaria-marco-teorico-para-la-prevencion-de-violencias\/","name":"PROPUESTA METODOL\u00d3GICA: PEDAGOG\u00cdAS DEL TESTIMONIO EN EDUCACI\u00d3N SECUNDARIA - MARCO TE\u00d3RICO PARA LA PREVENCI\u00d3N DE VIOLENCIAS - Alex Romero de la Osa D\u00edaz","isPartOf":{"@id":"https:\/\/nuestrosescritores.com\/alexromerodelaosa\/#website"},"primaryImageOfPage":{"@id":"https:\/\/nuestrosescritores.com\/alexromerodelaosa\/2025\/09\/06\/propuesta-metodologica-pedagogias-del-testimonio-en-educacion-secundaria-marco-teorico-para-la-prevencion-de-violencias\/#primaryimage"},"image":{"@id":"https:\/\/nuestrosescritores.com\/alexromerodelaosa\/2025\/09\/06\/propuesta-metodologica-pedagogias-del-testimonio-en-educacion-secundaria-marco-teorico-para-la-prevencion-de-violencias\/#primaryimage"},"thumbnailUrl":"https:\/\/nuestrosescritores.com\/alexromerodelaosa\/wp-content\/uploads\/sites\/212\/2025\/09\/book3.png","datePublished":"2025-09-06T16:17:13+00:00","author":{"@id":"https:\/\/nuestrosescritores.com\/alexromerodelaosa\/#\/schema\/person\/eeae205ced613630f5aac210989ea6eb"},"description":"Reflexiones sobre poes\u00eda, memoria, identidad y nuevas voces: perspectivas cr\u00edticas y redes creativas en la literatura contempor\u00e1nea espa\u00f1ola.","breadcrumb":{"@id":"https:\/\/nuestrosescritores.com\/alexromerodelaosa\/2025\/09\/06\/propuesta-metodologica-pedagogias-del-testimonio-en-educacion-secundaria-marco-teorico-para-la-prevencion-de-violencias\/#breadcrumb"},"inLanguage":"es","potentialAction":[{"@type":"ReadAction","target":["https:\/\/nuestrosescritores.com\/alexromerodelaosa\/2025\/09\/06\/propuesta-metodologica-pedagogias-del-testimonio-en-educacion-secundaria-marco-teorico-para-la-prevencion-de-violencias\/"]}]},{"@type":"ImageObject","inLanguage":"es","@id":"https:\/\/nuestrosescritores.com\/alexromerodelaosa\/2025\/09\/06\/propuesta-metodologica-pedagogias-del-testimonio-en-educacion-secundaria-marco-teorico-para-la-prevencion-de-violencias\/#primaryimage","url":"https:\/\/nuestrosescritores.com\/alexromerodelaosa\/wp-content\/uploads\/sites\/212\/2025\/09\/book3.png","contentUrl":"https:\/\/nuestrosescritores.com\/alexromerodelaosa\/wp-content\/uploads\/sites\/212\/2025\/09\/book3.png","width":839,"height":794},{"@type":"BreadcrumbList","@id":"https:\/\/nuestrosescritores.com\/alexromerodelaosa\/2025\/09\/06\/propuesta-metodologica-pedagogias-del-testimonio-en-educacion-secundaria-marco-teorico-para-la-prevencion-de-violencias\/#breadcrumb","itemListElement":[{"@type":"ListItem","position":1,"name":"Portada","item":"https:\/\/nuestrosescritores.com\/alexromerodelaosa\/"},{"@type":"ListItem","position":2,"name":"PROPUESTA METODOL\u00d3GICA: PEDAGOG\u00cdAS DEL TESTIMONIO EN EDUCACI\u00d3N SECUNDARIA &#8211; MARCO TE\u00d3RICO PARA LA PREVENCI\u00d3N DE VIOLENCIAS"}]},{"@type":"WebSite","@id":"https:\/\/nuestrosescritores.com\/alexromerodelaosa\/#website","url":"https:\/\/nuestrosescritores.com\/alexromerodelaosa\/","name":"Nuestros escritores","description":"Escritor","potentialAction":[{"@type":"SearchAction","target":{"@type":"EntryPoint","urlTemplate":"https:\/\/nuestrosescritores.com\/alexromerodelaosa\/?s={search_term_string}"},"query-input":{"@type":"PropertyValueSpecification","valueRequired":true,"valueName":"search_term_string"}}],"inLanguage":"es"},{"@type":"Person","@id":"https:\/\/nuestrosescritores.com\/alexromerodelaosa\/#\/schema\/person\/eeae205ced613630f5aac210989ea6eb","name":"Javierpah","image":{"@type":"ImageObject","inLanguage":"es","@id":"https:\/\/secure.gravatar.com\/avatar\/1cb55a5bd8d6824519e46b552e84b03575857cc9c4d6333824d2f95d82129f50?s=96&d=mm&r=g","url":"https:\/\/secure.gravatar.com\/avatar\/1cb55a5bd8d6824519e46b552e84b03575857cc9c4d6333824d2f95d82129f50?s=96&d=mm&r=g","contentUrl":"https:\/\/secure.gravatar.com\/avatar\/1cb55a5bd8d6824519e46b552e84b03575857cc9c4d6333824d2f95d82129f50?s=96&d=mm&r=g","caption":"Javierpah"}}]}},"_links":{"self":[{"href":"https:\/\/nuestrosescritores.com\/alexromerodelaosa\/wp-json\/wp\/v2\/posts\/79","targetHints":{"allow":["GET"]}}],"collection":[{"href":"https:\/\/nuestrosescritores.com\/alexromerodelaosa\/wp-json\/wp\/v2\/posts"}],"about":[{"href":"https:\/\/nuestrosescritores.com\/alexromerodelaosa\/wp-json\/wp\/v2\/types\/post"}],"author":[{"embeddable":true,"href":"https:\/\/nuestrosescritores.com\/alexromerodelaosa\/wp-json\/wp\/v2\/users\/1"}],"replies":[{"embeddable":true,"href":"https:\/\/nuestrosescritores.com\/alexromerodelaosa\/wp-json\/wp\/v2\/comments?post=79"}],"version-history":[{"count":0,"href":"https:\/\/nuestrosescritores.com\/alexromerodelaosa\/wp-json\/wp\/v2\/posts\/79\/revisions"}],"wp:featuredmedia":[{"embeddable":true,"href":"https:\/\/nuestrosescritores.com\/alexromerodelaosa\/wp-json\/wp\/v2\/media\/54"}],"wp:attachment":[{"href":"https:\/\/nuestrosescritores.com\/alexromerodelaosa\/wp-json\/wp\/v2\/media?parent=79"}],"wp:term":[{"taxonomy":"category","embeddable":true,"href":"https:\/\/nuestrosescritores.com\/alexromerodelaosa\/wp-json\/wp\/v2\/categories?post=79"},{"taxonomy":"post_tag","embeddable":true,"href":"https:\/\/nuestrosescritores.com\/alexromerodelaosa\/wp-json\/wp\/v2\/tags?post=79"}],"curies":[{"name":"wp","href":"https:\/\/api.w.org\/{rel}","templated":true}]}}