{"id":142,"date":"2024-11-28T11:03:55","date_gmt":"2024-11-28T10:03:55","guid":{"rendered":"https:\/\/nuestrosescritores.com\/aixavalfiguer\/?p=142"},"modified":"2024-11-28T11:05:41","modified_gmt":"2024-11-28T10:05:41","slug":"entrevista-a-aixa-valfiguer-poker-con-las-estrellas","status":"publish","type":"post","link":"https:\/\/nuestrosescritores.com\/aixavalfiguer\/2024\/11\/28\/entrevista-a-aixa-valfiguer-poker-con-las-estrellas\/","title":{"rendered":"Entrevista a Aixa Valfiguer. P\u00f3ker con las estrellas."},"content":{"rendered":"<p>Fuente: <a href=\"https:\/\/poesiaerestu.com\/revista\/entrevista-aixa-valfiguer-poker-las-estrellas\/\">Revista Poes\u00eda eres t\u00fa<\/a><\/p>\n<p>&nbsp;<\/p>\n<p>Hoy tenemos el placer de conversar con Aixa Valfiguer, autora del poemario &#8220;P\u00f3ker con las estrellas&#8221;, una obra que ha captado la atenci\u00f3n de cr\u00edticos y lectores por su poderosa imaginer\u00eda y su aguda cr\u00edtica social. En este libro, Valfiguer nos sumerge en un mundo dist\u00f3pico donde la libertad es un sue\u00f1o prohibido y las almas luchan por encontrar su lugar en una sociedad opresiva.<\/p>\n<p>A trav\u00e9s de sus versos, divididos en secciones simb\u00f3licas como &#8220;Hombre&#8221;, &#8220;V\u00edbora&#8221; y &#8220;Paloma&#8221;, la autora explora temas universales como la opresi\u00f3n, la b\u00fasqueda de la identidad y la resistencia del esp\u00edritu humano. Su estilo \u00fanico, que combina im\u00e1genes surrealistas con una cr\u00edtica social aguda, ha sido comparado con el de poetas contempor\u00e1neos reconocidos, aunque Valfiguer logra una voz distintiva propia.<\/p>\n<p>En esta entrevista, profundizaremos en el proceso creativo detr\u00e1s de &#8220;P\u00f3ker con las estrellas&#8221;, exploraremos las influencias literarias de Valfiguer y discutiremos su visi\u00f3n sobre el papel de la poes\u00eda en la sociedad actual. Sin m\u00e1s pre\u00e1mbulos, demos inicio a nuestra conversaci\u00f3n con esta prometedora voz de la poes\u00eda contempor\u00e1nea.<\/p>\n<h2>\u00bfQu\u00e9 le inspir\u00f3 a escribir &#8220;P\u00f3ker con las estrellas&#8221;?<\/h2>\n<p>Es una idea que llevaba en mi cabeza muchos a\u00f1os, pero nunca se completaba. Recuerdo que se empez\u00f3 a formar una idea s\u00f3lida de lo que quer\u00eda mientras paseaba a mi perra hace tres a\u00f1os (que en paz descanse), y se me vino el verso \u201cLas prostitutas claman justicia antes las fauces de los cocodrilos\u201d. Ese fue el comienzo de todo. Me gust\u00f3 tanto ese verso, tan propio de m\u00ed y que no me hab\u00eda atrevido hasta entonces de escribir, que todo lo dem\u00e1s surgi\u00f3 solo. Se cre\u00f3 un universo entero de bestias delante de mis narices y hasta hoy sigo viviendo en \u00e9l.<\/p>\n<p>El libro est\u00e1 dividido en secciones principales: &#8220;Hombre&#8221; y varios animales \u00bfPuede explicarnos el significado detr\u00e1s de esta estructura?<br \/>\nEsta obra cuenta una historia algo complicada de explicar tan solo a trav\u00e9s de versos, ya que me importaba m\u00e1s que se entendiera a que fuera simplemente bello a la vista de quien lo leyera, por lo que decid\u00ed manejar un esquema m\u00e1s narrativo para contar la historia del protagonista. En las primeras secciones presento al protagonista, un esclavo que no sabe qu\u00e9 hacer para escapar de all\u00ed, y el mundo tan ins\u00f3lito que le rodea. Seg\u00fan avanza su historia, se van contando los acontecimientos principales que le hacen evolucionar como ser hasta descubrir y conseguir su sue\u00f1o, con todo lo que tuvo que sacrificar por el camino.<\/p>\n<p>En su obra, utiliza una rica simbolog\u00eda animal. \u00bfPor qu\u00e9 eligi\u00f3 estos s\u00edmbolos espec\u00edficos y qu\u00e9 representan para usted?<br \/>\nSon bestias que usamos en nuestro d\u00eda a d\u00eda para identificar las actitudes de algunas personas como esos animales. Adem\u00e1s, cu\u00e1nto m\u00e1s descubres de ellos, m\u00e1s detalles puedes detectar en la obra y compararlos con tu propia situaci\u00f3n. No voy a definir qu\u00e9 significa cada animal, puesto que es algo que va a cambiar con cada lector que lo lea.<\/p>\n<p>La distop\u00eda es un tema central en su libro. \u00bfQu\u00e9 mensaje quiere transmitir a trav\u00e9s de este mundo sombr\u00edo que ha creado?<br \/>\nEl mundo es sombr\u00edo, ciertamente. El mundo real tambi\u00e9n lo es. Cumplimos roles, buscamos qu\u00e9 hacer con nuestras vidas, seguimos consejos cuando nos perdemos\u2026 Siempre buscamos metas que alcanzar. El mensaje de la obra es el mismo que debemos tener presente en nuestra vida: hay que observar el mundo porque somos parte de ello, pero es nuestra decisi\u00f3n c\u00f3mo nos comportamos ante ello y qu\u00e9 es lo que queremos ser en \u00e9l.<\/p>\n<h2>\u00bfC\u00f3mo describir\u00eda su estilo po\u00e9tico y qu\u00e9 autores han influido en su escritura?<\/h2>\n<p>Mi estilo se ha ido forjando a lo largo de los a\u00f1os. Llevo escribiendo poes\u00eda desde, por lo menos, los siete a\u00f1os de edad. Adoro toda clase de l\u00edrica que se me ponga delante, pero he de\u00a0 destacar dos autores en los que me refugio mucho y ellos son B\u00e9cquer y Lorca. Siempre seguir\u00e9 escribiendo en tanto que pueda (porque siempre querr\u00e9) y mi estilo fluye, al igual que todo en este mundo, pero tengo la sensaci\u00f3n de que esta es la l\u00ednea que tendr\u00e1. Es una poes\u00eda bastante directa y simb\u00f3lica, con un ritmo que no se deja llevar por la estructura cl\u00e1sica, pero la cadencia est\u00e1 ah\u00ed, capaz de manejar la velocidad en la que debe leerse. Me gusta la poes\u00eda que escribo, creo que tiene un toque diferente a lo que suelo leer, pero siempre seguir\u00e9 intentando ser mejor poeta.<\/p>\n<p>En &#8220;P\u00f3ker con las estrellas&#8221;, aborda temas como la opresi\u00f3n y la b\u00fasqueda de la libertad. \u00bfC\u00f3mo cree que estos temas resuenan en la sociedad actual?<br \/>\nNo hace falta ir muy lejos para ver su cercan\u00eda con la realidad. Son temas atemporales, muy marcados a lo largo de la historia. En estos tiempos, si te sientas a leer las noticias terminas resoplando con una mueca de molestia, sabiendo que las cosas no han cambiado por mucho que vivamos en esta sociedad moderna. Estamos rodeados de guerra, tratados, corrupci\u00f3n, inmigrantes y refugiados, noticias falsas y entretenimiento a rabiar para olvidar lo que nos perdemos en la rutina. Puede que no vayamos a liberar naciones enteras, pero podemos ser libres en nuestro propio concepto de libertad, para nosotros mismos, sentirnos libres aun en el mundo en el que nos hallamos.<\/p>\n<h2>\u00bfQu\u00e9 papel cree que juega la poes\u00eda en el mundo contempor\u00e1neo?<\/h2>\n<p>La poes\u00eda nunca va a morir, aunque se le d\u00e9 menos importancia en el presente de lo que tuvo en el pasado. La poes\u00eda tiene un gran poder de transformaci\u00f3n, se convierte en m\u00fasica, en discursos, en declaraciones, en confesiones, se mezcla con otros g\u00e9neros como la narrativa y el teatro. Siempre est\u00e1 all\u00ed, y siempre estar\u00e1. Mientras, los poetas seguiremos escribiendo para demostrarlo.<\/p>\n<p>&nbsp;<\/p>\n<h2>\u00bfC\u00f3mo equilibra la necesidad de expresi\u00f3n art\u00edstica con la accesibilidad para el lector en su poes\u00eda?<\/h2>\n<p>Considero que mi poes\u00eda es accesible para todos los lectores. El mensaje es claro, es mi alma quien la escribe, quiz\u00e1 de all\u00ed su forma tan peculiar. El arte forma parte del ser humano. Me gustar\u00eda alg\u00fan d\u00eda poder dedicarme de lleno al arte en todas sus facetas, as\u00ed como disfrutarla.<\/p>\n<h2>\u00bfQu\u00e9 consejo le dar\u00eda a los j\u00f3venes poetas que est\u00e1n empezando a escribir?<\/h2>\n<p>No hay un camino pactado, no hay gu\u00edas, no hay obligaciones. Si quieres escribir, escribe, y nunca dejes de hacerlo. Hay que leer mucho para poder escribir, es cierto, pero tambi\u00e9n hay que forjar un esp\u00edritu de hierro para poder avanzar en esto. a igual cuantas veces quieras rendirte, cuantos obst\u00e1culos tengas por delante\u2026 Todo pasa, nada dura. Sigue escribiendo y ver\u00e1s como el camino que creas se va allanando solo.<\/p>\n<h2>\u00bfC\u00f3mo ve el futuro de la poes\u00eda en la era digital?<\/h2>\n<p>Todo evoluciona, la poes\u00eda tambi\u00e9n. En las redes sociales hay varios ejemplos de ello, creando video poemas, recitando en reels, compartiendo posts\u2026 La poes\u00eda est\u00e1 ah\u00ed, mostr\u00e1ndose ante el mundo. Siempre es mejor que un libro de poemas en una biblioteca llen\u00e1ndose de polvo con los a\u00f1os porque ya no la leen.<\/p>\n<h2>\u00bfHay alg\u00fan poema o secci\u00f3n del libro que tenga un significado especial para usted?<\/h2>\n<p>Todas las secciones tienen un gran significado para m\u00ed, pero destaco la primera, la tercera y la \u00faltima. La primera, porque soy la primera que se identifica con aquel esclavo de ve el cielo negro con un cafe en la mano, sabiendo que est\u00e1 cavando su tumba sin haber vivido lo suficiente. El tercero, porque expresa toda la emoci\u00f3n de descubrir un sue\u00f1o escondido y la esperanza de poder conseguirlo en alg\u00fan momento de nuestra vida. El final, obviamente, el final es todo aquello por lo que se ha luchado, es mi voz m\u00e1s fr\u00e1gil y, al mismo tiempo, la que m\u00e1s fuerza posee. Toda mi frustraci\u00f3n, la melancol\u00eda, el miedo, la euforia, la esperanza, los sue\u00f1os y deseos est\u00e1n plasmados en los versos de este personaje a lo largo de toda la obra.<\/p>\n<h2>\u00bfC\u00f3mo ha sido su proceso creativo al escribir este libro?<\/h2>\n<p>He tardado unos tres a\u00f1os en poder convertir en palabras todo el universo que hab\u00eda creado. Cada personaje tiene su propia vida, sus propias metas, sus propios miedos\u2026 y yo quer\u00eda dedicarles todo el tiempo que hiciera falta para poder mostrarlo. Los considero tan reales como t\u00fa y yo, y se merecen m\u00e1s que un verso perdido en una mara\u00f1a de ideas revueltas.<\/p>\n<h2>\u00bfQu\u00e9 espera que los lectores se lleven despu\u00e9s de leer &#8220;P\u00f3ker con las estrellas&#8221;?<\/h2>\n<p>Solo ellos sabr\u00e1n qu\u00e9 van a encontrar en esta obra. Es diferente para cada persona. Son vidas de bestias plasmadas en un libro, pero son vidas. Quiz\u00e1s se identifiquen con el hombre, quiz\u00e1s con la v\u00edbora o la paloma. Tal vez defiendan la postura de los hipop\u00f3tamos ante el mundo y les moleste que las aves anden rondando donde no las llaman. Me gustar\u00eda que vivieran este mundo tan extra\u00f1o y familiar, y que el mensaje que transmite no les pase desapercibido. Podemos conseguir todo lo que nos propongamos, por muy dif\u00edcil que sea. Solo debemos parar un momento y desplegar las plumas.<\/p>\n<h2>\u00bfTiene planes para futuros proyectos literarios? \u00bfPuede adelantarnos algo?<\/h2>\n<p>He terminado un nuevo poemario, llamado Arde, que sigue el mismo camino que Poker con las estrellas, profundizando en algunos temas con un tono m\u00e1s l\u00edrico.<\/p>\n<p>Despu\u00e9s de esto, me tomar\u00e9 un descanso. Escribo por gusto, porque me sale del coraz\u00f3n plasmar lo que siento y quiero que sea as\u00ed siempre. No quiero verme forzada a escribir para alguien o sobre algo en concreto. Tengo varios proyectos en marcha, desde hace a\u00f1os, y les dar\u00e9 todo el que merecen.<\/p>\n<p>&nbsp;<\/p>\n","protected":false},"excerpt":{"rendered":"<p>Fuente: Revista Poes\u00eda eres t\u00fa &nbsp; Hoy tenemos el placer de conversar con Aixa Valfiguer, autora del poemario &#8220;P\u00f3ker con las estrellas&#8221;, una obra que ha captado la atenci\u00f3n de cr\u00edticos y lectores por su poderosa imaginer\u00eda y su aguda cr\u00edtica social. En este libro, Valfiguer nos sumerge en un mundo dist\u00f3pico donde la libertad [&hellip;]<\/p>\n","protected":false},"author":1,"featured_media":143,"comment_status":"closed","ping_status":"closed","sticky":false,"template":"","format":"standard","meta":{"_acf_changed":false,"footnotes":""},"categories":[6],"tags":[7],"class_list":["post-142","post","type-post","status-publish","format-standard","has-post-thumbnail","hentry","category-noticias","tag-entrevista"],"acf":[],"yoast_head":"<!-- This site is optimized with the Yoast SEO Premium plugin v24.7 (Yoast SEO v27.5) - https:\/\/yoast.com\/product\/yoast-seo-premium-wordpress\/ -->\n<title>Entrevista a Aixa Valfiguer. P\u00f3ker con las estrellas. - Aixa Valfiguer<\/title>\n<meta name=\"description\" content=\"Hoy tenemos el placer de conversar con Aixa Valfiguer, autora del poemario &quot;P\u00f3ker con las estrellas&quot;, una obra que ha captado la atenci\u00f3n de cr\u00edticos y lectores.\" \/>\n<meta name=\"robots\" content=\"index, follow, max-snippet:-1, max-image-preview:large, max-video-preview:-1\" \/>\n<link rel=\"canonical\" href=\"https:\/\/nuestrosescritores.com\/aixavalfiguer\/2024\/11\/28\/entrevista-a-aixa-valfiguer-poker-con-las-estrellas\/\" \/>\n<meta property=\"og:locale\" content=\"es_ES\" \/>\n<meta property=\"og:type\" content=\"article\" \/>\n<meta property=\"og:title\" content=\"Entrevista a Aixa Valfiguer. P\u00f3ker con las estrellas.\" \/>\n<meta property=\"og:description\" content=\"Hoy tenemos el placer de conversar con Aixa Valfiguer, autora del poemario &quot;P\u00f3ker con las estrellas&quot;, una obra que ha captado la atenci\u00f3n de cr\u00edticos y lectores.\" \/>\n<meta property=\"og:url\" content=\"https:\/\/nuestrosescritores.com\/aixavalfiguer\/2024\/11\/28\/entrevista-a-aixa-valfiguer-poker-con-las-estrellas\/\" \/>\n<meta property=\"og:site_name\" content=\"Aixa Valfiguer\" \/>\n<meta property=\"article:published_time\" content=\"2024-11-28T10:03:55+00:00\" \/>\n<meta property=\"article:modified_time\" content=\"2024-11-28T10:05:41+00:00\" \/>\n<meta property=\"og:image\" content=\"http:\/\/nuestrosescritores.com\/aixavalfiguer\/wp-content\/uploads\/sites\/189\/2024\/11\/FichaAutor-scaled.jpg\" \/>\n\t<meta property=\"og:image:width\" content=\"2560\" \/>\n\t<meta property=\"og:image:height\" content=\"1804\" \/>\n\t<meta property=\"og:image:type\" content=\"image\/jpeg\" \/>\n<meta name=\"author\" content=\"Javierpah\" \/>\n<meta name=\"twitter:card\" content=\"summary_large_image\" \/>\n<meta name=\"twitter:label1\" content=\"Escrito por\" \/>\n\t<meta name=\"twitter:data1\" content=\"Javierpah\" \/>\n\t<meta name=\"twitter:label2\" content=\"Tiempo de lectura\" \/>\n\t<meta name=\"twitter:data2\" content=\"8 minutos\" \/>\n<script type=\"application\/ld+json\" class=\"yoast-schema-graph\">{\"@context\":\"https:\\\/\\\/schema.org\",\"@graph\":[{\"@type\":\"Article\",\"@id\":\"https:\\\/\\\/nuestrosescritores.com\\\/aixavalfiguer\\\/2024\\\/11\\\/28\\\/entrevista-a-aixa-valfiguer-poker-con-las-estrellas\\\/#article\",\"isPartOf\":{\"@id\":\"https:\\\/\\\/nuestrosescritores.com\\\/aixavalfiguer\\\/2024\\\/11\\\/28\\\/entrevista-a-aixa-valfiguer-poker-con-las-estrellas\\\/\"},\"author\":{\"name\":\"Javierpah\",\"@id\":\"https:\\\/\\\/nuestrosescritores.com\\\/aixavalfiguer\\\/#\\\/schema\\\/person\\\/eeae205ced613630f5aac210989ea6eb\"},\"headline\":\"Entrevista a Aixa Valfiguer. P\u00f3ker con las estrellas.\",\"datePublished\":\"2024-11-28T10:03:55+00:00\",\"dateModified\":\"2024-11-28T10:05:41+00:00\",\"mainEntityOfPage\":{\"@id\":\"https:\\\/\\\/nuestrosescritores.com\\\/aixavalfiguer\\\/2024\\\/11\\\/28\\\/entrevista-a-aixa-valfiguer-poker-con-las-estrellas\\\/\"},\"wordCount\":1756,\"image\":{\"@id\":\"https:\\\/\\\/nuestrosescritores.com\\\/aixavalfiguer\\\/2024\\\/11\\\/28\\\/entrevista-a-aixa-valfiguer-poker-con-las-estrellas\\\/#primaryimage\"},\"thumbnailUrl\":\"https:\\\/\\\/nuestrosescritores.com\\\/aixavalfiguer\\\/wp-content\\\/uploads\\\/sites\\\/189\\\/2024\\\/11\\\/FichaAutor-scaled.jpg\",\"keywords\":[\"Entrevista\"],\"articleSection\":[\"Noticias\"],\"inLanguage\":\"es\",\"copyrightYear\":\"2024\",\"copyrightHolder\":{\"@id\":\"https:\\\/\\\/nuestrosescritores.com\\\/#organization\"}},{\"@type\":\"WebPage\",\"@id\":\"https:\\\/\\\/nuestrosescritores.com\\\/aixavalfiguer\\\/2024\\\/11\\\/28\\\/entrevista-a-aixa-valfiguer-poker-con-las-estrellas\\\/\",\"url\":\"https:\\\/\\\/nuestrosescritores.com\\\/aixavalfiguer\\\/2024\\\/11\\\/28\\\/entrevista-a-aixa-valfiguer-poker-con-las-estrellas\\\/\",\"name\":\"Entrevista a Aixa Valfiguer. P\u00f3ker con las estrellas. - Aixa Valfiguer\",\"isPartOf\":{\"@id\":\"https:\\\/\\\/nuestrosescritores.com\\\/aixavalfiguer\\\/#website\"},\"primaryImageOfPage\":{\"@id\":\"https:\\\/\\\/nuestrosescritores.com\\\/aixavalfiguer\\\/2024\\\/11\\\/28\\\/entrevista-a-aixa-valfiguer-poker-con-las-estrellas\\\/#primaryimage\"},\"image\":{\"@id\":\"https:\\\/\\\/nuestrosescritores.com\\\/aixavalfiguer\\\/2024\\\/11\\\/28\\\/entrevista-a-aixa-valfiguer-poker-con-las-estrellas\\\/#primaryimage\"},\"thumbnailUrl\":\"https:\\\/\\\/nuestrosescritores.com\\\/aixavalfiguer\\\/wp-content\\\/uploads\\\/sites\\\/189\\\/2024\\\/11\\\/FichaAutor-scaled.jpg\",\"datePublished\":\"2024-11-28T10:03:55+00:00\",\"dateModified\":\"2024-11-28T10:05:41+00:00\",\"author\":{\"@id\":\"https:\\\/\\\/nuestrosescritores.com\\\/aixavalfiguer\\\/#\\\/schema\\\/person\\\/eeae205ced613630f5aac210989ea6eb\"},\"description\":\"Hoy tenemos el placer de conversar con Aixa Valfiguer, autora del poemario \\\"P\u00f3ker con las estrellas\\\", una obra que ha captado la atenci\u00f3n de cr\u00edticos y lectores.\",\"breadcrumb\":{\"@id\":\"https:\\\/\\\/nuestrosescritores.com\\\/aixavalfiguer\\\/2024\\\/11\\\/28\\\/entrevista-a-aixa-valfiguer-poker-con-las-estrellas\\\/#breadcrumb\"},\"inLanguage\":\"es\",\"potentialAction\":[{\"@type\":\"ReadAction\",\"target\":[\"https:\\\/\\\/nuestrosescritores.com\\\/aixavalfiguer\\\/2024\\\/11\\\/28\\\/entrevista-a-aixa-valfiguer-poker-con-las-estrellas\\\/\"]}]},{\"@type\":\"ImageObject\",\"inLanguage\":\"es\",\"@id\":\"https:\\\/\\\/nuestrosescritores.com\\\/aixavalfiguer\\\/2024\\\/11\\\/28\\\/entrevista-a-aixa-valfiguer-poker-con-las-estrellas\\\/#primaryimage\",\"url\":\"https:\\\/\\\/nuestrosescritores.com\\\/aixavalfiguer\\\/wp-content\\\/uploads\\\/sites\\\/189\\\/2024\\\/11\\\/FichaAutor-scaled.jpg\",\"contentUrl\":\"https:\\\/\\\/nuestrosescritores.com\\\/aixavalfiguer\\\/wp-content\\\/uploads\\\/sites\\\/189\\\/2024\\\/11\\\/FichaAutor-scaled.jpg\",\"width\":2560,\"height\":1804},{\"@type\":\"BreadcrumbList\",\"@id\":\"https:\\\/\\\/nuestrosescritores.com\\\/aixavalfiguer\\\/2024\\\/11\\\/28\\\/entrevista-a-aixa-valfiguer-poker-con-las-estrellas\\\/#breadcrumb\",\"itemListElement\":[{\"@type\":\"ListItem\",\"position\":1,\"name\":\"Portada\",\"item\":\"https:\\\/\\\/nuestrosescritores.com\\\/aixavalfiguer\\\/\"},{\"@type\":\"ListItem\",\"position\":2,\"name\":\"Entrevista a Aixa Valfiguer. P\u00f3ker con las estrellas.\"}]},{\"@type\":\"WebSite\",\"@id\":\"https:\\\/\\\/nuestrosescritores.com\\\/aixavalfiguer\\\/#website\",\"url\":\"https:\\\/\\\/nuestrosescritores.com\\\/aixavalfiguer\\\/\",\"name\":\"Nuestros escritores\",\"description\":\"Escritora\",\"potentialAction\":[{\"@type\":\"SearchAction\",\"target\":{\"@type\":\"EntryPoint\",\"urlTemplate\":\"https:\\\/\\\/nuestrosescritores.com\\\/aixavalfiguer\\\/?s={search_term_string}\"},\"query-input\":{\"@type\":\"PropertyValueSpecification\",\"valueRequired\":true,\"valueName\":\"search_term_string\"}}],\"inLanguage\":\"es\"},{\"@type\":\"Person\",\"@id\":\"https:\\\/\\\/nuestrosescritores.com\\\/aixavalfiguer\\\/#\\\/schema\\\/person\\\/eeae205ced613630f5aac210989ea6eb\",\"name\":\"Javierpah\",\"image\":{\"@type\":\"ImageObject\",\"inLanguage\":\"es\",\"@id\":\"https:\\\/\\\/secure.gravatar.com\\\/avatar\\\/1cb55a5bd8d6824519e46b552e84b03575857cc9c4d6333824d2f95d82129f50?s=96&d=mm&r=g\",\"url\":\"https:\\\/\\\/secure.gravatar.com\\\/avatar\\\/1cb55a5bd8d6824519e46b552e84b03575857cc9c4d6333824d2f95d82129f50?s=96&d=mm&r=g\",\"contentUrl\":\"https:\\\/\\\/secure.gravatar.com\\\/avatar\\\/1cb55a5bd8d6824519e46b552e84b03575857cc9c4d6333824d2f95d82129f50?s=96&d=mm&r=g\",\"caption\":\"Javierpah\"}}]}<\/script>\n<!-- \/ Yoast SEO Premium plugin. -->","yoast_head_json":{"title":"Entrevista a Aixa Valfiguer. P\u00f3ker con las estrellas. - Aixa Valfiguer","description":"Hoy tenemos el placer de conversar con Aixa Valfiguer, autora del poemario \"P\u00f3ker con las estrellas\", una obra que ha captado la atenci\u00f3n de cr\u00edticos y lectores.","robots":{"index":"index","follow":"follow","max-snippet":"max-snippet:-1","max-image-preview":"max-image-preview:large","max-video-preview":"max-video-preview:-1"},"canonical":"https:\/\/nuestrosescritores.com\/aixavalfiguer\/2024\/11\/28\/entrevista-a-aixa-valfiguer-poker-con-las-estrellas\/","og_locale":"es_ES","og_type":"article","og_title":"Entrevista a Aixa Valfiguer. P\u00f3ker con las estrellas.","og_description":"Hoy tenemos el placer de conversar con Aixa Valfiguer, autora del poemario \"P\u00f3ker con las estrellas\", una obra que ha captado la atenci\u00f3n de cr\u00edticos y lectores.","og_url":"https:\/\/nuestrosescritores.com\/aixavalfiguer\/2024\/11\/28\/entrevista-a-aixa-valfiguer-poker-con-las-estrellas\/","og_site_name":"Aixa Valfiguer","article_published_time":"2024-11-28T10:03:55+00:00","article_modified_time":"2024-11-28T10:05:41+00:00","og_image":[{"width":2560,"height":1804,"url":"http:\/\/nuestrosescritores.com\/aixavalfiguer\/wp-content\/uploads\/sites\/189\/2024\/11\/FichaAutor-scaled.jpg","type":"image\/jpeg"}],"author":"Javierpah","twitter_card":"summary_large_image","twitter_misc":{"Escrito por":"Javierpah","Tiempo de lectura":"8 minutos"},"schema":{"@context":"https:\/\/schema.org","@graph":[{"@type":"Article","@id":"https:\/\/nuestrosescritores.com\/aixavalfiguer\/2024\/11\/28\/entrevista-a-aixa-valfiguer-poker-con-las-estrellas\/#article","isPartOf":{"@id":"https:\/\/nuestrosescritores.com\/aixavalfiguer\/2024\/11\/28\/entrevista-a-aixa-valfiguer-poker-con-las-estrellas\/"},"author":{"name":"Javierpah","@id":"https:\/\/nuestrosescritores.com\/aixavalfiguer\/#\/schema\/person\/eeae205ced613630f5aac210989ea6eb"},"headline":"Entrevista a Aixa Valfiguer. P\u00f3ker con las estrellas.","datePublished":"2024-11-28T10:03:55+00:00","dateModified":"2024-11-28T10:05:41+00:00","mainEntityOfPage":{"@id":"https:\/\/nuestrosescritores.com\/aixavalfiguer\/2024\/11\/28\/entrevista-a-aixa-valfiguer-poker-con-las-estrellas\/"},"wordCount":1756,"image":{"@id":"https:\/\/nuestrosescritores.com\/aixavalfiguer\/2024\/11\/28\/entrevista-a-aixa-valfiguer-poker-con-las-estrellas\/#primaryimage"},"thumbnailUrl":"https:\/\/nuestrosescritores.com\/aixavalfiguer\/wp-content\/uploads\/sites\/189\/2024\/11\/FichaAutor-scaled.jpg","keywords":["Entrevista"],"articleSection":["Noticias"],"inLanguage":"es","copyrightYear":"2024","copyrightHolder":{"@id":"https:\/\/nuestrosescritores.com\/#organization"}},{"@type":"WebPage","@id":"https:\/\/nuestrosescritores.com\/aixavalfiguer\/2024\/11\/28\/entrevista-a-aixa-valfiguer-poker-con-las-estrellas\/","url":"https:\/\/nuestrosescritores.com\/aixavalfiguer\/2024\/11\/28\/entrevista-a-aixa-valfiguer-poker-con-las-estrellas\/","name":"Entrevista a Aixa Valfiguer. P\u00f3ker con las estrellas. - Aixa Valfiguer","isPartOf":{"@id":"https:\/\/nuestrosescritores.com\/aixavalfiguer\/#website"},"primaryImageOfPage":{"@id":"https:\/\/nuestrosescritores.com\/aixavalfiguer\/2024\/11\/28\/entrevista-a-aixa-valfiguer-poker-con-las-estrellas\/#primaryimage"},"image":{"@id":"https:\/\/nuestrosescritores.com\/aixavalfiguer\/2024\/11\/28\/entrevista-a-aixa-valfiguer-poker-con-las-estrellas\/#primaryimage"},"thumbnailUrl":"https:\/\/nuestrosescritores.com\/aixavalfiguer\/wp-content\/uploads\/sites\/189\/2024\/11\/FichaAutor-scaled.jpg","datePublished":"2024-11-28T10:03:55+00:00","dateModified":"2024-11-28T10:05:41+00:00","author":{"@id":"https:\/\/nuestrosescritores.com\/aixavalfiguer\/#\/schema\/person\/eeae205ced613630f5aac210989ea6eb"},"description":"Hoy tenemos el placer de conversar con Aixa Valfiguer, autora del poemario \"P\u00f3ker con las estrellas\", una obra que ha captado la atenci\u00f3n de cr\u00edticos y lectores.","breadcrumb":{"@id":"https:\/\/nuestrosescritores.com\/aixavalfiguer\/2024\/11\/28\/entrevista-a-aixa-valfiguer-poker-con-las-estrellas\/#breadcrumb"},"inLanguage":"es","potentialAction":[{"@type":"ReadAction","target":["https:\/\/nuestrosescritores.com\/aixavalfiguer\/2024\/11\/28\/entrevista-a-aixa-valfiguer-poker-con-las-estrellas\/"]}]},{"@type":"ImageObject","inLanguage":"es","@id":"https:\/\/nuestrosescritores.com\/aixavalfiguer\/2024\/11\/28\/entrevista-a-aixa-valfiguer-poker-con-las-estrellas\/#primaryimage","url":"https:\/\/nuestrosescritores.com\/aixavalfiguer\/wp-content\/uploads\/sites\/189\/2024\/11\/FichaAutor-scaled.jpg","contentUrl":"https:\/\/nuestrosescritores.com\/aixavalfiguer\/wp-content\/uploads\/sites\/189\/2024\/11\/FichaAutor-scaled.jpg","width":2560,"height":1804},{"@type":"BreadcrumbList","@id":"https:\/\/nuestrosescritores.com\/aixavalfiguer\/2024\/11\/28\/entrevista-a-aixa-valfiguer-poker-con-las-estrellas\/#breadcrumb","itemListElement":[{"@type":"ListItem","position":1,"name":"Portada","item":"https:\/\/nuestrosescritores.com\/aixavalfiguer\/"},{"@type":"ListItem","position":2,"name":"Entrevista a Aixa Valfiguer. P\u00f3ker con las estrellas."}]},{"@type":"WebSite","@id":"https:\/\/nuestrosescritores.com\/aixavalfiguer\/#website","url":"https:\/\/nuestrosescritores.com\/aixavalfiguer\/","name":"Nuestros escritores","description":"Escritora","potentialAction":[{"@type":"SearchAction","target":{"@type":"EntryPoint","urlTemplate":"https:\/\/nuestrosescritores.com\/aixavalfiguer\/?s={search_term_string}"},"query-input":{"@type":"PropertyValueSpecification","valueRequired":true,"valueName":"search_term_string"}}],"inLanguage":"es"},{"@type":"Person","@id":"https:\/\/nuestrosescritores.com\/aixavalfiguer\/#\/schema\/person\/eeae205ced613630f5aac210989ea6eb","name":"Javierpah","image":{"@type":"ImageObject","inLanguage":"es","@id":"https:\/\/secure.gravatar.com\/avatar\/1cb55a5bd8d6824519e46b552e84b03575857cc9c4d6333824d2f95d82129f50?s=96&d=mm&r=g","url":"https:\/\/secure.gravatar.com\/avatar\/1cb55a5bd8d6824519e46b552e84b03575857cc9c4d6333824d2f95d82129f50?s=96&d=mm&r=g","contentUrl":"https:\/\/secure.gravatar.com\/avatar\/1cb55a5bd8d6824519e46b552e84b03575857cc9c4d6333824d2f95d82129f50?s=96&d=mm&r=g","caption":"Javierpah"}}]}},"_links":{"self":[{"href":"https:\/\/nuestrosescritores.com\/aixavalfiguer\/wp-json\/wp\/v2\/posts\/142","targetHints":{"allow":["GET"]}}],"collection":[{"href":"https:\/\/nuestrosescritores.com\/aixavalfiguer\/wp-json\/wp\/v2\/posts"}],"about":[{"href":"https:\/\/nuestrosescritores.com\/aixavalfiguer\/wp-json\/wp\/v2\/types\/post"}],"author":[{"embeddable":true,"href":"https:\/\/nuestrosescritores.com\/aixavalfiguer\/wp-json\/wp\/v2\/users\/1"}],"replies":[{"embeddable":true,"href":"https:\/\/nuestrosescritores.com\/aixavalfiguer\/wp-json\/wp\/v2\/comments?post=142"}],"version-history":[{"count":0,"href":"https:\/\/nuestrosescritores.com\/aixavalfiguer\/wp-json\/wp\/v2\/posts\/142\/revisions"}],"wp:featuredmedia":[{"embeddable":true,"href":"https:\/\/nuestrosescritores.com\/aixavalfiguer\/wp-json\/wp\/v2\/media\/143"}],"wp:attachment":[{"href":"https:\/\/nuestrosescritores.com\/aixavalfiguer\/wp-json\/wp\/v2\/media?parent=142"}],"wp:term":[{"taxonomy":"category","embeddable":true,"href":"https:\/\/nuestrosescritores.com\/aixavalfiguer\/wp-json\/wp\/v2\/categories?post=142"},{"taxonomy":"post_tag","embeddable":true,"href":"https:\/\/nuestrosescritores.com\/aixavalfiguer\/wp-json\/wp\/v2\/tags?post=142"}],"curies":[{"name":"wp","href":"https:\/\/api.w.org\/{rel}","templated":true}]}}