{"id":141,"date":"2020-02-18T12:58:49","date_gmt":"2020-02-18T11:58:49","guid":{"rendered":"https:\/\/nuestrosescritores.com\/agatajoannakornacka\/?p=141"},"modified":"2020-02-18T13:10:50","modified_gmt":"2020-02-18T12:10:50","slug":"presentacion-en-jerez-academia-y-galeria-de-arte-sala-13","status":"publish","type":"post","link":"https:\/\/nuestrosescritores.com\/agatajoannakornacka\/2020\/02\/18\/presentacion-en-jerez-academia-y-galeria-de-arte-sala-13\/","title":{"rendered":"Presentaci\u00f3n en Ja\u00e9n: Academia y galer\u00eda de arte sala 13"},"content":{"rendered":"<div class=\"wpb-content-wrapper\">[vc_row][vc_column][vc_column_text]La palabra es la vida, as\u00ed ha comenzado la presentaci\u00f3n del poemario de la poeta de Polonia Agata Juanna kornacka, en la academia y galer\u00eda de arte sala 13 de la capital jiennense. El poemario Aqu\u00ed d\u00f3nde la ves, es una magn\u00edfica recopilaci\u00f3n de poemas cortos, con los que la poeta describe el amor y la existencia. El acto se ha convertido en una excelente tertulia literaria donde el p\u00fablico ha realizado una serie de preguntas a la autora. Finalmente el evento ha acabado con la lectura de poemas del libro por parte del grupo literario Oliversando.[\/vc_column_text][\/vc_column][\/vc_row][vc_row][vc_column][vc_media_grid grid_id=&#8221;vc_gid:1582027021092-86a4284f-f514-1&#8243; include=&#8221;142,143,144,145,146,147,148&#8243;][\/vc_column][\/vc_row]\n<\/div>","protected":false},"excerpt":{"rendered":"<p>[vc_row][vc_column][vc_column_text]La palabra es la vida, as\u00ed ha comenzado la presentaci\u00f3n del poemario de la poeta de Polonia Agata Juanna kornacka, en la academia y galer\u00eda de arte sala 13 de la capital jiennense. El poemario Aqu\u00ed d\u00f3nde la ves, es una magn\u00edfica recopilaci\u00f3n de poemas cortos, con los que la poeta describe el amor y [&hellip;]<\/p>\n","protected":false},"author":1,"featured_media":148,"comment_status":"open","ping_status":"open","sticky":false,"template":"","format":"standard","meta":{"_acf_changed":false,"footnotes":""},"categories":[1],"tags":[],"class_list":["post-141","post","type-post","status-publish","format-standard","has-post-thumbnail","hentry","category-sin-categoria"],"acf":[],"yoast_head":"<!-- This site is optimized with the Yoast SEO Premium plugin v24.7 (Yoast SEO v27.5) - https:\/\/yoast.com\/product\/yoast-seo-premium-wordpress\/ -->\n<title>Presentaci\u00f3n en Ja\u00e9n: Academia y galer\u00eda de arte sala 13 - Agata Joanna Kornacka<\/title>\n<meta name=\"description\" content=\"La palabra es la vida, as\u00ed ha comenzado la presentaci\u00f3n del poemario de la poeta de Polonia Agata Juanna kornacka, en la academia y galer\u00eda de arte sala 13 de la capital jiennense. El poemario Aqu\u00ed d\u00f3nde la ves, es una magn\u00edfica recopilaci\u00f3n de poemas cortos, con los que la poeta describe el amor y la existencia. El acto se ha convertido en una excelente tertulia literaria donde el p\u00fablico ha realizado una serie de preguntas a la autora. Finalmente el evento ha acabado con la lectura de poemas del libro por parte del grupo literario Oliversando.\" \/>\n<meta name=\"robots\" content=\"index, follow, max-snippet:-1, max-image-preview:large, max-video-preview:-1\" \/>\n<link rel=\"canonical\" href=\"https:\/\/nuestrosescritores.com\/agatajoannakornacka\/2020\/02\/18\/presentacion-en-jerez-academia-y-galeria-de-arte-sala-13\/\" \/>\n<meta property=\"og:locale\" content=\"es_ES\" \/>\n<meta property=\"og:type\" content=\"article\" \/>\n<meta property=\"og:title\" content=\"Presentaci\u00f3n en Ja\u00e9n: Academia y galer\u00eda de arte sala 13\" \/>\n<meta property=\"og:description\" content=\"La palabra es la vida, as\u00ed ha comenzado la presentaci\u00f3n del poemario de la poeta de Polonia Agata Juanna kornacka, en la academia y galer\u00eda de arte sala 13 de la capital jiennense. El poemario Aqu\u00ed d\u00f3nde la ves, es una magn\u00edfica recopilaci\u00f3n de poemas cortos, con los que la poeta describe el amor y la existencia. El acto se ha convertido en una excelente tertulia literaria donde el p\u00fablico ha realizado una serie de preguntas a la autora. Finalmente el evento ha acabado con la lectura de poemas del libro por parte del grupo literario Oliversando.\" \/>\n<meta property=\"og:url\" content=\"https:\/\/nuestrosescritores.com\/agatajoannakornacka\/2020\/02\/18\/presentacion-en-jerez-academia-y-galeria-de-arte-sala-13\/\" \/>\n<meta property=\"og:site_name\" content=\"Agata Joanna Kornacka\" \/>\n<meta property=\"article:published_time\" content=\"2020-02-18T11:58:49+00:00\" \/>\n<meta property=\"article:modified_time\" content=\"2020-02-18T12:10:50+00:00\" \/>\n<meta property=\"og:image\" content=\"https:\/\/nuestrosescritores.com\/agatajoannakornacka\/wp-content\/uploads\/sites\/4\/2020\/02\/WhatsApp-Image-2020-02-18-at-11.25.06-2-scaled.jpeg\" \/>\n\t<meta property=\"og:image:width\" content=\"1024\" \/>\n\t<meta property=\"og:image:height\" content=\"768\" \/>\n\t<meta property=\"og:image:type\" content=\"image\/jpeg\" \/>\n<meta name=\"author\" content=\"Javierpah\" \/>\n<meta name=\"twitter:card\" content=\"summary_large_image\" \/>\n<meta name=\"twitter:label1\" content=\"Escrito por\" \/>\n\t<meta name=\"twitter:data1\" content=\"Javierpah\" \/>\n\t<meta name=\"twitter:label2\" content=\"Tiempo de lectura\" \/>\n\t<meta name=\"twitter:data2\" content=\"1 minuto\" \/>\n<script type=\"application\/ld+json\" class=\"yoast-schema-graph\">{\"@context\":\"https:\\\/\\\/schema.org\",\"@graph\":[{\"@type\":\"Article\",\"@id\":\"https:\\\/\\\/nuestrosescritores.com\\\/agatajoannakornacka\\\/2020\\\/02\\\/18\\\/presentacion-en-jerez-academia-y-galeria-de-arte-sala-13\\\/#article\",\"isPartOf\":{\"@id\":\"https:\\\/\\\/nuestrosescritores.com\\\/agatajoannakornacka\\\/2020\\\/02\\\/18\\\/presentacion-en-jerez-academia-y-galeria-de-arte-sala-13\\\/\"},\"author\":{\"name\":\"Javierpah\",\"@id\":\"https:\\\/\\\/nuestrosescritores.com\\\/agatajoannakornacka\\\/#\\\/schema\\\/person\\\/eeae205ced613630f5aac210989ea6eb\"},\"headline\":\"Presentaci\u00f3n en Ja\u00e9n: Academia y galer\u00eda de arte sala 13\",\"datePublished\":\"2020-02-18T11:58:49+00:00\",\"dateModified\":\"2020-02-18T12:10:50+00:00\",\"mainEntityOfPage\":{\"@id\":\"https:\\\/\\\/nuestrosescritores.com\\\/agatajoannakornacka\\\/2020\\\/02\\\/18\\\/presentacion-en-jerez-academia-y-galeria-de-arte-sala-13\\\/\"},\"wordCount\":148,\"commentCount\":0,\"image\":{\"@id\":\"https:\\\/\\\/nuestrosescritores.com\\\/agatajoannakornacka\\\/2020\\\/02\\\/18\\\/presentacion-en-jerez-academia-y-galeria-de-arte-sala-13\\\/#primaryimage\"},\"thumbnailUrl\":\"https:\\\/\\\/nuestrosescritores.com\\\/agatajoannakornacka\\\/wp-content\\\/uploads\\\/sites\\\/4\\\/2020\\\/02\\\/WhatsApp-Image-2020-02-18-at-11.25.06-2-scaled.jpeg\",\"inLanguage\":\"es\",\"copyrightYear\":\"2020\",\"copyrightHolder\":{\"@id\":\"https:\\\/\\\/nuestrosescritores.com\\\/#organization\"}},{\"@type\":\"WebPage\",\"@id\":\"https:\\\/\\\/nuestrosescritores.com\\\/agatajoannakornacka\\\/2020\\\/02\\\/18\\\/presentacion-en-jerez-academia-y-galeria-de-arte-sala-13\\\/\",\"url\":\"https:\\\/\\\/nuestrosescritores.com\\\/agatajoannakornacka\\\/2020\\\/02\\\/18\\\/presentacion-en-jerez-academia-y-galeria-de-arte-sala-13\\\/\",\"name\":\"Presentaci\u00f3n en Ja\u00e9n: Academia y galer\u00eda de arte sala 13 - Agata Joanna Kornacka\",\"isPartOf\":{\"@id\":\"https:\\\/\\\/nuestrosescritores.com\\\/agatajoannakornacka\\\/#website\"},\"primaryImageOfPage\":{\"@id\":\"https:\\\/\\\/nuestrosescritores.com\\\/agatajoannakornacka\\\/2020\\\/02\\\/18\\\/presentacion-en-jerez-academia-y-galeria-de-arte-sala-13\\\/#primaryimage\"},\"image\":{\"@id\":\"https:\\\/\\\/nuestrosescritores.com\\\/agatajoannakornacka\\\/2020\\\/02\\\/18\\\/presentacion-en-jerez-academia-y-galeria-de-arte-sala-13\\\/#primaryimage\"},\"thumbnailUrl\":\"https:\\\/\\\/nuestrosescritores.com\\\/agatajoannakornacka\\\/wp-content\\\/uploads\\\/sites\\\/4\\\/2020\\\/02\\\/WhatsApp-Image-2020-02-18-at-11.25.06-2-scaled.jpeg\",\"datePublished\":\"2020-02-18T11:58:49+00:00\",\"dateModified\":\"2020-02-18T12:10:50+00:00\",\"author\":{\"@id\":\"https:\\\/\\\/nuestrosescritores.com\\\/agatajoannakornacka\\\/#\\\/schema\\\/person\\\/eeae205ced613630f5aac210989ea6eb\"},\"description\":\"La palabra es la vida, as\u00ed ha comenzado la presentaci\u00f3n del poemario de la poeta de Polonia Agata Juanna kornacka, en la academia y galer\u00eda de arte sala 13 de la capital jiennense. El poemario Aqu\u00ed d\u00f3nde la ves, es una magn\u00edfica recopilaci\u00f3n de poemas cortos, con los que la poeta describe el amor y la existencia. El acto se ha convertido en una excelente tertulia literaria donde el p\u00fablico ha realizado una serie de preguntas a la autora. Finalmente el evento ha acabado con la lectura de poemas del libro por parte del grupo literario Oliversando.\",\"breadcrumb\":{\"@id\":\"https:\\\/\\\/nuestrosescritores.com\\\/agatajoannakornacka\\\/2020\\\/02\\\/18\\\/presentacion-en-jerez-academia-y-galeria-de-arte-sala-13\\\/#breadcrumb\"},\"inLanguage\":\"es\",\"potentialAction\":[{\"@type\":\"ReadAction\",\"target\":[\"https:\\\/\\\/nuestrosescritores.com\\\/agatajoannakornacka\\\/2020\\\/02\\\/18\\\/presentacion-en-jerez-academia-y-galeria-de-arte-sala-13\\\/\"]}]},{\"@type\":\"ImageObject\",\"inLanguage\":\"es\",\"@id\":\"https:\\\/\\\/nuestrosescritores.com\\\/agatajoannakornacka\\\/2020\\\/02\\\/18\\\/presentacion-en-jerez-academia-y-galeria-de-arte-sala-13\\\/#primaryimage\",\"url\":\"https:\\\/\\\/nuestrosescritores.com\\\/agatajoannakornacka\\\/wp-content\\\/uploads\\\/sites\\\/4\\\/2020\\\/02\\\/WhatsApp-Image-2020-02-18-at-11.25.06-2-scaled.jpeg\",\"contentUrl\":\"https:\\\/\\\/nuestrosescritores.com\\\/agatajoannakornacka\\\/wp-content\\\/uploads\\\/sites\\\/4\\\/2020\\\/02\\\/WhatsApp-Image-2020-02-18-at-11.25.06-2-scaled.jpeg\",\"width\":1024,\"height\":768},{\"@type\":\"BreadcrumbList\",\"@id\":\"https:\\\/\\\/nuestrosescritores.com\\\/agatajoannakornacka\\\/2020\\\/02\\\/18\\\/presentacion-en-jerez-academia-y-galeria-de-arte-sala-13\\\/#breadcrumb\",\"itemListElement\":[{\"@type\":\"ListItem\",\"position\":1,\"name\":\"Portada\",\"item\":\"https:\\\/\\\/nuestrosescritores.com\\\/agatajoannakornacka\\\/\"},{\"@type\":\"ListItem\",\"position\":2,\"name\":\"Presentaci\u00f3n en Ja\u00e9n: Academia y galer\u00eda de arte sala 13\"}]},{\"@type\":\"WebSite\",\"@id\":\"https:\\\/\\\/nuestrosescritores.com\\\/agatajoannakornacka\\\/#website\",\"url\":\"https:\\\/\\\/nuestrosescritores.com\\\/agatajoannakornacka\\\/\",\"name\":\"Nuestros escritores\",\"description\":\"Escritora\",\"potentialAction\":[{\"@type\":\"SearchAction\",\"target\":{\"@type\":\"EntryPoint\",\"urlTemplate\":\"https:\\\/\\\/nuestrosescritores.com\\\/agatajoannakornacka\\\/?s={search_term_string}\"},\"query-input\":{\"@type\":\"PropertyValueSpecification\",\"valueRequired\":true,\"valueName\":\"search_term_string\"}}],\"inLanguage\":\"es\"},{\"@type\":\"Person\",\"@id\":\"https:\\\/\\\/nuestrosescritores.com\\\/agatajoannakornacka\\\/#\\\/schema\\\/person\\\/eeae205ced613630f5aac210989ea6eb\",\"name\":\"Javierpah\",\"image\":{\"@type\":\"ImageObject\",\"inLanguage\":\"es\",\"@id\":\"https:\\\/\\\/secure.gravatar.com\\\/avatar\\\/1cb55a5bd8d6824519e46b552e84b03575857cc9c4d6333824d2f95d82129f50?s=96&d=mm&r=g\",\"url\":\"https:\\\/\\\/secure.gravatar.com\\\/avatar\\\/1cb55a5bd8d6824519e46b552e84b03575857cc9c4d6333824d2f95d82129f50?s=96&d=mm&r=g\",\"contentUrl\":\"https:\\\/\\\/secure.gravatar.com\\\/avatar\\\/1cb55a5bd8d6824519e46b552e84b03575857cc9c4d6333824d2f95d82129f50?s=96&d=mm&r=g\",\"caption\":\"Javierpah\"}}]}<\/script>\n<!-- \/ Yoast SEO Premium plugin. -->","yoast_head_json":{"title":"Presentaci\u00f3n en Ja\u00e9n: Academia y galer\u00eda de arte sala 13 - Agata Joanna Kornacka","description":"La palabra es la vida, as\u00ed ha comenzado la presentaci\u00f3n del poemario de la poeta de Polonia Agata Juanna kornacka, en la academia y galer\u00eda de arte sala 13 de la capital jiennense. El poemario Aqu\u00ed d\u00f3nde la ves, es una magn\u00edfica recopilaci\u00f3n de poemas cortos, con los que la poeta describe el amor y la existencia. El acto se ha convertido en una excelente tertulia literaria donde el p\u00fablico ha realizado una serie de preguntas a la autora. Finalmente el evento ha acabado con la lectura de poemas del libro por parte del grupo literario Oliversando.","robots":{"index":"index","follow":"follow","max-snippet":"max-snippet:-1","max-image-preview":"max-image-preview:large","max-video-preview":"max-video-preview:-1"},"canonical":"https:\/\/nuestrosescritores.com\/agatajoannakornacka\/2020\/02\/18\/presentacion-en-jerez-academia-y-galeria-de-arte-sala-13\/","og_locale":"es_ES","og_type":"article","og_title":"Presentaci\u00f3n en Ja\u00e9n: Academia y galer\u00eda de arte sala 13","og_description":"La palabra es la vida, as\u00ed ha comenzado la presentaci\u00f3n del poemario de la poeta de Polonia Agata Juanna kornacka, en la academia y galer\u00eda de arte sala 13 de la capital jiennense. El poemario Aqu\u00ed d\u00f3nde la ves, es una magn\u00edfica recopilaci\u00f3n de poemas cortos, con los que la poeta describe el amor y la existencia. El acto se ha convertido en una excelente tertulia literaria donde el p\u00fablico ha realizado una serie de preguntas a la autora. Finalmente el evento ha acabado con la lectura de poemas del libro por parte del grupo literario Oliversando.","og_url":"https:\/\/nuestrosescritores.com\/agatajoannakornacka\/2020\/02\/18\/presentacion-en-jerez-academia-y-galeria-de-arte-sala-13\/","og_site_name":"Agata Joanna Kornacka","article_published_time":"2020-02-18T11:58:49+00:00","article_modified_time":"2020-02-18T12:10:50+00:00","og_image":[{"width":1024,"height":768,"url":"https:\/\/nuestrosescritores.com\/agatajoannakornacka\/wp-content\/uploads\/sites\/4\/2020\/02\/WhatsApp-Image-2020-02-18-at-11.25.06-2-scaled.jpeg","type":"image\/jpeg"}],"author":"Javierpah","twitter_card":"summary_large_image","twitter_misc":{"Escrito por":"Javierpah","Tiempo de lectura":"1 minuto"},"schema":{"@context":"https:\/\/schema.org","@graph":[{"@type":"Article","@id":"https:\/\/nuestrosescritores.com\/agatajoannakornacka\/2020\/02\/18\/presentacion-en-jerez-academia-y-galeria-de-arte-sala-13\/#article","isPartOf":{"@id":"https:\/\/nuestrosescritores.com\/agatajoannakornacka\/2020\/02\/18\/presentacion-en-jerez-academia-y-galeria-de-arte-sala-13\/"},"author":{"name":"Javierpah","@id":"https:\/\/nuestrosescritores.com\/agatajoannakornacka\/#\/schema\/person\/eeae205ced613630f5aac210989ea6eb"},"headline":"Presentaci\u00f3n en Ja\u00e9n: Academia y galer\u00eda de arte sala 13","datePublished":"2020-02-18T11:58:49+00:00","dateModified":"2020-02-18T12:10:50+00:00","mainEntityOfPage":{"@id":"https:\/\/nuestrosescritores.com\/agatajoannakornacka\/2020\/02\/18\/presentacion-en-jerez-academia-y-galeria-de-arte-sala-13\/"},"wordCount":148,"commentCount":0,"image":{"@id":"https:\/\/nuestrosescritores.com\/agatajoannakornacka\/2020\/02\/18\/presentacion-en-jerez-academia-y-galeria-de-arte-sala-13\/#primaryimage"},"thumbnailUrl":"https:\/\/nuestrosescritores.com\/agatajoannakornacka\/wp-content\/uploads\/sites\/4\/2020\/02\/WhatsApp-Image-2020-02-18-at-11.25.06-2-scaled.jpeg","inLanguage":"es","copyrightYear":"2020","copyrightHolder":{"@id":"https:\/\/nuestrosescritores.com\/#organization"}},{"@type":"WebPage","@id":"https:\/\/nuestrosescritores.com\/agatajoannakornacka\/2020\/02\/18\/presentacion-en-jerez-academia-y-galeria-de-arte-sala-13\/","url":"https:\/\/nuestrosescritores.com\/agatajoannakornacka\/2020\/02\/18\/presentacion-en-jerez-academia-y-galeria-de-arte-sala-13\/","name":"Presentaci\u00f3n en Ja\u00e9n: Academia y galer\u00eda de arte sala 13 - Agata Joanna Kornacka","isPartOf":{"@id":"https:\/\/nuestrosescritores.com\/agatajoannakornacka\/#website"},"primaryImageOfPage":{"@id":"https:\/\/nuestrosescritores.com\/agatajoannakornacka\/2020\/02\/18\/presentacion-en-jerez-academia-y-galeria-de-arte-sala-13\/#primaryimage"},"image":{"@id":"https:\/\/nuestrosescritores.com\/agatajoannakornacka\/2020\/02\/18\/presentacion-en-jerez-academia-y-galeria-de-arte-sala-13\/#primaryimage"},"thumbnailUrl":"https:\/\/nuestrosescritores.com\/agatajoannakornacka\/wp-content\/uploads\/sites\/4\/2020\/02\/WhatsApp-Image-2020-02-18-at-11.25.06-2-scaled.jpeg","datePublished":"2020-02-18T11:58:49+00:00","dateModified":"2020-02-18T12:10:50+00:00","author":{"@id":"https:\/\/nuestrosescritores.com\/agatajoannakornacka\/#\/schema\/person\/eeae205ced613630f5aac210989ea6eb"},"description":"La palabra es la vida, as\u00ed ha comenzado la presentaci\u00f3n del poemario de la poeta de Polonia Agata Juanna kornacka, en la academia y galer\u00eda de arte sala 13 de la capital jiennense. El poemario Aqu\u00ed d\u00f3nde la ves, es una magn\u00edfica recopilaci\u00f3n de poemas cortos, con los que la poeta describe el amor y la existencia. El acto se ha convertido en una excelente tertulia literaria donde el p\u00fablico ha realizado una serie de preguntas a la autora. Finalmente el evento ha acabado con la lectura de poemas del libro por parte del grupo literario Oliversando.","breadcrumb":{"@id":"https:\/\/nuestrosescritores.com\/agatajoannakornacka\/2020\/02\/18\/presentacion-en-jerez-academia-y-galeria-de-arte-sala-13\/#breadcrumb"},"inLanguage":"es","potentialAction":[{"@type":"ReadAction","target":["https:\/\/nuestrosescritores.com\/agatajoannakornacka\/2020\/02\/18\/presentacion-en-jerez-academia-y-galeria-de-arte-sala-13\/"]}]},{"@type":"ImageObject","inLanguage":"es","@id":"https:\/\/nuestrosescritores.com\/agatajoannakornacka\/2020\/02\/18\/presentacion-en-jerez-academia-y-galeria-de-arte-sala-13\/#primaryimage","url":"https:\/\/nuestrosescritores.com\/agatajoannakornacka\/wp-content\/uploads\/sites\/4\/2020\/02\/WhatsApp-Image-2020-02-18-at-11.25.06-2-scaled.jpeg","contentUrl":"https:\/\/nuestrosescritores.com\/agatajoannakornacka\/wp-content\/uploads\/sites\/4\/2020\/02\/WhatsApp-Image-2020-02-18-at-11.25.06-2-scaled.jpeg","width":1024,"height":768},{"@type":"BreadcrumbList","@id":"https:\/\/nuestrosescritores.com\/agatajoannakornacka\/2020\/02\/18\/presentacion-en-jerez-academia-y-galeria-de-arte-sala-13\/#breadcrumb","itemListElement":[{"@type":"ListItem","position":1,"name":"Portada","item":"https:\/\/nuestrosescritores.com\/agatajoannakornacka\/"},{"@type":"ListItem","position":2,"name":"Presentaci\u00f3n en Ja\u00e9n: Academia y galer\u00eda de arte sala 13"}]},{"@type":"WebSite","@id":"https:\/\/nuestrosescritores.com\/agatajoannakornacka\/#website","url":"https:\/\/nuestrosescritores.com\/agatajoannakornacka\/","name":"Nuestros escritores","description":"Escritora","potentialAction":[{"@type":"SearchAction","target":{"@type":"EntryPoint","urlTemplate":"https:\/\/nuestrosescritores.com\/agatajoannakornacka\/?s={search_term_string}"},"query-input":{"@type":"PropertyValueSpecification","valueRequired":true,"valueName":"search_term_string"}}],"inLanguage":"es"},{"@type":"Person","@id":"https:\/\/nuestrosescritores.com\/agatajoannakornacka\/#\/schema\/person\/eeae205ced613630f5aac210989ea6eb","name":"Javierpah","image":{"@type":"ImageObject","inLanguage":"es","@id":"https:\/\/secure.gravatar.com\/avatar\/1cb55a5bd8d6824519e46b552e84b03575857cc9c4d6333824d2f95d82129f50?s=96&d=mm&r=g","url":"https:\/\/secure.gravatar.com\/avatar\/1cb55a5bd8d6824519e46b552e84b03575857cc9c4d6333824d2f95d82129f50?s=96&d=mm&r=g","contentUrl":"https:\/\/secure.gravatar.com\/avatar\/1cb55a5bd8d6824519e46b552e84b03575857cc9c4d6333824d2f95d82129f50?s=96&d=mm&r=g","caption":"Javierpah"}}]}},"_links":{"self":[{"href":"https:\/\/nuestrosescritores.com\/agatajoannakornacka\/wp-json\/wp\/v2\/posts\/141","targetHints":{"allow":["GET"]}}],"collection":[{"href":"https:\/\/nuestrosescritores.com\/agatajoannakornacka\/wp-json\/wp\/v2\/posts"}],"about":[{"href":"https:\/\/nuestrosescritores.com\/agatajoannakornacka\/wp-json\/wp\/v2\/types\/post"}],"author":[{"embeddable":true,"href":"https:\/\/nuestrosescritores.com\/agatajoannakornacka\/wp-json\/wp\/v2\/users\/1"}],"replies":[{"embeddable":true,"href":"https:\/\/nuestrosescritores.com\/agatajoannakornacka\/wp-json\/wp\/v2\/comments?post=141"}],"version-history":[{"count":0,"href":"https:\/\/nuestrosescritores.com\/agatajoannakornacka\/wp-json\/wp\/v2\/posts\/141\/revisions"}],"wp:featuredmedia":[{"embeddable":true,"href":"https:\/\/nuestrosescritores.com\/agatajoannakornacka\/wp-json\/wp\/v2\/media\/148"}],"wp:attachment":[{"href":"https:\/\/nuestrosescritores.com\/agatajoannakornacka\/wp-json\/wp\/v2\/media?parent=141"}],"wp:term":[{"taxonomy":"category","embeddable":true,"href":"https:\/\/nuestrosescritores.com\/agatajoannakornacka\/wp-json\/wp\/v2\/categories?post=141"},{"taxonomy":"post_tag","embeddable":true,"href":"https:\/\/nuestrosescritores.com\/agatajoannakornacka\/wp-json\/wp\/v2\/tags?post=141"}],"curies":[{"name":"wp","href":"https:\/\/api.w.org\/{rel}","templated":true}]}}